{"id":24011,"date":"2022-11-10T15:09:42","date_gmt":"2022-11-10T18:09:42","guid":{"rendered":"https:\/\/radiorevelacionfm.cl\/?p=24011"},"modified":"2022-11-10T15:22:54","modified_gmt":"2022-11-10T18:22:54","slug":"en-discusion-de-presupuesto-2023-senador-sandoval-insiste-en-que-ruta-7-debe-ser-un-objetivo-de-estado","status":"publish","type":"post","link":"https:\/\/radiorevelacionfm.cl\/?p=24011","title":{"rendered":"En discusi\u00f3n de Presupuesto 2023, senador Sandoval insiste en que la Ruta 7 debe ser un objetivo de Estado"},"content":{"rendered":"<div class=\"flex_column av_one_full  flex_column_div av-zero-column-padding first  avia-builder-el-0  el_before_av_one_full  avia-builder-el-first  \" style='border-radius:0px; '><div  class='avia-image-container  av-styling-    avia-builder-el-1  avia-builder-el-no-sibling  avia-align-center '  itemprop=\"image\" itemscope=\"itemscope\" itemtype=\"https:\/\/schema.org\/ImageObject\"  ><div class='avia-image-container-inner'><div class='avia-image-overlay-wrap'><img decoding=\"async\" class='wp-image-24013 avia-img-lazy-loading-not-24013 avia_image' src=\"https:\/\/radiorevelacionfm.cl\/wp-content\/uploads\/2022\/11\/SENADOR-DAVID-SANDOVAL-2-2-1.jpg\" alt='' title='SENADOR DAVID SANDOVAL (2) (2) (1)' height=\"600\" width=\"1060\"  itemprop=\"thumbnailUrl\" srcset=\"https:\/\/radiorevelacionfm.cl\/wp-content\/uploads\/2022\/11\/SENADOR-DAVID-SANDOVAL-2-2-1.jpg 1060w, https:\/\/radiorevelacionfm.cl\/wp-content\/uploads\/2022\/11\/SENADOR-DAVID-SANDOVAL-2-2-1-300x170.jpg 300w, https:\/\/radiorevelacionfm.cl\/wp-content\/uploads\/2022\/11\/SENADOR-DAVID-SANDOVAL-2-2-1-1030x583.jpg 1030w, https:\/\/radiorevelacionfm.cl\/wp-content\/uploads\/2022\/11\/SENADOR-DAVID-SANDOVAL-2-2-1-768x435.jpg 768w, https:\/\/radiorevelacionfm.cl\/wp-content\/uploads\/2022\/11\/SENADOR-DAVID-SANDOVAL-2-2-1-705x399.jpg 705w, https:\/\/radiorevelacionfm.cl\/wp-content\/uploads\/2022\/11\/SENADOR-DAVID-SANDOVAL-2-2-1-600x340.jpg 600w\" sizes=\"(max-width: 1060px) 100vw, 1060px\" \/><\/div><\/div><\/div><\/div><div class=\"flex_column av_one_full  flex_column_div av-zero-column-padding first  avia-builder-el-2  el_after_av_one_full  el_before_av_one_full  column-top-margin\" style='border-radius:0px; '><section class=\"av_textblock_section \"  itemscope=\"itemscope\" itemtype=\"https:\/\/schema.org\/BlogPosting\" itemprop=\"blogPost\" ><div class='avia_textblock  '   itemprop=\"text\" ><p style=\"text-align: center;\"><strong><span style=\"font-size: 18pt;\">En discusi\u00f3n de Presupuesto 2023, senador Sandoval insiste en que la Ruta 7 debe ser un objetivo de Estado<\/span><\/strong><\/p>\n<div id=\"gtx-trans\" style=\"position: absolute; left: -50px; top: 4.31534px;\">\n<div class=\"gtx-trans-icon\"><\/div>\n<\/div>\n<\/div><\/section><\/div><div class=\"flex_column av_one_full  flex_column_div av-zero-column-padding first  avia-builder-el-4  el_after_av_one_full  el_before_av_hr  column-top-margin\" style='border-radius:0px; '><section class=\"av_textblock_section \"  itemscope=\"itemscope\" itemtype=\"https:\/\/schema.org\/BlogPosting\" itemprop=\"blogPost\" ><div class='avia_textblock  '   itemprop=\"text\" ><p style=\"text-align: justify;\">Durante la discusi\u00f3n, el parlamentario tambi\u00e9n plante\u00f3 su inquietud por contratos en riesgo entre empresas constructoras y el MOP, la necesidad de modificar los sistemas medianos en materia el\u00e9ctrica y la situaci\u00f3n que afecta a productores de lana en Ays\u00e9n<\/p>\n<p style=\"text-align: justify;\">\u201cLa ruta 7 debe ser un compromiso de Estado, pues es una irresponsabilidad no tener una provincia y una regi\u00f3n completa sin una conexi\u00f3n terrestre con el resto del pa\u00eds\u201d. As\u00ed lo manifest\u00f3 el senador David Sandoval, durante la discusi\u00f3n del Presupuesto 2023, oportunidad en que insisti\u00f3 en este tema.<\/p>\n<p style=\"text-align: justify;\">En ese sentido, el parlamentario record\u00f3 que el puente sobre el canal de Chacao tiene una inversi\u00f3n de aproximadamente 930 millones de d\u00f3lares, siendo una obra muy importante para la zona, pero donde el Gobierno Regional de Los Lagos no invierte sus recursos. \u00abY esto, pues se entendi\u00f3 que la conexi\u00f3n de la Isla de Chilo\u00e9 es un objetivo de Estado, es el pa\u00eds el que tiene que darle conectividad al territorio\u201d, indic\u00f3.<\/p>\n<p style=\"text-align: justify;\">Por lo mismo, reiter\u00f3 que la ruta 7 \u201cune a una provincia, como es Palena, y la regi\u00f3n de Ays\u00e9n\u201d, con el resto del pa\u00eds, enfatizando que con los mismos recursos que se invierte en el mencionado puente \u201cpodr\u00edamos pavimentar toda la ruta, desde Puerto Montt hasta Puerto Yungay\u201d, con la diferencia de que para esta carretera \u201cno tenemos el mismo compromiso de Estado\u201d, recordando que este tema lo plante\u00f3 en la subcomisi\u00f3n mixta de Presupuesto, hace algunas semanas, donde se analiz\u00f3 el tema junto al ministro de Obras P\u00fablicas, Juan Carlos Garc\u00eda.<\/p>\n<p style=\"text-align: justify;\">\u201cOjal\u00e1 se pueda considerar la construcci\u00f3n de la ruta 7\u201d, como un objetivo de Estado, recalc\u00f3 Sandoval, recordando que el Gobierno Regional de Ays\u00e9n \u201clleg\u00f3 a poner m\u00e1s 50% de los recursos de inversi\u00f3n (hoy es aproximadamente el 32%)\u201d. \u201cUnir a una provincia y regi\u00f3n completa significa una enorme porci\u00f3n del territorio continental de Chile\u201d, subray\u00f3.<\/p>\n<p style=\"text-align: justify;\"><strong>Agricultura, Energ\u00eda y contratos empresas constructoras<\/strong><\/p>\n<p style=\"text-align: justify;\">En relaci\u00f3n a la agricultura familiar campesina, Sandoval plante\u00f3 la urgencia de ver \u201chasta d\u00f3nde son eficientes los mecanismos que apuntan a mejorar las condiciones de estos sectores\u201d, recordando la situaci\u00f3n que viven peque\u00f1os productores de lana en la regi\u00f3n, cuyo producto lo tienen guardado en bodegas, por falta de mercado. \u00abEsperamos que haya alguna idea, dentro de los equipos t\u00e9cnicos del agro, para buscar un mecanismo alternativo.<\/p>\n<p style=\"text-align: justify;\">Respecto a la modificaci\u00f3n de los sistemas medianos de electricidad, el parlamentario espera que durante esta administraci\u00f3n se concrete finalmente esta iniciativa, lo que hab\u00eda sido un compromiso de la administraci\u00f3n anterior que no cumpli\u00f3. \u201cDurante el primer trimestre del pr\u00f3ximo a\u00f1o, el ministro de Energ\u00eda (Diego Pardow), se comprometi\u00f3 a presentar esta iniciativa\u201d, indic\u00f3.<\/p>\n<p style=\"text-align: justify;\">Por \u00faltimo, el legislador insisti\u00f3 en su inquietud por las obras con contratos con el MOP que se encuentran en riesgo de ejecuci\u00f3n, esperando exista soluci\u00f3n al problema, lo cual est\u00e1 asociado fundamentalmente al alza del costo de precio de los materiales de construcci\u00f3n. \u201cTodos recibimos por parte de la C\u00e1mara Chilena de la Construcci\u00f3n, un listado de alrededor de 370 obras, de contratos MOP, con riesgo de ejecuci\u00f3n. En la regi\u00f3n, son 23 contratos, donde algunos se han liquidado, generando no pocos problemas a peque\u00f1os prestadores locales tambi\u00e9n\u201d, concluy\u00f3.<\/p>\n<\/div><\/section><\/div><\/p>\n<div  style='height:50px' class='hr hr-invisible   avia-builder-el-6  el_after_av_one_full  el_before_av_social_share '><span class='hr-inner ' ><span class='hr-inner-style'><\/span><\/span><\/div>\n<div  class='av-social-sharing-box  avia-builder-el-7  el_after_av_hr  el_before_av_hr  '><div class='av-share-box'><h5 class='av-share-link-description av-no-toc '>Compartir esta noticia<\/h5><ul class='av-share-box-list noLightbox'><li class='av-share-link av-social-link-facebook' ><a target=\"_blank\" aria-label=\"Compartir en Facebook\" href='https:\/\/www.facebook.com\/sharer.php?u=https:\/\/radiorevelacionfm.cl\/?p=24011&#038;t=En%20discusi%C3%B3n%20de%20Presupuesto%202023%2C%20senador%20Sandoval%20insiste%20en%20que%20la%20Ruta%207%20debe%20ser%20un%20objetivo%20de%20Estado' aria-hidden='false' data-av_icon='\ue8f3' data-av_iconfont='entypo-fontello' title='' data-avia-related-tooltip='Compartir en Facebook' rel=\"noopener\"><span class='avia_hidden_link_text'>Compartir en Facebook<\/span><\/a><\/li><li class='av-share-link av-social-link-twitter' ><a target=\"_blank\" aria-label=\"Compartir en Twitter\" href='https:\/\/twitter.com\/share?text=En%20discusi%C3%B3n%20de%20Presupuesto%202023%2C%20senador%20Sandoval%20insiste%20en%20que%20la%20Ruta%207%20debe%20ser%20un%20objetivo%20de%20Estado&#038;url=https:\/\/radiorevelacionfm.cl\/?p=24011' aria-hidden='false' data-av_icon='\ue8f1' data-av_iconfont='entypo-fontello' title='' data-avia-related-tooltip='Compartir en Twitter' rel=\"noopener\"><span class='avia_hidden_link_text'>Compartir en Twitter<\/span><\/a><\/li><li class='av-share-link av-social-link-whatsapp' ><a target=\"_blank\" aria-label=\"Compartir en Whatsapp\" href='https:\/\/api.whatsapp.com\/send?text=https:\/\/radiorevelacionfm.cl\/?p=24011' aria-hidden='false' data-av_icon='\uf232' data-av_iconfont='entypo-fontello' title='' data-avia-related-tooltip='Compartir en Whatsapp' rel=\"noopener\"><span class='avia_hidden_link_text'>Compartir en Whatsapp<\/span><\/a><\/li><li class='av-share-link av-social-link-linkedin' ><a target=\"_blank\" aria-label=\"Compartir en LinkedIn\" href='https:\/\/linkedin.com\/shareArticle?mini=true&#038;title=En%20discusi%C3%B3n%20de%20Presupuesto%202023%2C%20senador%20Sandoval%20insiste%20en%20que%20la%20Ruta%207%20debe%20ser%20un%20objetivo%20de%20Estado&#038;url=https:\/\/radiorevelacionfm.cl\/?p=24011' aria-hidden='false' data-av_icon='\ue8fc' data-av_iconfont='entypo-fontello' title='' data-avia-related-tooltip='Compartir en LinkedIn' rel=\"noopener\"><span class='avia_hidden_link_text'>Compartir en LinkedIn<\/span><\/a><\/li><li class='av-share-link av-social-link-mail' ><a  aria-label=\"Compartir por correo\" href='mailto:?subject=En%20discusi%C3%B3n%20de%20Presupuesto%202023%2C%20senador%20Sandoval%20insiste%20en%20que%20la%20Ruta%207%20debe%20ser%20un%20objetivo%20de%20Estado&#038;body=https:\/\/radiorevelacionfm.cl\/?p=24011' aria-hidden='false' data-av_icon='\ue805' data-av_iconfont='entypo-fontello' title='' data-avia-related-tooltip='Compartir por correo'><span class='avia_hidden_link_text'>Compartir por correo<\/span><\/a><\/li><\/ul><\/div><\/div>\n<div  style='height:50px' class='hr hr-invisible   avia-builder-el-8  el_after_av_social_share  el_before_av_comments_list '><span class='hr-inner ' ><span class='hr-inner-style'><\/span><\/span><\/div>\n<div  class='av-buildercomment  av-blog-meta-html-info-disabled av-blog-meta-tag-disabled  '><\/div>\n","protected":false},"excerpt":{"rendered":"","protected":false},"author":1,"featured_media":24013,"comment_status":"open","ping_status":"open","sticky":false,"template":"","format":"standard","meta":{"footnotes":""},"categories":[35],"tags":[],"class_list":["post-24011","post","type-post","status-publish","format-standard","has-post-thumbnail","hentry","category-politica"],"jetpack_featured_media_url":"https:\/\/radiorevelacionfm.cl\/wp-content\/uploads\/2022\/11\/SENADOR-DAVID-SANDOVAL-2-2-1.jpg","_links":{"self":[{"href":"https:\/\/radiorevelacionfm.cl\/index.php?rest_route=\/wp\/v2\/posts\/24011","targetHints":{"allow":["GET"]}}],"collection":[{"href":"https:\/\/radiorevelacionfm.cl\/index.php?rest_route=\/wp\/v2\/posts"}],"about":[{"href":"https:\/\/radiorevelacionfm.cl\/index.php?rest_route=\/wp\/v2\/types\/post"}],"author":[{"embeddable":true,"href":"https:\/\/radiorevelacionfm.cl\/index.php?rest_route=\/wp\/v2\/users\/1"}],"replies":[{"embeddable":true,"href":"https:\/\/radiorevelacionfm.cl\/index.php?rest_route=%2Fwp%2Fv2%2Fcomments&post=24011"}],"version-history":[{"count":3,"href":"https:\/\/radiorevelacionfm.cl\/index.php?rest_route=\/wp\/v2\/posts\/24011\/revisions"}],"predecessor-version":[{"id":24015,"href":"https:\/\/radiorevelacionfm.cl\/index.php?rest_route=\/wp\/v2\/posts\/24011\/revisions\/24015"}],"wp:featuredmedia":[{"embeddable":true,"href":"https:\/\/radiorevelacionfm.cl\/index.php?rest_route=\/wp\/v2\/media\/24013"}],"wp:attachment":[{"href":"https:\/\/radiorevelacionfm.cl\/index.php?rest_route=%2Fwp%2Fv2%2Fmedia&parent=24011"}],"wp:term":[{"taxonomy":"category","embeddable":true,"href":"https:\/\/radiorevelacionfm.cl\/index.php?rest_route=%2Fwp%2Fv2%2Fcategories&post=24011"},{"taxonomy":"post_tag","embeddable":true,"href":"https:\/\/radiorevelacionfm.cl\/index.php?rest_route=%2Fwp%2Fv2%2Ftags&post=24011"}],"curies":[{"name":"wp","href":"https:\/\/api.w.org\/{rel}","templated":true}]}}