{"id":24005,"date":"2022-11-10T09:52:09","date_gmt":"2022-11-10T12:52:09","guid":{"rendered":"https:\/\/radiorevelacionfm.cl\/?p=24005"},"modified":"2022-11-10T09:52:09","modified_gmt":"2022-11-10T12:52:09","slug":"firma-de-convenio-permitira-materializar-diseno-de-establecimiento-educacional-en-melinka","status":"publish","type":"post","link":"https:\/\/radiorevelacionfm.cl\/?p=24005","title":{"rendered":"Firma de convenio permitir\u00e1 materializar dise\u00f1o de establecimiento educacional en Melinka"},"content":{"rendered":"<div class=\"flex_column av_one_full  flex_column_div av-zero-column-padding first  avia-builder-el-0  el_before_av_one_full  avia-builder-el-first  \" style='border-radius:0px; '><div  class='avia-image-container  av-styling-    avia-builder-el-1  avia-builder-el-no-sibling  avia-align-center '  itemprop=\"image\" itemscope=\"itemscope\" itemtype=\"https:\/\/schema.org\/ImageObject\"  ><div class='avia-image-container-inner'><div class='avia-image-overlay-wrap'><img decoding=\"async\" class='wp-image-24006 avia-img-lazy-loading-not-24006 avia_image' src=\"https:\/\/radiorevelacionfm.cl\/wp-content\/uploads\/2022\/11\/arquitectura-melinka-deef-2-1-1.jpg\" alt='' title='arquitectura-melinka-deef-2 (1) (1)' height=\"600\" width=\"1081\"  itemprop=\"thumbnailUrl\" srcset=\"https:\/\/radiorevelacionfm.cl\/wp-content\/uploads\/2022\/11\/arquitectura-melinka-deef-2-1-1.jpg 1081w, https:\/\/radiorevelacionfm.cl\/wp-content\/uploads\/2022\/11\/arquitectura-melinka-deef-2-1-1-300x167.jpg 300w, https:\/\/radiorevelacionfm.cl\/wp-content\/uploads\/2022\/11\/arquitectura-melinka-deef-2-1-1-1030x572.jpg 1030w, https:\/\/radiorevelacionfm.cl\/wp-content\/uploads\/2022\/11\/arquitectura-melinka-deef-2-1-1-768x426.jpg 768w, https:\/\/radiorevelacionfm.cl\/wp-content\/uploads\/2022\/11\/arquitectura-melinka-deef-2-1-1-705x391.jpg 705w, https:\/\/radiorevelacionfm.cl\/wp-content\/uploads\/2022\/11\/arquitectura-melinka-deef-2-1-1-600x333.jpg 600w\" sizes=\"(max-width: 1081px) 100vw, 1081px\" \/><\/div><\/div><\/div><\/div><div class=\"flex_column av_one_full  flex_column_div av-zero-column-padding first  avia-builder-el-2  el_after_av_one_full  el_before_av_one_full  column-top-margin\" style='border-radius:0px; '><section class=\"av_textblock_section \"  itemscope=\"itemscope\" itemtype=\"https:\/\/schema.org\/BlogPosting\" itemprop=\"blogPost\" ><div class='avia_textblock  '   itemprop=\"text\" ><p style=\"text-align: center;\"><strong><span style=\"font-size: 18pt;\">Firma de convenio permitir\u00e1 materializar dise\u00f1o de establecimiento educacional en Melinka<\/span><\/strong><\/p>\n<div id=\"gtx-trans\" style=\"position: absolute; left: -50px; top: 4.31534px;\">\n<div class=\"gtx-trans-icon\"><\/div>\n<\/div>\n<\/div><\/section><\/div><div class=\"flex_column av_one_full  flex_column_div av-zero-column-padding first  avia-builder-el-4  el_after_av_one_full  el_before_av_hr  column-top-margin\" style='border-radius:0px; '><section class=\"av_textblock_section \"  itemscope=\"itemscope\" itemtype=\"https:\/\/schema.org\/BlogPosting\" itemprop=\"blogPost\" ><div class='avia_textblock  '   itemprop=\"text\" ><p style=\"text-align: justify;\">Hasta Coyhaique viaj\u00f3 esta semana el Alcalde de la Ilustre Municipalidad de Las Guaitecas Marcos Silva Miranda para firmar Convenio Mandato con la Direcci\u00f3n Regional de Arquitectura del Ministerio de Obras P\u00fablicas y efectuar el Dise\u00f1o de reposici\u00f3n del Establecimiento Educacional de Melinka.<\/p>\n<p style=\"text-align: justify;\">\u201cEsta iniciativa se sustenta bajo la pol\u00edtica educativa del \u201cPlan Estrat\u00e9gico de Infraestructura Escolar\u201d para el fortalecimiento de la educaci\u00f3n p\u00fablica (FEP), que impulsa el gobierno del presidente Gabriel Boric en beneficio de los y las estudiantes, y tiene como objetivo aumentar la eficiencia del sistema educativo, generando primero un Dise\u00f1o y posteriormente construir una infraestructura que brinde las mejores condiciones f\u00edsicas para que las ni\u00f1as y ni\u00f1os puedan crecer, desarrollarse y los docentes impartir conocimientos a p\u00e1rvulos y ense\u00f1anza b\u00e1sica y media. Esto tiene mucho que ver con la descentralizaci\u00f3n que queremos dar a la inversi\u00f3n y a nuestro trabajo, lo que es tambi\u00e9n un sello de nuestro gobierno a quien representamos y siempre es muy agradable poder trabajar con una comuna tan querida para nosotros\u201d, afirm\u00f3 el SEREMI del MOP.<\/p>\n<p style=\"text-align: justify;\">Hoy el Liceo de Melinka cuenta con una matr\u00edcula de 374 alumnos, pero se estima que la matr\u00edcula demandada para el a\u00f1o 2042 ser\u00e1 del orden de los 422 alumnos, por eso en nuestro Gobierno nos estamos adelantando y hemos impulsado esta iniciativa dando el primer paso con la ejecuci\u00f3n del Dise\u00f1o que permitir\u00e1 que en el futuro los ni\u00f1os y ni\u00f1as en Melinka puedan contar con la infraestructura adecuada para estudiar en \u00f3ptimas condiciones, dijo Patricio Sanhueza.<\/p>\n<p style=\"text-align: justify;\">Por su parte, el Alcalde de la comuna de Las Guaitecas destac\u00f3 y agradeci\u00f3 a todos y todas esta iniciativa que es para el futuro de la gente de la comuna y de la regi\u00f3n, e indic\u00f3 que espera que este pueda ser un Liceo tan potente que les permita poder contar con alumnos de otros lugares de la regi\u00f3n, y agreg\u00f3: \u201cEs grato poner en valor y hacer justicia en el \u00e1mbito de la inversi\u00f3n local. Hoy d\u00eda y despu\u00e9s de dos a\u00f1os de agon\u00eda de poder tener los recursos para poder llevar adelante esta iniciativa que viene a dar realce a la educaci\u00f3n. Y cuando hablamos que la educaci\u00f3n es importante, tambi\u00e9n es importante tener una buena infraestructura y que Dios nos permita tener a estos ni\u00f1os con mayores espacios y sobretodo en comunas como la nuestra en donde buscamos incluso hoy d\u00eda que nuestro Liceo se transforme en un Liceo T\u00e9cnico. Ese es un anhelo de este Alcalde, es un anhelo tambi\u00e9n de nuestra gente de ser competitivos con las dem\u00e1s comunas que nos rodean\u201d.<\/p>\n<p style=\"text-align: justify;\">La Directora Regional de Arquitectura del MOP Paola Az\u00f3car, indic\u00f3 que \u201cestamos hoy d\u00eda convocados a ser parte de este gran proyecto que present\u00f3 el Alcalde de la comuna de Las Guaitecas y como Unidad T\u00e9cnica nos hacemos cargo de llevar la etapa de Dise\u00f1o de este proyecto durante el pr\u00f3ximo a\u00f1o lo que va a durar entre 8 y 10 meses. Este Dise\u00f1o contempla desarrollar espacios para los tres niveles educativos en donde est\u00e1n congregados la educaci\u00f3n pre-b\u00e1sica, b\u00e1sica, media en un nuevo lugar. Hoy el Liceo funciona en un lugar muy cerca de la playa y por lo tanto, fue diagnosticado como zona de riesgo, por lo que surge la necesidad de reubicarlo. Esta nueva localizaci\u00f3n se proyecta en un sector m\u00e1s alto de Melinka ubicado en calle Mirador S\/N en un terreno concesionado de Bienes Nacionales, con cerca de 15 mil m2 a disposici\u00f3n y el Dise\u00f1o se concentra en 4.671 m2. Es una consultor\u00eda de Dise\u00f1o que considera 14 salas de clases y otros programas arquitect\u00f3nicos definidos para este establecimiento Educacional en donde lo relevante es que esta Consultor\u00eda puede ser llevada a cabo por un grupo Consultor que se acerque a la comunidad y nosotros vamos a prever que sea con una participaci\u00f3n ciudadana acorde a las caracter\u00edsticas de la localidad. Nos vamos a trasladar a Melinka para hacer los Talleres de Participaci\u00f3n Ciudadana y tambi\u00e9n vamos a realizar talleres de participaci\u00f3n ciudadana con los equipos t\u00e9cnicos en Coyhaique con todos los entes involucrados para financiar la etapa de ejecuci\u00f3n de la obra\u201d.<\/p>\n<p style=\"text-align: justify;\">El Dise\u00f1o del recinto educacional de Melinka considera construir acorde a los nuevos est\u00e1ndares de calidad de la nueva educaci\u00f3n p\u00fablica definidas en el marco de la FEP del Ministerio de Educaci\u00f3n y tiene una proyecci\u00f3n de 20 a\u00f1os, e incluye \u00e1rea administrativa, \u00e1rea docente, \u00e1rea de servicios y comedor, gimnasio y bodega de equipamiento deportivo, patio de servicio techado, 16 estacionamientos incluido uno para personas en situaci\u00f3n de discapacidad, patio cubierto y descubierto, sala de taller, laboratorio, entre otros, consolidando con ello la cobertura del servicio educativo y asegurando la entrega de los contenidos educativos en una infraestructura m\u00e1s eficiente, disminuyendo los costos asociados a mantenci\u00f3n, reparaci\u00f3n y reposici\u00f3n de la infraestructura existente, para dotar de mejores condiciones de habitabilidad y clima de convivencia escolar.<\/p>\n<p style=\"text-align: justify;\">El Coordinador del Departamento de Planificaci\u00f3n y Presupuesto de la Secretar\u00eda Regional Ministerial de Educaci\u00f3n, Claudio Rivera Zbinden se\u00f1al\u00f3 \u201cPara nosotros es s\u00faper importante relevar la educaci\u00f3n p\u00fablica. Hoy d\u00eda, como dec\u00eda el SEREMI, es un mandato importante del presidente relevar la educaci\u00f3n p\u00fablica y es importante tambi\u00e9n indicar que este proyecto est\u00e1 financiado poco m\u00e1s del 70%\u00a0 por la Direcci\u00f3n de Educaci\u00f3n P\u00fablica y eso es algo bueno, en el sentido de que\u00a0 los est\u00e1ndares que pone la Direcci\u00f3n de Educaci\u00f3n P\u00fablica son superiores a los est\u00e1ndares normales de cualquier otro Servicio P\u00fablico, eso quiere decir que garantiza de alguna otra manera que esta construcci\u00f3n va a ser de un buen est\u00e1ndar de calidad. Conversando con el Alcalde es bueno tambi\u00e9n mencionar que vamos a tener que hacer algunas adecuaciones al proyecto, porque desde el sostenedor -que en este caso es el Alcalde- est\u00e1 la intenci\u00f3n de convertir este Liceo en un Liceo T\u00e9cnico-Profesional, lo que es una noticia s\u00faper relevante para la comunidad y en la cual nuestros equipos ya est\u00e1n trabajando con la Municipalidad para poder concretar este proceso para tambi\u00e9n considerarlo en la etapa de Dise\u00f1o\u201d.<\/p>\n<p style=\"text-align: justify;\">Oscar del Solar, representante de la Gobernadora de la Regi\u00f3n de Ays\u00e9n se\u00f1al\u00f3 \u201cel lugar en donde se nace no tiene por qu\u00e9 condicionar nuestras oportunidades de desarrollo y eso se hace carne en este ejemplo de estar aprobando un financiamiento para este Complejo Educacional en esta etapa de Dise\u00f1o en primera instancia. Como Gobierno Regional siempre hemos estado preocupados por el desarrollo de la infraestructura educacional en distintas l\u00edneas y este viernes en sesi\u00f3n plenaria se pasa tambi\u00e9n para su aprobaci\u00f3n la Escuela Despertar Ays\u00e9n\u201d.<\/p>\n<p style=\"text-align: justify;\">La inversi\u00f3n total en este Dise\u00f1o es de $205 millones aportando $150 millones la Direcci\u00f3n de Educaci\u00f3n P\u00fablica quien ya traspas\u00f3 parte de ello a la Municipalidad de Las Guaitecas y del Gobierno Regional de Ays\u00e9n quienes financian los otros $55 millones. La Unidad T\u00e9cnica que es mandatada por la Municipalidad de Las Guaitecas para la licitaci\u00f3n y ejecuci\u00f3n de este Dise\u00f1o, es la Direcci\u00f3n Regional de Arquitectura del Ministerio de Obras P\u00fablicas, raz\u00f3n por la que hoy se efectu\u00f3 la firma del Convenio correspondiente. En esta oportunidad, tambi\u00e9n acompa\u00f1aron la firma de este Convenio el Delegado Presidencial de la Provincia de Ays\u00e9n, Jorge Salfate y la Secretaria Regional Ministerial de Desarrollo Social y Familia, Karina Acevedo.<\/p>\n<\/div><\/section><\/div><div  style='height:50px' class='hr hr-invisible   avia-builder-el-6  el_after_av_one_full  el_before_av_social_share '><span class='hr-inner ' ><span class='hr-inner-style'><\/span><\/span><\/div><\/p>\n<div  class='av-social-sharing-box  avia-builder-el-7  el_after_av_hr  el_before_av_hr  '><div class='av-share-box'><h5 class='av-share-link-description av-no-toc '>Compartir esta noticia<\/h5><ul class='av-share-box-list noLightbox'><li class='av-share-link av-social-link-facebook' ><a target=\"_blank\" aria-label=\"Compartir en Facebook\" href='https:\/\/www.facebook.com\/sharer.php?u=https:\/\/radiorevelacionfm.cl\/?p=24005&#038;t=Firma%20de%20convenio%20permitir%C3%A1%20materializar%20dise%C3%B1o%20de%20establecimiento%20educacional%20en%20Melinka' aria-hidden='false' data-av_icon='\ue8f3' data-av_iconfont='entypo-fontello' title='' data-avia-related-tooltip='Compartir en Facebook' rel=\"noopener\"><span class='avia_hidden_link_text'>Compartir en Facebook<\/span><\/a><\/li><li class='av-share-link av-social-link-twitter' ><a target=\"_blank\" aria-label=\"Compartir en Twitter\" href='https:\/\/twitter.com\/share?text=Firma%20de%20convenio%20permitir%C3%A1%20materializar%20dise%C3%B1o%20de%20establecimiento%20educacional%20en%20Melinka&#038;url=https:\/\/radiorevelacionfm.cl\/?p=24005' aria-hidden='false' data-av_icon='\ue8f1' data-av_iconfont='entypo-fontello' title='' data-avia-related-tooltip='Compartir en Twitter' rel=\"noopener\"><span class='avia_hidden_link_text'>Compartir en Twitter<\/span><\/a><\/li><li class='av-share-link av-social-link-whatsapp' ><a target=\"_blank\" aria-label=\"Compartir en Whatsapp\" href='https:\/\/api.whatsapp.com\/send?text=https:\/\/radiorevelacionfm.cl\/?p=24005' aria-hidden='false' data-av_icon='\uf232' data-av_iconfont='entypo-fontello' title='' data-avia-related-tooltip='Compartir en Whatsapp' rel=\"noopener\"><span class='avia_hidden_link_text'>Compartir en Whatsapp<\/span><\/a><\/li><li class='av-share-link av-social-link-linkedin' ><a target=\"_blank\" aria-label=\"Compartir en LinkedIn\" href='https:\/\/linkedin.com\/shareArticle?mini=true&#038;title=Firma%20de%20convenio%20permitir%C3%A1%20materializar%20dise%C3%B1o%20de%20establecimiento%20educacional%20en%20Melinka&#038;url=https:\/\/radiorevelacionfm.cl\/?p=24005' aria-hidden='false' data-av_icon='\ue8fc' data-av_iconfont='entypo-fontello' title='' data-avia-related-tooltip='Compartir en LinkedIn' rel=\"noopener\"><span class='avia_hidden_link_text'>Compartir en LinkedIn<\/span><\/a><\/li><li class='av-share-link av-social-link-mail' ><a  aria-label=\"Compartir por correo\" href='mailto:?subject=Firma%20de%20convenio%20permitir%C3%A1%20materializar%20dise%C3%B1o%20de%20establecimiento%20educacional%20en%20Melinka&#038;body=https:\/\/radiorevelacionfm.cl\/?p=24005' aria-hidden='false' data-av_icon='\ue805' data-av_iconfont='entypo-fontello' title='' data-avia-related-tooltip='Compartir por correo'><span class='avia_hidden_link_text'>Compartir por correo<\/span><\/a><\/li><\/ul><\/div><\/div>\n<div  style='height:50px' class='hr hr-invisible   avia-builder-el-8  el_after_av_social_share  el_before_av_comments_list '><span class='hr-inner ' ><span class='hr-inner-style'><\/span><\/span><\/div>\n<div  class='av-buildercomment  av-blog-meta-html-info-disabled av-blog-meta-tag-disabled  '><\/div>\n","protected":false},"excerpt":{"rendered":"","protected":false},"author":1,"featured_media":24006,"comment_status":"open","ping_status":"open","sticky":false,"template":"","format":"standard","meta":{"footnotes":""},"categories":[38],"tags":[],"class_list":["post-24005","post","type-post","status-publish","format-standard","has-post-thumbnail","hentry","category-regional"],"jetpack_featured_media_url":"https:\/\/radiorevelacionfm.cl\/wp-content\/uploads\/2022\/11\/arquitectura-melinka-deef-2-1-1.jpg","_links":{"self":[{"href":"https:\/\/radiorevelacionfm.cl\/index.php?rest_route=\/wp\/v2\/posts\/24005","targetHints":{"allow":["GET"]}}],"collection":[{"href":"https:\/\/radiorevelacionfm.cl\/index.php?rest_route=\/wp\/v2\/posts"}],"about":[{"href":"https:\/\/radiorevelacionfm.cl\/index.php?rest_route=\/wp\/v2\/types\/post"}],"author":[{"embeddable":true,"href":"https:\/\/radiorevelacionfm.cl\/index.php?rest_route=\/wp\/v2\/users\/1"}],"replies":[{"embeddable":true,"href":"https:\/\/radiorevelacionfm.cl\/index.php?rest_route=%2Fwp%2Fv2%2Fcomments&post=24005"}],"version-history":[{"count":2,"href":"https:\/\/radiorevelacionfm.cl\/index.php?rest_route=\/wp\/v2\/posts\/24005\/revisions"}],"predecessor-version":[{"id":24008,"href":"https:\/\/radiorevelacionfm.cl\/index.php?rest_route=\/wp\/v2\/posts\/24005\/revisions\/24008"}],"wp:featuredmedia":[{"embeddable":true,"href":"https:\/\/radiorevelacionfm.cl\/index.php?rest_route=\/wp\/v2\/media\/24006"}],"wp:attachment":[{"href":"https:\/\/radiorevelacionfm.cl\/index.php?rest_route=%2Fwp%2Fv2%2Fmedia&parent=24005"}],"wp:term":[{"taxonomy":"category","embeddable":true,"href":"https:\/\/radiorevelacionfm.cl\/index.php?rest_route=%2Fwp%2Fv2%2Fcategories&post=24005"},{"taxonomy":"post_tag","embeddable":true,"href":"https:\/\/radiorevelacionfm.cl\/index.php?rest_route=%2Fwp%2Fv2%2Ftags&post=24005"}],"curies":[{"name":"wp","href":"https:\/\/api.w.org\/{rel}","templated":true}]}}