{"id":23995,"date":"2022-11-10T11:59:36","date_gmt":"2022-11-10T14:59:36","guid":{"rendered":"https:\/\/radiorevelacionfm.cl\/?p=23995"},"modified":"2022-11-10T11:59:36","modified_gmt":"2022-11-10T14:59:36","slug":"desarrollan-segunda-actividad-de-hermanos-todos-en-chile-chico","status":"publish","type":"post","link":"https:\/\/radiorevelacionfm.cl\/?p=23995","title":{"rendered":"Desarrollan segunda actividad de \u201cHermanos, todos\u201d en Chile Chico"},"content":{"rendered":"<div class=\"flex_column av_one_full  flex_column_div av-zero-column-padding first  avia-builder-el-0  el_before_av_one_full  avia-builder-el-first  \" style='border-radius:0px; '><div  class='avia-image-container  av-styling-    avia-builder-el-1  avia-builder-el-no-sibling  avia-align-center '  itemprop=\"image\" itemscope=\"itemscope\" itemtype=\"https:\/\/schema.org\/ImageObject\"  ><div class='avia-image-container-inner'><div class='avia-image-overlay-wrap'><img decoding=\"async\" class='wp-image-23996 avia-img-lazy-loading-not-23996 avia_image' src=\"https:\/\/radiorevelacionfm.cl\/wp-content\/uploads\/2022\/11\/08-2-1-1.jpg\" alt='' title='08 (2) (1) (1)' height=\"600\" width=\"803\"  itemprop=\"thumbnailUrl\" srcset=\"https:\/\/radiorevelacionfm.cl\/wp-content\/uploads\/2022\/11\/08-2-1-1.jpg 803w, https:\/\/radiorevelacionfm.cl\/wp-content\/uploads\/2022\/11\/08-2-1-1-300x224.jpg 300w, https:\/\/radiorevelacionfm.cl\/wp-content\/uploads\/2022\/11\/08-2-1-1-768x574.jpg 768w, https:\/\/radiorevelacionfm.cl\/wp-content\/uploads\/2022\/11\/08-2-1-1-705x527.jpg 705w, https:\/\/radiorevelacionfm.cl\/wp-content\/uploads\/2022\/11\/08-2-1-1-600x448.jpg 600w\" sizes=\"(max-width: 803px) 100vw, 803px\" \/><\/div><\/div><\/div><\/div><div class=\"flex_column av_one_full  flex_column_div av-zero-column-padding first  avia-builder-el-2  el_after_av_one_full  el_before_av_one_full  column-top-margin\" style='border-radius:0px; '><section class=\"av_textblock_section \"  itemscope=\"itemscope\" itemtype=\"https:\/\/schema.org\/BlogPosting\" itemprop=\"blogPost\" ><div class='avia_textblock  '   itemprop=\"text\" ><p style=\"text-align: center;\"><strong><span style=\"font-size: 18pt;\">Desarrollan segunda actividad de \u201cHermanos, todos\u201d en Chile Chico<\/span><\/strong><\/p>\n<div id=\"gtx-trans\" style=\"position: absolute; left: -50px; top: 4.31534px;\">\n<div class=\"gtx-trans-icon\"><\/div>\n<\/div>\n<\/div><\/section><\/div><div class=\"flex_column av_one_full  flex_column_div av-zero-column-padding first  avia-builder-el-4  el_after_av_one_full  el_before_av_hr  column-top-margin\" style='border-radius:0px; '><section class=\"av_textblock_section \"  itemscope=\"itemscope\" itemtype=\"https:\/\/schema.org\/BlogPosting\" itemprop=\"blogPost\" ><div class='avia_textblock  '   itemprop=\"text\" ><p style=\"font-weight: 400; text-align: justify;\">La segunda actividad presencial del proyecto \u201cAys\u00e9n, hermanos todos\u201d se realiz\u00f3 en la localidad de Chile Chico con activa presencia de la comunidad cristiana; representantes pol\u00edticos, sociales, vecinales, culturales, armada y bomberos en la senda de la \u201cfraternidad y la amistad social\u201d.<\/p>\n<p style=\"font-weight: 400; text-align: justify;\">A esta bella ciudad, a orillas del majestuoso lago General Carrera, lleg\u00f3 el equipo de \u201cAys\u00e9n, hermanos todos\u201d coordinado por Hernaldo Saldivia, encargado de la Pastoral de la Cultura, junto a Ricardo G\u00f3mez y Pl\u00e1cido Ferracini, quienes fueron los expositores en esta fraternal cita.<\/p>\n<p style=\"font-weight: 400; text-align: justify;\">Tras participar en el encuentro Lily Trivi\u00f1o, agente pastoral de Chile Chico, comparti\u00f3 que esta instancia \u201cfue muy bonita, con temas muy bien expuestos; sobre todo desde la par\u00e1bola del \u201cBuen Samaritano\u201d. Creo que lo que m\u00e1s nos ocurre en la vida es ser \u201cel herido en el camino\u201d. Esta fue una buena manera de reflexionar c\u00f3mo estamos con los otros; lo que a veces es muy dif\u00edcil porque somos humanos; pasamos de largo o somos \u00abel bandido\u201d.<\/p>\n<p style=\"font-weight: 400; text-align: justify;\">El encuentro profundiz\u00f3 de manera did\u00e1ctica el cap\u00edtulo II de la enc\u00edclica \u201cUn extra\u00f1o en el camino\u201d analizando y vinculando cada uno de los personajes de la par\u00e1bola con experiencias personales; para luego profundizar en el rol de \u201cla mejor pol\u00edtica\u201d (c\u00e1p. V) y el aporte de las religiones a la fraternidad y la amistad social.<\/p>\n<p style=\"font-weight: 400; text-align: justify;\">El delegado presidencial para la provincia del General Carrera, Daniel Fern\u00e1ndez, manifest\u00f3 estar \u201cmuy agradecido por la invitaci\u00f3n porque es muy importante participar en instancias como estas; vivimos en un mundo donde profundizar temas en materia val\u00f3rica casi no tienen espacio. Jornadas como estas \u2014agreg\u00f3\u2014 nos hacer valorar el encuentro con otras personas de manera inmediata\u201d.<\/p>\n<p style=\"font-weight: 400; text-align: justify;\">Tambi\u00e9n desde el mundo de la pol\u00edtica Paulina Hern\u00e1ndez, consejera regional de la provincia de la provincia del General Carrera, destac\u00f3 el encuentro: \u201ces tremendamente valorable esta jornada que vivimos no solo por el contenido de la enc\u00edclica \u201cHermanos, todos\u201d; sino, adem\u00e1s, por los desaf\u00edos que se plantean sobre todo desde el \u00e1mbito pol\u00edtico, y tambi\u00e9n en la vida en comunidad\u201d.<\/p>\n<p style=\"font-weight: 400; text-align: justify;\">\u201cHermanos, todos\u201d en Chile Chico finaliz\u00f3 con un contundente y fraternal almuerzo. Luego de los encuentros de Puerto Ingeniero Ib\u00e1\u00f1ez y esta localidad, positivamente evaluados por los participantes, el equipo de \u201cAys\u00e9n, hermanos todos\u201d planea nuevas convocatorias, ahora Coyhaique y Puerto Ays\u00e9n las que se comunicar\u00e1n oportunamente.<\/p>\n<\/div><\/section><\/div><div  style='height:50px' class='hr hr-invisible   avia-builder-el-6  el_after_av_one_full  el_before_av_social_share '><span class='hr-inner ' ><span class='hr-inner-style'><\/span><\/span><\/div><\/p>\n<div  class='av-social-sharing-box  avia-builder-el-7  el_after_av_hr  el_before_av_hr  '><div class='av-share-box'><h5 class='av-share-link-description av-no-toc '>Compartir esta noticia<\/h5><ul class='av-share-box-list noLightbox'><li class='av-share-link av-social-link-facebook' ><a target=\"_blank\" aria-label=\"Compartir en Facebook\" href='https:\/\/www.facebook.com\/sharer.php?u=https:\/\/radiorevelacionfm.cl\/?p=23995&#038;t=Desarrollan%20segunda%20actividad%20de%20%E2%80%9CHermanos%2C%20todos%E2%80%9D%20en%20Chile%20Chico' aria-hidden='false' data-av_icon='\ue8f3' data-av_iconfont='entypo-fontello' title='' data-avia-related-tooltip='Compartir en Facebook' rel=\"noopener\"><span class='avia_hidden_link_text'>Compartir en Facebook<\/span><\/a><\/li><li class='av-share-link av-social-link-twitter' ><a target=\"_blank\" aria-label=\"Compartir en Twitter\" href='https:\/\/twitter.com\/share?text=Desarrollan%20segunda%20actividad%20de%20%E2%80%9CHermanos%2C%20todos%E2%80%9D%20en%20Chile%20Chico&#038;url=https:\/\/radiorevelacionfm.cl\/?p=23995' aria-hidden='false' data-av_icon='\ue8f1' data-av_iconfont='entypo-fontello' title='' data-avia-related-tooltip='Compartir en Twitter' rel=\"noopener\"><span class='avia_hidden_link_text'>Compartir en Twitter<\/span><\/a><\/li><li class='av-share-link av-social-link-whatsapp' ><a target=\"_blank\" aria-label=\"Compartir en Whatsapp\" href='https:\/\/api.whatsapp.com\/send?text=https:\/\/radiorevelacionfm.cl\/?p=23995' aria-hidden='false' data-av_icon='\uf232' data-av_iconfont='entypo-fontello' title='' data-avia-related-tooltip='Compartir en Whatsapp' rel=\"noopener\"><span class='avia_hidden_link_text'>Compartir en Whatsapp<\/span><\/a><\/li><li class='av-share-link av-social-link-linkedin' ><a target=\"_blank\" aria-label=\"Compartir en LinkedIn\" href='https:\/\/linkedin.com\/shareArticle?mini=true&#038;title=Desarrollan%20segunda%20actividad%20de%20%E2%80%9CHermanos%2C%20todos%E2%80%9D%20en%20Chile%20Chico&#038;url=https:\/\/radiorevelacionfm.cl\/?p=23995' aria-hidden='false' data-av_icon='\ue8fc' data-av_iconfont='entypo-fontello' title='' data-avia-related-tooltip='Compartir en LinkedIn' rel=\"noopener\"><span class='avia_hidden_link_text'>Compartir en LinkedIn<\/span><\/a><\/li><li class='av-share-link av-social-link-mail' ><a  aria-label=\"Compartir por correo\" href='mailto:?subject=Desarrollan%20segunda%20actividad%20de%20%E2%80%9CHermanos%2C%20todos%E2%80%9D%20en%20Chile%20Chico&#038;body=https:\/\/radiorevelacionfm.cl\/?p=23995' aria-hidden='false' data-av_icon='\ue805' data-av_iconfont='entypo-fontello' title='' data-avia-related-tooltip='Compartir por correo'><span class='avia_hidden_link_text'>Compartir por correo<\/span><\/a><\/li><\/ul><\/div><\/div>\n<div  style='height:50px' class='hr hr-invisible   avia-builder-el-8  el_after_av_social_share  el_before_av_comments_list '><span class='hr-inner ' ><span class='hr-inner-style'><\/span><\/span><\/div>\n<div  class='av-buildercomment  av-blog-meta-html-info-disabled av-blog-meta-tag-disabled  '><\/div>\n","protected":false},"excerpt":{"rendered":"","protected":false},"author":1,"featured_media":23996,"comment_status":"open","ping_status":"open","sticky":false,"template":"","format":"standard","meta":{"footnotes":""},"categories":[38],"tags":[],"class_list":["post-23995","post","type-post","status-publish","format-standard","has-post-thumbnail","hentry","category-regional"],"jetpack_featured_media_url":"https:\/\/radiorevelacionfm.cl\/wp-content\/uploads\/2022\/11\/08-2-1-1.jpg","_links":{"self":[{"href":"https:\/\/radiorevelacionfm.cl\/index.php?rest_route=\/wp\/v2\/posts\/23995","targetHints":{"allow":["GET"]}}],"collection":[{"href":"https:\/\/radiorevelacionfm.cl\/index.php?rest_route=\/wp\/v2\/posts"}],"about":[{"href":"https:\/\/radiorevelacionfm.cl\/index.php?rest_route=\/wp\/v2\/types\/post"}],"author":[{"embeddable":true,"href":"https:\/\/radiorevelacionfm.cl\/index.php?rest_route=\/wp\/v2\/users\/1"}],"replies":[{"embeddable":true,"href":"https:\/\/radiorevelacionfm.cl\/index.php?rest_route=%2Fwp%2Fv2%2Fcomments&post=23995"}],"version-history":[{"count":2,"href":"https:\/\/radiorevelacionfm.cl\/index.php?rest_route=\/wp\/v2\/posts\/23995\/revisions"}],"predecessor-version":[{"id":24010,"href":"https:\/\/radiorevelacionfm.cl\/index.php?rest_route=\/wp\/v2\/posts\/23995\/revisions\/24010"}],"wp:featuredmedia":[{"embeddable":true,"href":"https:\/\/radiorevelacionfm.cl\/index.php?rest_route=\/wp\/v2\/media\/23996"}],"wp:attachment":[{"href":"https:\/\/radiorevelacionfm.cl\/index.php?rest_route=%2Fwp%2Fv2%2Fmedia&parent=23995"}],"wp:term":[{"taxonomy":"category","embeddable":true,"href":"https:\/\/radiorevelacionfm.cl\/index.php?rest_route=%2Fwp%2Fv2%2Fcategories&post=23995"},{"taxonomy":"post_tag","embeddable":true,"href":"https:\/\/radiorevelacionfm.cl\/index.php?rest_route=%2Fwp%2Fv2%2Ftags&post=23995"}],"curies":[{"name":"wp","href":"https:\/\/api.w.org\/{rel}","templated":true}]}}