{"id":23990,"date":"2022-11-09T18:36:56","date_gmt":"2022-11-09T21:36:56","guid":{"rendered":"https:\/\/radiorevelacionfm.cl\/?p=23990"},"modified":"2022-11-09T18:36:56","modified_gmt":"2022-11-09T21:36:56","slug":"firman-convenio-colaborativo-para-mejorar-prestaciones-de-ninos-y-adolescentes-que-estan-bajo-medidas-de-proteccion","status":"publish","type":"post","link":"https:\/\/radiorevelacionfm.cl\/?p=23990","title":{"rendered":"Firman convenio colaborativo para mejorar prestaciones de ni\u00f1os y adolescentes que est\u00e1n bajo medidas de protecci\u00f3n"},"content":{"rendered":"<div class=\"flex_column av_one_full  flex_column_div av-zero-column-padding first  avia-builder-el-0  el_before_av_one_full  avia-builder-el-first  \" style='border-radius:0px; '><div  class='avia-image-container  av-styling-    avia-builder-el-1  avia-builder-el-no-sibling  avia-align-center '  itemprop=\"image\" itemscope=\"itemscope\" itemtype=\"https:\/\/schema.org\/ImageObject\"  ><div class='avia-image-container-inner'><div class='avia-image-overlay-wrap'><img decoding=\"async\" class='wp-image-23991 avia-img-lazy-loading-not-23991 avia_image' src=\"https:\/\/radiorevelacionfm.cl\/wp-content\/uploads\/2022\/11\/foto-1-firma-convenio-1_optimized.jpg\" alt='' title='foto-1-firma-convenio-(1)_optimized' height=\"600\" width=\"900\"  itemprop=\"thumbnailUrl\" srcset=\"https:\/\/radiorevelacionfm.cl\/wp-content\/uploads\/2022\/11\/foto-1-firma-convenio-1_optimized.jpg 900w, https:\/\/radiorevelacionfm.cl\/wp-content\/uploads\/2022\/11\/foto-1-firma-convenio-1_optimized-300x200.jpg 300w, https:\/\/radiorevelacionfm.cl\/wp-content\/uploads\/2022\/11\/foto-1-firma-convenio-1_optimized-768x512.jpg 768w, https:\/\/radiorevelacionfm.cl\/wp-content\/uploads\/2022\/11\/foto-1-firma-convenio-1_optimized-705x470.jpg 705w, https:\/\/radiorevelacionfm.cl\/wp-content\/uploads\/2022\/11\/foto-1-firma-convenio-1_optimized-600x400.jpg 600w\" sizes=\"(max-width: 900px) 100vw, 900px\" \/><\/div><\/div><\/div><\/div><div class=\"flex_column av_one_full  flex_column_div av-zero-column-padding first  avia-builder-el-2  el_after_av_one_full  el_before_av_one_full  column-top-margin\" style='border-radius:0px; '><section class=\"av_textblock_section \"  itemscope=\"itemscope\" itemtype=\"https:\/\/schema.org\/BlogPosting\" itemprop=\"blogPost\" ><div class='avia_textblock  '   itemprop=\"text\" ><p style=\"text-align: center;\"><strong><span style=\"font-size: 18pt;\">Firman convenio colaborativo para mejorar prestaciones de ni\u00f1os y adolescentes que est\u00e1n bajo medidas de protecci\u00f3n<\/span><\/strong><\/p>\n<div id=\"gtx-trans\" style=\"position: absolute; left: -50px; top: 4.31534px;\">\n<div class=\"gtx-trans-icon\"><\/div>\n<\/div>\n<\/div><\/section><\/div><div class=\"flex_column av_one_full  flex_column_div av-zero-column-padding first  avia-builder-el-4  el_after_av_one_full  el_before_av_hr  column-top-margin\" style='border-radius:0px; '><section class=\"av_textblock_section \"  itemscope=\"itemscope\" itemtype=\"https:\/\/schema.org\/BlogPosting\" itemprop=\"blogPost\" ><div class='avia_textblock  '   itemprop=\"text\" ><p class=\"v1MsoNormal\" style=\"text-align: justify;\">Con el objetivo de generar canales m\u00e1s amplios de comunicaci\u00f3n entre el Poder Judicial, el Servicio de Salud Ays\u00e9n, el Servicio Regional Mejor Ni\u00f1ez y Senda, los representantes de las instituciones del sistema\u00a0firmaron un \u00abAcuerdo de Trabajo Colaborativo Intersectorial\u00bb, que busca mejorar las actuales prestaciones de salud de los m\u00e1s de 900 ni\u00f1os, ni\u00f1as y adolescentes que est\u00e1n bajo medidas de protecci\u00f3n en la jurisdicci\u00f3n.<\/p>\n<p class=\"v1MsoNormal\" style=\"text-align: justify;\">La instancia cont\u00f3 con la presencia del presidente de la Corte de Apelaciones de Coyhaique, ministro Pedro Castro Espinoza y por la ministra Natalia Rencoret Oliva, Encargada de Asuntos de Familia en la jurisdicci\u00f3n, as\u00ed tambi\u00e9n estuvo presente el director regional (s) del Servicio de Salud Ays\u00e9n, Alejandro Cort\u00e9s Molina; el director regional del Servicio Mejor Ni\u00f1ez, Sergio Becerra Mera;\u00a0y el director (s) de Senda, Carlos Jara Nehuel.<\/p>\n<p class=\"v1MsoNormal\" style=\"text-align: justify;\">Al respecto, la ministra Rencoret Oliva sostuvo que \u00abeste es un convenio que a\u00fana voluntades de las instituciones que participan y resulta extraordinario porque implica un compromiso y un cambio de conciencia en lo que significa la efectivizaci\u00f3n de los derechos de ni\u00f1os, ni\u00f1as y adolescentes, sobre todo en las medidas de protecci\u00f3n que es lo que espec\u00edficamente nos ata\u00f1e como instituciones\u00bb.<\/p>\n<p class=\"v1MsoNormal\" style=\"text-align: justify;\">Por su parte, el director (s) del Servicio de Salud Ays\u00e9n, Alejandro Cort\u00e9s, indic\u00f3 que \u00aben este convenio hay est\u00e1ndares de calidad. Lo importante es llegar de forma oportuna en la atenci\u00f3n de estos ni\u00f1os y adolescentes que es el objetivo de la coordinaci\u00f3n que vamos a tener con el Poder Judicial, con Senda y con el Servicio Mejor Ni\u00f1ez\u00bb.<\/p>\n<p class=\"v1MsoNormal\" style=\"text-align: justify;\">\u00abComo servicio estamos muy contentos, primero porque va a permitir que nuestros ni\u00f1os y adolescentes, que son m\u00e1s de 900 en la regi\u00f3n de Ays\u00e9n, van a ser atendidos de forma m\u00e1s expedita y tambi\u00e9n porque nuestros profesionales tomen conocimiento sobre la red de atenci\u00f3n que existe en la regi\u00f3n\u00bb, expres\u00f3 Sergio Becerra, director regional del Servicio Mejor Ni\u00f1ez.<\/p>\n<p class=\"v1MsoNormal\" style=\"text-align: justify;\">Asimismo, Carlos Jara Nehuel, director (s) de Senda, coment\u00f3 que \u00abnuestra labor es garantizar que los ni\u00f1os puedan acceder a tratamientos, que es una de las causas que est\u00e1n de fondo en todas las problem\u00e1ticas asociadas a causas familiares, sociales o de grupos de pares\u00bb.<\/p>\n<p class=\"v1MsoNormal\" style=\"text-align: justify;\">Los principales acuerdos del convenio establecen compromisos en los plazos para dar respuesta o entrega de requerimientos solicitados en el contexto de las medidas de protecci\u00f3n; se definir\u00e1n criterios comunes sobre causales de derivaci\u00f3n, forma y responsables de dicha derivaci\u00f3n, clarificando niveles en que se otorgan prestaciones de salud mental y comprometiendo entrega y actualizaci\u00f3n mensual de un directorio en apoyo a las comunicaciones intersectoriales. Y finalmente, una triangulaci\u00f3n de informaci\u00f3n relativa a listas de espera y derivaciones al sector salud, en forma permanente entre referentes del \u00e1rea de Salud y el Centro de Observaci\u00f3n y Control de cumplimiento de medidas de protecci\u00f3n dependiente de la Corte de Apelaciones de Coyhaique.<\/p>\n<\/div><\/section><\/div><div  style='height:50px' class='hr hr-invisible   avia-builder-el-6  el_after_av_one_full  el_before_av_social_share '><span class='hr-inner ' ><span class='hr-inner-style'><\/span><\/span><\/div><\/p>\n<div  class='av-social-sharing-box  avia-builder-el-7  el_after_av_hr  el_before_av_hr  '><div class='av-share-box'><h5 class='av-share-link-description av-no-toc '>Compartir esta noticia<\/h5><ul class='av-share-box-list noLightbox'><li class='av-share-link av-social-link-facebook' ><a target=\"_blank\" aria-label=\"Compartir en Facebook\" href='https:\/\/www.facebook.com\/sharer.php?u=https:\/\/radiorevelacionfm.cl\/?p=23990&#038;t=Firman%20convenio%20colaborativo%20para%20mejorar%20prestaciones%20de%20ni%C3%B1os%20y%20adolescentes%20que%20est%C3%A1n%20bajo%20medidas%20de%20protecci%C3%B3n' aria-hidden='false' data-av_icon='\ue8f3' data-av_iconfont='entypo-fontello' title='' data-avia-related-tooltip='Compartir en Facebook' rel=\"noopener\"><span class='avia_hidden_link_text'>Compartir en Facebook<\/span><\/a><\/li><li class='av-share-link av-social-link-twitter' ><a target=\"_blank\" aria-label=\"Compartir en Twitter\" href='https:\/\/twitter.com\/share?text=Firman%20convenio%20colaborativo%20para%20mejorar%20prestaciones%20de%20ni%C3%B1os%20y%20adolescentes%20que%20est%C3%A1n%20bajo%20medidas%20de%20protecci%C3%B3n&#038;url=https:\/\/radiorevelacionfm.cl\/?p=23990' aria-hidden='false' data-av_icon='\ue8f1' data-av_iconfont='entypo-fontello' title='' data-avia-related-tooltip='Compartir en Twitter' rel=\"noopener\"><span class='avia_hidden_link_text'>Compartir en Twitter<\/span><\/a><\/li><li class='av-share-link av-social-link-whatsapp' ><a target=\"_blank\" aria-label=\"Compartir en Whatsapp\" href='https:\/\/api.whatsapp.com\/send?text=https:\/\/radiorevelacionfm.cl\/?p=23990' aria-hidden='false' data-av_icon='\uf232' data-av_iconfont='entypo-fontello' title='' data-avia-related-tooltip='Compartir en Whatsapp' rel=\"noopener\"><span class='avia_hidden_link_text'>Compartir en Whatsapp<\/span><\/a><\/li><li class='av-share-link av-social-link-linkedin' ><a target=\"_blank\" aria-label=\"Compartir en LinkedIn\" href='https:\/\/linkedin.com\/shareArticle?mini=true&#038;title=Firman%20convenio%20colaborativo%20para%20mejorar%20prestaciones%20de%20ni%C3%B1os%20y%20adolescentes%20que%20est%C3%A1n%20bajo%20medidas%20de%20protecci%C3%B3n&#038;url=https:\/\/radiorevelacionfm.cl\/?p=23990' aria-hidden='false' data-av_icon='\ue8fc' data-av_iconfont='entypo-fontello' title='' data-avia-related-tooltip='Compartir en LinkedIn' rel=\"noopener\"><span class='avia_hidden_link_text'>Compartir en LinkedIn<\/span><\/a><\/li><li class='av-share-link av-social-link-mail' ><a  aria-label=\"Compartir por correo\" href='mailto:?subject=Firman%20convenio%20colaborativo%20para%20mejorar%20prestaciones%20de%20ni%C3%B1os%20y%20adolescentes%20que%20est%C3%A1n%20bajo%20medidas%20de%20protecci%C3%B3n&#038;body=https:\/\/radiorevelacionfm.cl\/?p=23990' aria-hidden='false' data-av_icon='\ue805' data-av_iconfont='entypo-fontello' title='' data-avia-related-tooltip='Compartir por correo'><span class='avia_hidden_link_text'>Compartir por correo<\/span><\/a><\/li><\/ul><\/div><\/div>\n<div  style='height:50px' class='hr hr-invisible   avia-builder-el-8  el_after_av_social_share  el_before_av_comments_list '><span class='hr-inner ' ><span class='hr-inner-style'><\/span><\/span><\/div>\n<div  class='av-buildercomment  av-blog-meta-html-info-disabled av-blog-meta-tag-disabled  '><\/div>\n","protected":false},"excerpt":{"rendered":"","protected":false},"author":1,"featured_media":23991,"comment_status":"open","ping_status":"open","sticky":false,"template":"","format":"standard","meta":{"footnotes":""},"categories":[55],"tags":[],"class_list":["post-23990","post","type-post","status-publish","format-standard","has-post-thumbnail","hentry","category-justicia"],"jetpack_featured_media_url":"https:\/\/radiorevelacionfm.cl\/wp-content\/uploads\/2022\/11\/foto-1-firma-convenio-1_optimized.jpg","_links":{"self":[{"href":"https:\/\/radiorevelacionfm.cl\/index.php?rest_route=\/wp\/v2\/posts\/23990","targetHints":{"allow":["GET"]}}],"collection":[{"href":"https:\/\/radiorevelacionfm.cl\/index.php?rest_route=\/wp\/v2\/posts"}],"about":[{"href":"https:\/\/radiorevelacionfm.cl\/index.php?rest_route=\/wp\/v2\/types\/post"}],"author":[{"embeddable":true,"href":"https:\/\/radiorevelacionfm.cl\/index.php?rest_route=\/wp\/v2\/users\/1"}],"replies":[{"embeddable":true,"href":"https:\/\/radiorevelacionfm.cl\/index.php?rest_route=%2Fwp%2Fv2%2Fcomments&post=23990"}],"version-history":[{"count":2,"href":"https:\/\/radiorevelacionfm.cl\/index.php?rest_route=\/wp\/v2\/posts\/23990\/revisions"}],"predecessor-version":[{"id":23994,"href":"https:\/\/radiorevelacionfm.cl\/index.php?rest_route=\/wp\/v2\/posts\/23990\/revisions\/23994"}],"wp:featuredmedia":[{"embeddable":true,"href":"https:\/\/radiorevelacionfm.cl\/index.php?rest_route=\/wp\/v2\/media\/23991"}],"wp:attachment":[{"href":"https:\/\/radiorevelacionfm.cl\/index.php?rest_route=%2Fwp%2Fv2%2Fmedia&parent=23990"}],"wp:term":[{"taxonomy":"category","embeddable":true,"href":"https:\/\/radiorevelacionfm.cl\/index.php?rest_route=%2Fwp%2Fv2%2Fcategories&post=23990"},{"taxonomy":"post_tag","embeddable":true,"href":"https:\/\/radiorevelacionfm.cl\/index.php?rest_route=%2Fwp%2Fv2%2Ftags&post=23990"}],"curies":[{"name":"wp","href":"https:\/\/api.w.org\/{rel}","templated":true}]}}