{"id":23983,"date":"2022-11-09T15:48:33","date_gmt":"2022-11-09T18:48:33","guid":{"rendered":"https:\/\/radiorevelacionfm.cl\/?p=23983"},"modified":"2022-11-09T15:48:33","modified_gmt":"2022-11-09T18:48:33","slug":"frente-al-aumento-casos-covid-19-sector-salud-hace-un-llamado-al-autocuidado-de-la-poblacion","status":"publish","type":"post","link":"https:\/\/radiorevelacionfm.cl\/?p=23983","title":{"rendered":"Frente al aumento casos COVID-19 sector salud hace un llamado al autocuidado de la poblaci\u00f3n"},"content":{"rendered":"<div class=\"flex_column av_one_full  flex_column_div av-zero-column-padding first  avia-builder-el-0  el_before_av_one_full  avia-builder-el-first  \" style='border-radius:0px; '><div  class='avia-image-container  av-styling-    avia-builder-el-1  avia-builder-el-no-sibling  avia-align-center '  itemprop=\"image\" itemscope=\"itemscope\" itemtype=\"https:\/\/schema.org\/ImageObject\"  ><div class='avia-image-container-inner'><div class='avia-image-overlay-wrap'><img decoding=\"async\" class='wp-image-23985 avia-img-lazy-loading-not-23985 avia_image' src=\"https:\/\/radiorevelacionfm.cl\/wp-content\/uploads\/2022\/11\/bac-por-covid-2.jpg\" alt='' title='bac por covid (2)' height=\"602\" width=\"1024\"  itemprop=\"thumbnailUrl\" srcset=\"https:\/\/radiorevelacionfm.cl\/wp-content\/uploads\/2022\/11\/bac-por-covid-2.jpg 1024w, https:\/\/radiorevelacionfm.cl\/wp-content\/uploads\/2022\/11\/bac-por-covid-2-300x176.jpg 300w, https:\/\/radiorevelacionfm.cl\/wp-content\/uploads\/2022\/11\/bac-por-covid-2-768x452.jpg 768w, https:\/\/radiorevelacionfm.cl\/wp-content\/uploads\/2022\/11\/bac-por-covid-2-705x414.jpg 705w, https:\/\/radiorevelacionfm.cl\/wp-content\/uploads\/2022\/11\/bac-por-covid-2-600x353.jpg 600w\" sizes=\"(max-width: 1024px) 100vw, 1024px\" \/><\/div><\/div><\/div><\/div><div class=\"flex_column av_one_full  flex_column_div av-zero-column-padding first  avia-builder-el-2  el_after_av_one_full  el_before_av_one_full  column-top-margin\" style='border-radius:0px; '><section class=\"av_textblock_section \"  itemscope=\"itemscope\" itemtype=\"https:\/\/schema.org\/BlogPosting\" itemprop=\"blogPost\" ><div class='avia_textblock  '   itemprop=\"text\" ><p style=\"text-align: center;\"><span style=\"font-size: 18pt;\"><strong>Frente al aumento casos COVID-19 sector salud hace un llamado al autocuidado de la poblaci\u00f3n <\/strong><\/span><\/p>\n<div id=\"gtx-trans\" style=\"position: absolute; left: -50px; top: 4.31534px;\">\n<div class=\"gtx-trans-icon\"><\/div>\n<\/div>\n<\/div><\/section><\/div><div class=\"flex_column av_one_full  flex_column_div av-zero-column-padding first  avia-builder-el-4  el_after_av_one_full  el_before_av_hr  column-top-margin\" style='border-radius:0px; '><section class=\"av_textblock_section \"  itemscope=\"itemscope\" itemtype=\"https:\/\/schema.org\/BlogPosting\" itemprop=\"blogPost\" ><div class='avia_textblock  '   itemprop=\"text\" ><p style=\"text-align: justify;\">En el transcurso de las \u00faltimas semanas, a nivel regional, se ha producido un aumento de casos por COVID-19 alcanzando este mi\u00e9rcoles un total de 107 casos activos, los cuales se concentran principalmente en las comunas de Coyhaique, Ays\u00e9n, Cisnes y Guaitecas. Frente a esta situaci\u00f3n, desde la secretar\u00eda regional ministerial de salud, reiteran la necesidad de fomentar el autocuidado de la comunidad frente a esta enfermedad, como la recomendaci\u00f3n del uso de mascarilla en el transporte p\u00fablico y en lugares de aglomeraci\u00f3n de personas, entre otros.<\/p>\n<p style=\"text-align: justify;\">As\u00ed lo manifest\u00f3 el Epidemi\u00f3logo Seremi de Salud Ays\u00e9n, Marco Acu\u00f1a, quien adem\u00e1s indic\u00f3 que esta situaci\u00f3n era un escenario esperado. \u201cFrente al aumento en la incidencia de casos por COVID-19, al igual que un aumento en la positividad de los ex\u00e1menes de PCR y Test de Ant\u00edgeno, es importante se\u00f1alar que esta situaci\u00f3n era predecible por la flexibilizaci\u00f3n de las medidas preventivas que hab\u00edamos aplicado durante m\u00e1s de 02 a\u00f1os, y porque sigue circulando la variante OMICRON de este virus que es altamente transmisible\u201d.<\/p>\n<p style=\"text-align: justify;\">Asimismo, el profesional explic\u00f3 que para hacer frente a este incremento de casos se requiere del propio compromiso de la comunidad para lograr la disminuci\u00f3n de contagios. \u201cLa aplicaci\u00f3n de las medidas de prevenci\u00f3n no tienen que estar supeditadas a que exista un decreto o una resoluci\u00f3n sanitaria, ya hemos aprendido que estas medidas son efectivas, por lo tanto, si alguien va a subir a un colectivo tiene que ponerse una mascarilla, si alguien va air al supermercado; estas medidas son muy importantes porque en este momento adem\u00e1s tenemos circulando el virus influenza y el virus sincicial respiratorio que afecta a los ni\u00f1os peque\u00f1os, por lo tanto, estas medidas de prevenci\u00f3n nos sirven para protegernos de todos los agentes pat\u00f3genos de enfermedades respiratorias,\u201d puntualiz\u00f3.<\/p>\n<p style=\"text-align: justify;\">En este sentido, la Seremi de Salud, Carmen Monsalve, reiter\u00f3 la importancia del autocuidado para prevenir un mayor aumento de casos por contagio de COVID-19, donde adem\u00e1s de las medidas b\u00e1sicas, adquiere importancia mantener los esquemas de vacunaci\u00f3n al d\u00eda. \u201cNos encontramos a nivel nacional en una situaci\u00f3n epidemiol\u00f3gica respecto del COVID-19 de un aumento de casos, que era lo esperable, porque dejamos de utilizar la mascarilla que es una de las barreras de protecci\u00f3n que nos permiti\u00f3 mantener una circulaci\u00f3n viral m\u00e1s al margen. Ahora todo depende de nuestro autocuidado, si nos encontramos enfermos, si participamos en eventos donde hay gran aglomeraci\u00f3n de p\u00fablico, si va a utilizar servicio de transporte de pasajeros, la recomendaci\u00f3n es utilizar mascarilla. Si usted va a ir a un centro de atenci\u00f3n de salud siempre ser\u00e1 obligatorio el uso de mascarilla. Otra medida preventiva es mantener el esquema de vacunaci\u00f3n al d\u00eda, como la vacunaci\u00f3n bivalente para los adultos mayores, por lo tanto, el llamado es a fortalecer nuestro esquema de vacunaci\u00f3n\u201d.<\/p>\n<p style=\"text-align: justify;\">Actualmente, existen dos pacientes hospitalizados por COVID-19 en el Hospital Regional Coyhaique, donde uno de ellos permanece conectado a ventilaci\u00f3n mec\u00e1nica invasiva, quien se encuentra con su proceso de vacunaci\u00f3n incompleta.<\/p>\n<\/div><\/section><\/div><div  style='height:50px' class='hr hr-invisible   avia-builder-el-6  el_after_av_one_full  el_before_av_social_share '><span class='hr-inner ' ><span class='hr-inner-style'><\/span><\/span><\/div><\/p>\n<div  class='av-social-sharing-box  avia-builder-el-7  el_after_av_hr  el_before_av_hr  '><div class='av-share-box'><h5 class='av-share-link-description av-no-toc '>Compartir esta noticia<\/h5><ul class='av-share-box-list noLightbox'><li class='av-share-link av-social-link-facebook' ><a target=\"_blank\" aria-label=\"Compartir en Facebook\" href='https:\/\/www.facebook.com\/sharer.php?u=https:\/\/radiorevelacionfm.cl\/?p=23983&#038;t=Frente%20al%20aumento%20casos%20COVID-19%20sector%20salud%20hace%20un%20llamado%20al%20autocuidado%20de%20la%20poblaci%C3%B3n' aria-hidden='false' data-av_icon='\ue8f3' data-av_iconfont='entypo-fontello' title='' data-avia-related-tooltip='Compartir en Facebook' rel=\"noopener\"><span class='avia_hidden_link_text'>Compartir en Facebook<\/span><\/a><\/li><li class='av-share-link av-social-link-twitter' ><a target=\"_blank\" aria-label=\"Compartir en Twitter\" href='https:\/\/twitter.com\/share?text=Frente%20al%20aumento%20casos%20COVID-19%20sector%20salud%20hace%20un%20llamado%20al%20autocuidado%20de%20la%20poblaci%C3%B3n&#038;url=https:\/\/radiorevelacionfm.cl\/?p=23983' aria-hidden='false' data-av_icon='\ue8f1' data-av_iconfont='entypo-fontello' title='' data-avia-related-tooltip='Compartir en Twitter' rel=\"noopener\"><span class='avia_hidden_link_text'>Compartir en Twitter<\/span><\/a><\/li><li class='av-share-link av-social-link-whatsapp' ><a target=\"_blank\" aria-label=\"Compartir en Whatsapp\" href='https:\/\/api.whatsapp.com\/send?text=https:\/\/radiorevelacionfm.cl\/?p=23983' aria-hidden='false' data-av_icon='\uf232' data-av_iconfont='entypo-fontello' title='' data-avia-related-tooltip='Compartir en Whatsapp' rel=\"noopener\"><span class='avia_hidden_link_text'>Compartir en Whatsapp<\/span><\/a><\/li><li class='av-share-link av-social-link-linkedin' ><a target=\"_blank\" aria-label=\"Compartir en LinkedIn\" href='https:\/\/linkedin.com\/shareArticle?mini=true&#038;title=Frente%20al%20aumento%20casos%20COVID-19%20sector%20salud%20hace%20un%20llamado%20al%20autocuidado%20de%20la%20poblaci%C3%B3n&#038;url=https:\/\/radiorevelacionfm.cl\/?p=23983' aria-hidden='false' data-av_icon='\ue8fc' data-av_iconfont='entypo-fontello' title='' data-avia-related-tooltip='Compartir en LinkedIn' rel=\"noopener\"><span class='avia_hidden_link_text'>Compartir en LinkedIn<\/span><\/a><\/li><li class='av-share-link av-social-link-mail' ><a  aria-label=\"Compartir por correo\" href='mailto:?subject=Frente%20al%20aumento%20casos%20COVID-19%20sector%20salud%20hace%20un%20llamado%20al%20autocuidado%20de%20la%20poblaci%C3%B3n&#038;body=https:\/\/radiorevelacionfm.cl\/?p=23983' aria-hidden='false' data-av_icon='\ue805' data-av_iconfont='entypo-fontello' title='' data-avia-related-tooltip='Compartir por correo'><span class='avia_hidden_link_text'>Compartir por correo<\/span><\/a><\/li><\/ul><\/div><\/div>\n<div  style='height:50px' class='hr hr-invisible   avia-builder-el-8  el_after_av_social_share  el_before_av_comments_list '><span class='hr-inner ' ><span class='hr-inner-style'><\/span><\/span><\/div>\n<div  class='av-buildercomment  av-blog-meta-html-info-disabled av-blog-meta-tag-disabled  '><\/div>\n","protected":false},"excerpt":{"rendered":"","protected":false},"author":1,"featured_media":23985,"comment_status":"open","ping_status":"open","sticky":false,"template":"","format":"standard","meta":{"footnotes":""},"categories":[46],"tags":[],"class_list":["post-23983","post","type-post","status-publish","format-standard","has-post-thumbnail","hentry","category-salud"],"jetpack_featured_media_url":"https:\/\/radiorevelacionfm.cl\/wp-content\/uploads\/2022\/11\/bac-por-covid-2.jpg","_links":{"self":[{"href":"https:\/\/radiorevelacionfm.cl\/index.php?rest_route=\/wp\/v2\/posts\/23983","targetHints":{"allow":["GET"]}}],"collection":[{"href":"https:\/\/radiorevelacionfm.cl\/index.php?rest_route=\/wp\/v2\/posts"}],"about":[{"href":"https:\/\/radiorevelacionfm.cl\/index.php?rest_route=\/wp\/v2\/types\/post"}],"author":[{"embeddable":true,"href":"https:\/\/radiorevelacionfm.cl\/index.php?rest_route=\/wp\/v2\/users\/1"}],"replies":[{"embeddable":true,"href":"https:\/\/radiorevelacionfm.cl\/index.php?rest_route=%2Fwp%2Fv2%2Fcomments&post=23983"}],"version-history":[{"count":2,"href":"https:\/\/radiorevelacionfm.cl\/index.php?rest_route=\/wp\/v2\/posts\/23983\/revisions"}],"predecessor-version":[{"id":23987,"href":"https:\/\/radiorevelacionfm.cl\/index.php?rest_route=\/wp\/v2\/posts\/23983\/revisions\/23987"}],"wp:featuredmedia":[{"embeddable":true,"href":"https:\/\/radiorevelacionfm.cl\/index.php?rest_route=\/wp\/v2\/media\/23985"}],"wp:attachment":[{"href":"https:\/\/radiorevelacionfm.cl\/index.php?rest_route=%2Fwp%2Fv2%2Fmedia&parent=23983"}],"wp:term":[{"taxonomy":"category","embeddable":true,"href":"https:\/\/radiorevelacionfm.cl\/index.php?rest_route=%2Fwp%2Fv2%2Fcategories&post=23983"},{"taxonomy":"post_tag","embeddable":true,"href":"https:\/\/radiorevelacionfm.cl\/index.php?rest_route=%2Fwp%2Fv2%2Ftags&post=23983"}],"curies":[{"name":"wp","href":"https:\/\/api.w.org\/{rel}","templated":true}]}}