{"id":23980,"date":"2022-11-09T16:59:44","date_gmt":"2022-11-09T19:59:44","guid":{"rendered":"https:\/\/radiorevelacionfm.cl\/?p=23980"},"modified":"2022-11-09T16:59:44","modified_gmt":"2022-11-09T19:59:44","slug":"mesa-de-la-mujer-indigena-se-informa-sobre-nuevo-programa-del-gobierno-regional-de-aysen","status":"publish","type":"post","link":"https:\/\/radiorevelacionfm.cl\/?p=23980","title":{"rendered":"Mesa de la Mujer Ind\u00edgena se informa sobre nuevo programa del Gobierno Regional de Ays\u00e9n"},"content":{"rendered":"<div class=\"flex_column av_one_full  flex_column_div av-zero-column-padding first  avia-builder-el-0  el_before_av_one_full  avia-builder-el-first  \" style='border-radius:0px; '><div  class='avia-image-container  av-styling-    avia-builder-el-1  avia-builder-el-no-sibling  avia-align-center '  itemprop=\"image\" itemscope=\"itemscope\" itemtype=\"https:\/\/schema.org\/ImageObject\"  ><div class='avia-image-container-inner'><div class='avia-image-overlay-wrap'><img decoding=\"async\" class='wp-image-23981 avia-img-lazy-loading-not-23981 avia_image' src=\"https:\/\/radiorevelacionfm.cl\/wp-content\/uploads\/2022\/11\/MMI-Gore-Aysen-8-1-1.jpg\" alt='' title='MMI Gore Ays\u00e9n (8) (1) (1)' height=\"600\" width=\"901\"  itemprop=\"thumbnailUrl\" srcset=\"https:\/\/radiorevelacionfm.cl\/wp-content\/uploads\/2022\/11\/MMI-Gore-Aysen-8-1-1.jpg 901w, https:\/\/radiorevelacionfm.cl\/wp-content\/uploads\/2022\/11\/MMI-Gore-Aysen-8-1-1-300x200.jpg 300w, https:\/\/radiorevelacionfm.cl\/wp-content\/uploads\/2022\/11\/MMI-Gore-Aysen-8-1-1-768x511.jpg 768w, https:\/\/radiorevelacionfm.cl\/wp-content\/uploads\/2022\/11\/MMI-Gore-Aysen-8-1-1-705x469.jpg 705w, https:\/\/radiorevelacionfm.cl\/wp-content\/uploads\/2022\/11\/MMI-Gore-Aysen-8-1-1-600x400.jpg 600w\" sizes=\"(max-width: 901px) 100vw, 901px\" \/><\/div><\/div><\/div><\/div><div class=\"flex_column av_one_full  flex_column_div av-zero-column-padding first  avia-builder-el-2  el_after_av_one_full  el_before_av_one_full  column-top-margin\" style='border-radius:0px; '><section class=\"av_textblock_section \"  itemscope=\"itemscope\" itemtype=\"https:\/\/schema.org\/BlogPosting\" itemprop=\"blogPost\" ><div class='avia_textblock  '   itemprop=\"text\" ><p style=\"text-align: center;\"><strong><span style=\"font-size: 18pt;\">Mesa de la Mujer Ind\u00edgena se informa sobre nuevo programa del Gobierno Regional de Ays\u00e9n<\/span><\/strong><\/p>\n<div id=\"gtx-trans\" style=\"position: absolute; left: -50px; top: 4.31534px;\">\n<div class=\"gtx-trans-icon\"><\/div>\n<\/div>\n<\/div><\/section><\/div><div class=\"flex_column av_one_full  flex_column_div av-zero-column-padding first  avia-builder-el-4  el_after_av_one_full  el_before_av_hr  column-top-margin\" style='border-radius:0px; '><section class=\"av_textblock_section \"  itemscope=\"itemscope\" itemtype=\"https:\/\/schema.org\/BlogPosting\" itemprop=\"blogPost\" ><div class='avia_textblock  '   itemprop=\"text\" ><p style=\"text-align: justify;\">En la Sede Rakiduantum en Coyhaique, las agrupaciones, asociaciones y comunidades mapuche de la comuna de Coyhaique, que conforman la Mesa de la Mujer Ind\u00edgena, se reunieron para conocer el programa Fortalece y Reactiva del Gobierno Regional de Ays\u00e9n.<\/p>\n<p style=\"text-align: justify;\">La Gobernadora Regional de Ays\u00e9n, Andrea Mac\u00edas Palma, sostuvo que \u201ccomo Gobierno Regional estamos muy contentos de la actividad que realizamos de manera conjunta con el Servicio Nacional de la Mujer y la Equidad de G\u00e9nero. Aqu\u00ed, cabe destacar el trabajo realizado por nuestra divisi\u00f3n de Fomento, tambi\u00e9n, que desde un principio han estado comprometidos con el trabajo en este \u00e1mbito y de manera espec\u00edfica de poder potenciar, a trav\u00e9s de este programa de fortalecimiento, a aquellos micro, peque\u00f1os emprendimientos que pertenecen a mujeres, a mujeres pertenecientes a pueblos originarios, pero, adem\u00e1s, que son ejecutados en el sector rural. Desde ese punto de vista, este es un programa que recoge estos focos, que pone estos \u00e9nfasis y que abre mayores oportunidades a mujeres que no siempre tiene la posibilidad de acceder a recursos p\u00fablicos\u00bb.<\/p>\n<p style=\"text-align: justify;\">Junto con resaltar que la iniciativa responde a una demanda levantada en una de las reuniones de trabajo de la Mesa de la Mujer Ind\u00edgena, la autoridad mapuche de la Asociaci\u00f3n Rakiduantum, Yorka Cheuquian Gallardo, precis\u00f3 que \u00abes la primera vez que participo de una exposici\u00f3n hecha por una autoridad del rango de la Gobernadora Regional. Fue una presentaci\u00f3n l\u00fadica, did\u00e1ctica, con un lenguaje claro y no con tanto tecnicismo; y que muchas veces, a las personas nos confunden. Estamos muy contentas con el resultado de esta Mesa y uno de estos frutos es justamente esta exposici\u00f3n; as\u00ed que invito a las mujeres a que se atrevan a formalizarse para que puedan postular a este beneficio. Y a que comiencen a trabajar sus sue\u00f1os, porque hay que trabajar los sue\u00f1os para poder cumplirlos\u00bb.<\/p>\n<p style=\"text-align: justify;\">En la actividad estuvieron presentes las comunidades Elsa Canuman, Mari\u00f1ir, Nolberto Ancapichun, Catrian Pinda, Yefi, Millacura Huequilef, Carelmapu\u00a0Lepio y Tehuelche\u00a0Raipillan\u00a0Colin. En tanto, de las asociaciones participaron Mariman, Ant\u00fc ka pire Mapu\u00a0mew, Mawun Kurruf y Rakiduantum. Asimismo, asistieron la Jefa de la Divisi\u00f3n Fomento e Industria, Jessica Lagos C\u00e1rdenas; la Coordinadora Regional CONADI Ays\u00e9n, Pamela Huaitiao Almonacid, y la representante de la Directora Regional (S) de SernamEG, Paola Salazar Quilaleo.<\/p>\n<p style=\"text-align: justify;\">EVALUACI\u00d3N CON MIRAS AL 2023<\/p>\n<p style=\"text-align: justify;\">Desde la creaci\u00f3n de la Mesa de la Mujer Ind\u00edgena se ha realizado una serie de acciones en pos de responder las inquietudes y demandas de las agrupaciones, asociaciones y comunidades que la componen. Al respecto, Pamela Huaitiao Almonacid, manifest\u00f3: \u00abha sido un trabajo colaborativo que tambi\u00e9n incluye a SernamEG y CONADI, donde hemos gestionado capacitaciones y la participaci\u00f3n en conversatorios y tambi\u00e9n dos ferias de car\u00e1cter productivo durante este a\u00f1o, as\u00ed como reuniones con autoridades como el Director Nacional de la CONADI.<\/p>\n<p style=\"text-align: justify;\">Respecto a la proyecci\u00f3n de la Mesa para el a\u00f1o 2023, la Directora Regional (S) de SernamEG, Carla Arriagada Malague\u00f1o, dijo: \u00abcontinuaremos trabajando de forma mancomunada el pr\u00f3ximo a\u00f1o, para que las mujeres de pueblos originarios puedan manifestar sus necesidades y alcancen y\/o mantengan su autonom\u00eda econ\u00f3mica. Al mismo tiempo, mantendremos nuestro compromiso de gestionar con otros organismos p\u00fablicos en pos del desarrollo de sus emprendimientos\u201d.<\/p>\n<p style=\"text-align: justify;\">Actualmente, la Mesa de la Mujer Ind\u00edgena la componen las comunidades mapuche Nolberto Ancapichun, Catrian Pinda, Yefi, Elsa Canuman, Millacura Hueiquilef, Carelmapu Lepio, Mari \u00d1ir, Tehuelche Raipillan Colin, Alihuen Ayancan Hern\u00e1ndez, Carfules, Re\u00f1ma Trapen y Guaquel Mariman. En tanto, de las asociaciones participan Tai\u00f1 Mapu Coyhaike, Maw\u00fan Kurruf, Marim\u00e1n, We Folil, Antu Ka Pire Mapu Mew, Rakiduantum, Puwechekeche y Ruka wenuy.<\/p>\n<\/div><\/section><\/div><div  style='height:50px' class='hr hr-invisible   avia-builder-el-6  el_after_av_one_full  el_before_av_social_share '><span class='hr-inner ' ><span class='hr-inner-style'><\/span><\/span><\/div><\/p>\n<div  class='av-social-sharing-box  avia-builder-el-7  el_after_av_hr  el_before_av_hr  '><div class='av-share-box'><h5 class='av-share-link-description av-no-toc '>Compartir esta noticia<\/h5><ul class='av-share-box-list noLightbox'><li class='av-share-link av-social-link-facebook' ><a target=\"_blank\" aria-label=\"Compartir en Facebook\" href='https:\/\/www.facebook.com\/sharer.php?u=https:\/\/radiorevelacionfm.cl\/?p=23980&#038;t=Mesa%20de%20la%20Mujer%20Ind%C3%ADgena%20se%20informa%20sobre%20nuevo%20programa%20del%20Gobierno%20Regional%20de%20Ays%C3%A9n' aria-hidden='false' data-av_icon='\ue8f3' data-av_iconfont='entypo-fontello' title='' data-avia-related-tooltip='Compartir en Facebook' rel=\"noopener\"><span class='avia_hidden_link_text'>Compartir en Facebook<\/span><\/a><\/li><li class='av-share-link av-social-link-twitter' ><a target=\"_blank\" aria-label=\"Compartir en Twitter\" href='https:\/\/twitter.com\/share?text=Mesa%20de%20la%20Mujer%20Ind%C3%ADgena%20se%20informa%20sobre%20nuevo%20programa%20del%20Gobierno%20Regional%20de%20Ays%C3%A9n&#038;url=https:\/\/radiorevelacionfm.cl\/?p=23980' aria-hidden='false' data-av_icon='\ue8f1' data-av_iconfont='entypo-fontello' title='' data-avia-related-tooltip='Compartir en Twitter' rel=\"noopener\"><span class='avia_hidden_link_text'>Compartir en Twitter<\/span><\/a><\/li><li class='av-share-link av-social-link-whatsapp' ><a target=\"_blank\" aria-label=\"Compartir en Whatsapp\" href='https:\/\/api.whatsapp.com\/send?text=https:\/\/radiorevelacionfm.cl\/?p=23980' aria-hidden='false' data-av_icon='\uf232' data-av_iconfont='entypo-fontello' title='' data-avia-related-tooltip='Compartir en Whatsapp' rel=\"noopener\"><span class='avia_hidden_link_text'>Compartir en Whatsapp<\/span><\/a><\/li><li class='av-share-link av-social-link-linkedin' ><a target=\"_blank\" aria-label=\"Compartir en LinkedIn\" href='https:\/\/linkedin.com\/shareArticle?mini=true&#038;title=Mesa%20de%20la%20Mujer%20Ind%C3%ADgena%20se%20informa%20sobre%20nuevo%20programa%20del%20Gobierno%20Regional%20de%20Ays%C3%A9n&#038;url=https:\/\/radiorevelacionfm.cl\/?p=23980' aria-hidden='false' data-av_icon='\ue8fc' data-av_iconfont='entypo-fontello' title='' data-avia-related-tooltip='Compartir en LinkedIn' rel=\"noopener\"><span class='avia_hidden_link_text'>Compartir en LinkedIn<\/span><\/a><\/li><li class='av-share-link av-social-link-mail' ><a  aria-label=\"Compartir por correo\" href='mailto:?subject=Mesa%20de%20la%20Mujer%20Ind%C3%ADgena%20se%20informa%20sobre%20nuevo%20programa%20del%20Gobierno%20Regional%20de%20Ays%C3%A9n&#038;body=https:\/\/radiorevelacionfm.cl\/?p=23980' aria-hidden='false' data-av_icon='\ue805' data-av_iconfont='entypo-fontello' title='' data-avia-related-tooltip='Compartir por correo'><span class='avia_hidden_link_text'>Compartir por correo<\/span><\/a><\/li><\/ul><\/div><\/div>\n<div  style='height:50px' class='hr hr-invisible   avia-builder-el-8  el_after_av_social_share  el_before_av_comments_list '><span class='hr-inner ' ><span class='hr-inner-style'><\/span><\/span><\/div>\n<div  class='av-buildercomment  av-blog-meta-html-info-disabled av-blog-meta-tag-disabled  '><\/div>\n","protected":false},"excerpt":{"rendered":"","protected":false},"author":1,"featured_media":23981,"comment_status":"open","ping_status":"open","sticky":false,"template":"","format":"standard","meta":{"footnotes":""},"categories":[38],"tags":[],"class_list":["post-23980","post","type-post","status-publish","format-standard","has-post-thumbnail","hentry","category-regional"],"jetpack_featured_media_url":"https:\/\/radiorevelacionfm.cl\/wp-content\/uploads\/2022\/11\/MMI-Gore-Aysen-8-1-1.jpg","_links":{"self":[{"href":"https:\/\/radiorevelacionfm.cl\/index.php?rest_route=\/wp\/v2\/posts\/23980","targetHints":{"allow":["GET"]}}],"collection":[{"href":"https:\/\/radiorevelacionfm.cl\/index.php?rest_route=\/wp\/v2\/posts"}],"about":[{"href":"https:\/\/radiorevelacionfm.cl\/index.php?rest_route=\/wp\/v2\/types\/post"}],"author":[{"embeddable":true,"href":"https:\/\/radiorevelacionfm.cl\/index.php?rest_route=\/wp\/v2\/users\/1"}],"replies":[{"embeddable":true,"href":"https:\/\/radiorevelacionfm.cl\/index.php?rest_route=%2Fwp%2Fv2%2Fcomments&post=23980"}],"version-history":[{"count":2,"href":"https:\/\/radiorevelacionfm.cl\/index.php?rest_route=\/wp\/v2\/posts\/23980\/revisions"}],"predecessor-version":[{"id":23989,"href":"https:\/\/radiorevelacionfm.cl\/index.php?rest_route=\/wp\/v2\/posts\/23980\/revisions\/23989"}],"wp:featuredmedia":[{"embeddable":true,"href":"https:\/\/radiorevelacionfm.cl\/index.php?rest_route=\/wp\/v2\/media\/23981"}],"wp:attachment":[{"href":"https:\/\/radiorevelacionfm.cl\/index.php?rest_route=%2Fwp%2Fv2%2Fmedia&parent=23980"}],"wp:term":[{"taxonomy":"category","embeddable":true,"href":"https:\/\/radiorevelacionfm.cl\/index.php?rest_route=%2Fwp%2Fv2%2Fcategories&post=23980"},{"taxonomy":"post_tag","embeddable":true,"href":"https:\/\/radiorevelacionfm.cl\/index.php?rest_route=%2Fwp%2Fv2%2Ftags&post=23980"}],"curies":[{"name":"wp","href":"https:\/\/api.w.org\/{rel}","templated":true}]}}