{"id":23977,"date":"2022-11-10T08:34:27","date_gmt":"2022-11-10T11:34:27","guid":{"rendered":"https:\/\/radiorevelacionfm.cl\/?p=23977"},"modified":"2022-11-10T09:33:29","modified_gmt":"2022-11-10T12:33:29","slug":"gore-desarrollo-el-primer-seminario-pensando-la-corporacion-regional-de-desarrollo","status":"publish","type":"post","link":"https:\/\/radiorevelacionfm.cl\/?p=23977","title":{"rendered":"GORE desarroll\u00f3 el primer seminario \u00abPensando la Corporaci\u00f3n Regional de Desarrollo\u00bb"},"content":{"rendered":"<div class=\"flex_column av_one_full  flex_column_div av-zero-column-padding first  avia-builder-el-0  el_before_av_one_full  avia-builder-el-first  \" style='border-radius:0px; '><div  class='avia-image-container  av-styling-    avia-builder-el-1  avia-builder-el-no-sibling  avia-align-center '  itemprop=\"image\" itemscope=\"itemscope\" itemtype=\"https:\/\/schema.org\/ImageObject\"  ><div class='avia-image-container-inner'><div class='avia-image-overlay-wrap'><img decoding=\"async\" class='wp-image-23978 avia-img-lazy-loading-not-23978 avia_image' src=\"https:\/\/radiorevelacionfm.cl\/wp-content\/uploads\/2022\/11\/whatsapp-image-2022-11-08-at-10_optimized.11.20-am-1.jpeg\" alt='' title='whatsapp-image-2022-11-08-at-10_optimized.11.20-am (1)' height=\"600\" width=\"1070\"  itemprop=\"thumbnailUrl\" srcset=\"https:\/\/radiorevelacionfm.cl\/wp-content\/uploads\/2022\/11\/whatsapp-image-2022-11-08-at-10_optimized.11.20-am-1.jpeg 1070w, https:\/\/radiorevelacionfm.cl\/wp-content\/uploads\/2022\/11\/whatsapp-image-2022-11-08-at-10_optimized.11.20-am-1-300x168.jpeg 300w, https:\/\/radiorevelacionfm.cl\/wp-content\/uploads\/2022\/11\/whatsapp-image-2022-11-08-at-10_optimized.11.20-am-1-1030x578.jpeg 1030w, https:\/\/radiorevelacionfm.cl\/wp-content\/uploads\/2022\/11\/whatsapp-image-2022-11-08-at-10_optimized.11.20-am-1-768x431.jpeg 768w, https:\/\/radiorevelacionfm.cl\/wp-content\/uploads\/2022\/11\/whatsapp-image-2022-11-08-at-10_optimized.11.20-am-1-705x395.jpeg 705w, https:\/\/radiorevelacionfm.cl\/wp-content\/uploads\/2022\/11\/whatsapp-image-2022-11-08-at-10_optimized.11.20-am-1-600x336.jpeg 600w\" sizes=\"(max-width: 1070px) 100vw, 1070px\" \/><\/div><\/div><\/div><\/div><div class=\"flex_column av_one_full  flex_column_div av-zero-column-padding first  avia-builder-el-2  el_after_av_one_full  el_before_av_one_full  column-top-margin\" style='border-radius:0px; '><section class=\"av_textblock_section \"  itemscope=\"itemscope\" itemtype=\"https:\/\/schema.org\/BlogPosting\" itemprop=\"blogPost\" ><div class='avia_textblock  '   itemprop=\"text\" ><p style=\"text-align: center;\"><strong><span style=\"font-size: 18pt;\">GORE desarroll\u00f3 el primer seminario \u00abPensando la Corporaci\u00f3n Regional de Desarrollo\u00bb <\/span><\/strong><\/p>\n<div id=\"gtx-trans\" style=\"position: absolute; left: -50px; top: 4.31534px;\">\n<div class=\"gtx-trans-icon\"><\/div>\n<\/div>\n<\/div><\/section><\/div><div class=\"flex_column av_one_full  flex_column_div av-zero-column-padding first  avia-builder-el-4  el_after_av_one_full  el_before_av_hr  column-top-margin\" style='border-radius:0px; '><section class=\"av_textblock_section \"  itemscope=\"itemscope\" itemtype=\"https:\/\/schema.org\/BlogPosting\" itemprop=\"blogPost\" ><div class='avia_textblock  '   itemprop=\"text\" ><p dir=\"ltr\" style=\"text-align: justify;\">El Gobierno Regional desarroll\u00f3 el primer seminario \u00abPensando la Corporaci\u00f3n Regional de Desarrollo\u00bb con representantes del sector p\u00fablico y privado, con el fin de rescatar ideas y valores pensando en la conformaci\u00f3n de la Corporaci\u00f3n de Desarrollo Regional para la Regi\u00f3n de Ays\u00e9n, instituci\u00f3n que se piensa como un foco para el desarrollo productivo. El encuentro, desarrollado en el sal\u00f3n del Hotel Dreams, fue liderado por la Gobernadora, Andrea Mac\u00edas Palma, quien valor\u00f3 la asistencia y las voluntades de los asistentes de trabajar en conjunto para la creaci\u00f3n de la instituci\u00f3n.<\/p>\n<p dir=\"ltr\" style=\"text-align: justify;\">\u00abDesde los distintos sectores productivos se ha planteado la necesidad de contar con esta Corporaci\u00f3n de Desarrollo Regional, que se entiende adem\u00e1s, que es un instrumento efectivo que permitir\u00eda una ejecuci\u00f3n m\u00e1s r\u00e1pida de recursos. Pero tambi\u00e9n esto que tanta falta nos hace en la regi\u00f3n que es, c\u00f3mo logramos mover la inversi\u00f3n p\u00fablica y privada en funci\u00f3n de objetivos comunes\u00bb, expres\u00f3 la Gobernadora.<\/p>\n<p dir=\"ltr\" style=\"text-align: justify;\">En la actividad participaron m\u00e1s de sesenta personas, entre ellos secretarios y secretarias regionales ministeriales, representantes de c\u00e1maras de comercio, empresarios locales y autoridades de la Regi\u00f3n de Ays\u00e9n, al igual que los Consejeros Regionales Jorge Abello, V\u00edctor Escobar, Felipe Klein, Rocco Martiniello, Omar Mu\u00f1oz, y las Consejeras Regionales Paula Acu\u00f1a, Paulina Hern\u00e1ndez y Marisol Mart\u00ednez.<\/p>\n<p dir=\"ltr\" style=\"text-align: justify;\">La Consejera titular de la Comisi\u00f3n de Regionalizaci\u00f3n, Integraci\u00f3n Territorial y Medio Ambiente (RIMA), Paulina Hern\u00e1ndez, dijo que el espacio de encuentro fue grato y permiti\u00f3 compartir experiencias, pero tambi\u00e9n \u00abrepensar hacia d\u00f3nde tenemos que apuntar como regi\u00f3n, hacia d\u00f3nde tenemos que avanzar como Gobierno Regional, pero tambi\u00e9n hacia d\u00f3nde debemos apuntar en miras a ir creciendo. No podemos seguir estancados ,no podemos seguir mirando nuestra regi\u00f3n como una regi\u00f3n olvidada y romantizando nuestras carencias, sino que visualizando en esta carencia una posibilidad y una oportunidad de crecer a partir de esta corporaci\u00f3n\u00bb, enfatiz\u00f3 la Consejera.<\/p>\n<p dir=\"ltr\" style=\"text-align: justify;\">En el seminario se realiz\u00f3 una din\u00e1mica de trabajo, donde cada mesa compuesta por siete integrantes ten\u00eda cuatro preguntas. Cada grupo deb\u00eda responder las interrogantes, mediante su experiencia y expectativas, para luego contar sus conclusiones a todos los invitados. Las mesas estaban conformadas por distintos representantes, tanto del mundo p\u00fablico como privado, la Gobernadora, Consejeras y Consejeros Regionales.<\/p>\n<p dir=\"ltr\" style=\"text-align: justify;\">Uno de ellos fue Omar Mu\u00f1oz, presidente de la Comisi\u00f3n de Fomento, el que expres\u00f3 la importancia de reunir a actores relevantes para la econom\u00eda regional. \u00abEso es sumamente valioso para este proceso que est\u00e1 llevando el Gobierno Regional para definir la creaci\u00f3n de una Corporaci\u00f3n de Desarrollo Regional. En lo personal sigo pensando que hay que trabajar en definir un foco, un \u00e9nfasis estrat\u00e9gico que deba tener esta corporaci\u00f3n, para qu\u00e9, para que el impacto efectivamente sea concreto en el desarrollo de la regi\u00f3n. Por lo tanto, se avanza en este proceso y esperemos que podamos llegar a un estatuto de corporaci\u00f3n lo m\u00e1s beneficioso para la Regi\u00f3n de Ays\u00e9n\u00bb, dijo el integrante del cuerpo colegiado.<\/p>\n<p dir=\"ltr\" style=\"text-align: justify;\">En la ceremonia tambi\u00e9n estuvo presente Marcela Araneda, coordinadora de Desarrolla Biob\u00edo (Regi\u00f3n del Biob\u00edo) y Claudina Uribe, gerenta general de Desarrolla Araucan\u00eda (Regi\u00f3n de la Araucan\u00eda). Ambas expusieron sobre sus experiencias en la creaci\u00f3n, dificultades y mantenci\u00f3n de las respectivas corporaciones que representan. Tambi\u00e9n enfatizaron en los beneficios de descentralizaci\u00f3n y desarrollo que provoca la creaci\u00f3n de una corporaci\u00f3n.<\/p>\n<p dir=\"ltr\" style=\"text-align: justify;\">Para Claudina Uribe (Desarrolla Araucan\u00eda) es importante poder contar su experiencia de trabajo, porque \u00abes un instrumento que hoy d\u00eda realmente puede descentralizar la propia regi\u00f3n, del punto de vista de llevar iniciativas a los territorios de la Regi\u00f3n de Ays\u00e9n y considerar cada una de la brechas que tiene desde el punto de vista de la productividad los propios territorios, y as\u00ed mismo para la atracci\u00f3n de inversi\u00f3n privada que tambi\u00e9n en regiones, igual como la nuestra, que tiene una alta inversi\u00f3n p\u00fablica, no es tan simple atraer el capital privado\u00bb, dijo la representante de la Regi\u00f3n de La Araucan\u00eda.<\/p>\n<p dir=\"ltr\" style=\"text-align: justify;\">El Gobierno Regional de Ays\u00e9n busca reforzar la alianza p\u00fablico-privada para fomentar los espacios de desarrollo, tanto econ\u00f3mico, cultural, deportivo y tur\u00edstico. H\u00e9ctor Canales, presidente de IDays\u00e9n Instituto de Desarrollo Empresarial y del Emprendimiento de la Regi\u00f3n de Ays\u00e9n, expres\u00f3 que \u00abencuentro bastante provechoso y, vuelvo a repetir, los tiempos son cortos. Yo no me esperar\u00eda mucho m\u00e1s y, como estos depende del Gobierno Regional y la aprobaci\u00f3n de los Consejeros, el recado es a que terminemos los miedos, los tiempos. Hay que agilizarlo, es muy necesaria esta corporaci\u00f3n para el desarrollo de la regi\u00f3n integral de los territorios, como aqu\u00ed se ha dicho\u00bb.<\/p>\n<p dir=\"ltr\" style=\"text-align: justify;\">El ejercicio de trabajo en conjunto busca que las ideas fuerza, los valores y los objetivos expresados por las distintas instituciones y gremios se consoliden en el Gobierno Regional y su Consejo.<\/p>\n<\/div><\/section><\/div><div  style='height:50px' class='hr hr-invisible   avia-builder-el-6  el_after_av_one_full  el_before_av_social_share '><span class='hr-inner ' ><span class='hr-inner-style'><\/span><\/span><\/div><\/p>\n<div  class='av-social-sharing-box  avia-builder-el-7  el_after_av_hr  el_before_av_hr  '><div class='av-share-box'><h5 class='av-share-link-description av-no-toc '>Compartir esta noticia<\/h5><ul class='av-share-box-list noLightbox'><li class='av-share-link av-social-link-facebook' ><a target=\"_blank\" aria-label=\"Compartir en Facebook\" href='https:\/\/www.facebook.com\/sharer.php?u=https:\/\/radiorevelacionfm.cl\/?p=23977&#038;t=GORE%20desarroll%C3%B3%20el%20primer%20seminario%20%C2%ABPensando%20la%20Corporaci%C3%B3n%20Regional%20de%20Desarrollo%C2%BB' aria-hidden='false' data-av_icon='\ue8f3' data-av_iconfont='entypo-fontello' title='' data-avia-related-tooltip='Compartir en Facebook' rel=\"noopener\"><span class='avia_hidden_link_text'>Compartir en Facebook<\/span><\/a><\/li><li class='av-share-link av-social-link-twitter' ><a target=\"_blank\" aria-label=\"Compartir en Twitter\" href='https:\/\/twitter.com\/share?text=GORE%20desarroll%C3%B3%20el%20primer%20seminario%20%C2%ABPensando%20la%20Corporaci%C3%B3n%20Regional%20de%20Desarrollo%C2%BB&#038;url=https:\/\/radiorevelacionfm.cl\/?p=23977' aria-hidden='false' data-av_icon='\ue8f1' data-av_iconfont='entypo-fontello' title='' data-avia-related-tooltip='Compartir en Twitter' rel=\"noopener\"><span class='avia_hidden_link_text'>Compartir en Twitter<\/span><\/a><\/li><li class='av-share-link av-social-link-whatsapp' ><a target=\"_blank\" aria-label=\"Compartir en Whatsapp\" href='https:\/\/api.whatsapp.com\/send?text=https:\/\/radiorevelacionfm.cl\/?p=23977' aria-hidden='false' data-av_icon='\uf232' data-av_iconfont='entypo-fontello' title='' data-avia-related-tooltip='Compartir en Whatsapp' rel=\"noopener\"><span class='avia_hidden_link_text'>Compartir en Whatsapp<\/span><\/a><\/li><li class='av-share-link av-social-link-linkedin' ><a target=\"_blank\" aria-label=\"Compartir en LinkedIn\" href='https:\/\/linkedin.com\/shareArticle?mini=true&#038;title=GORE%20desarroll%C3%B3%20el%20primer%20seminario%20%C2%ABPensando%20la%20Corporaci%C3%B3n%20Regional%20de%20Desarrollo%C2%BB&#038;url=https:\/\/radiorevelacionfm.cl\/?p=23977' aria-hidden='false' data-av_icon='\ue8fc' data-av_iconfont='entypo-fontello' title='' data-avia-related-tooltip='Compartir en LinkedIn' rel=\"noopener\"><span class='avia_hidden_link_text'>Compartir en LinkedIn<\/span><\/a><\/li><li class='av-share-link av-social-link-mail' ><a  aria-label=\"Compartir por correo\" href='mailto:?subject=GORE%20desarroll%C3%B3%20el%20primer%20seminario%20%C2%ABPensando%20la%20Corporaci%C3%B3n%20Regional%20de%20Desarrollo%C2%BB&#038;body=https:\/\/radiorevelacionfm.cl\/?p=23977' aria-hidden='false' data-av_icon='\ue805' data-av_iconfont='entypo-fontello' title='' data-avia-related-tooltip='Compartir por correo'><span class='avia_hidden_link_text'>Compartir por correo<\/span><\/a><\/li><\/ul><\/div><\/div>\n<div  style='height:50px' class='hr hr-invisible   avia-builder-el-8  el_after_av_social_share  el_before_av_comments_list '><span class='hr-inner ' ><span class='hr-inner-style'><\/span><\/span><\/div>\n<div  class='av-buildercomment  av-blog-meta-html-info-disabled av-blog-meta-tag-disabled  '><\/div>\n","protected":false},"excerpt":{"rendered":"","protected":false},"author":1,"featured_media":23978,"comment_status":"open","ping_status":"open","sticky":false,"template":"","format":"standard","meta":{"footnotes":""},"categories":[38],"tags":[],"class_list":["post-23977","post","type-post","status-publish","format-standard","has-post-thumbnail","hentry","category-regional"],"jetpack_featured_media_url":"https:\/\/radiorevelacionfm.cl\/wp-content\/uploads\/2022\/11\/whatsapp-image-2022-11-08-at-10_optimized.11.20-am-1.jpeg","_links":{"self":[{"href":"https:\/\/radiorevelacionfm.cl\/index.php?rest_route=\/wp\/v2\/posts\/23977","targetHints":{"allow":["GET"]}}],"collection":[{"href":"https:\/\/radiorevelacionfm.cl\/index.php?rest_route=\/wp\/v2\/posts"}],"about":[{"href":"https:\/\/radiorevelacionfm.cl\/index.php?rest_route=\/wp\/v2\/types\/post"}],"author":[{"embeddable":true,"href":"https:\/\/radiorevelacionfm.cl\/index.php?rest_route=\/wp\/v2\/users\/1"}],"replies":[{"embeddable":true,"href":"https:\/\/radiorevelacionfm.cl\/index.php?rest_route=%2Fwp%2Fv2%2Fcomments&post=23977"}],"version-history":[{"count":2,"href":"https:\/\/radiorevelacionfm.cl\/index.php?rest_route=\/wp\/v2\/posts\/23977\/revisions"}],"predecessor-version":[{"id":23993,"href":"https:\/\/radiorevelacionfm.cl\/index.php?rest_route=\/wp\/v2\/posts\/23977\/revisions\/23993"}],"wp:featuredmedia":[{"embeddable":true,"href":"https:\/\/radiorevelacionfm.cl\/index.php?rest_route=\/wp\/v2\/media\/23978"}],"wp:attachment":[{"href":"https:\/\/radiorevelacionfm.cl\/index.php?rest_route=%2Fwp%2Fv2%2Fmedia&parent=23977"}],"wp:term":[{"taxonomy":"category","embeddable":true,"href":"https:\/\/radiorevelacionfm.cl\/index.php?rest_route=%2Fwp%2Fv2%2Fcategories&post=23977"},{"taxonomy":"post_tag","embeddable":true,"href":"https:\/\/radiorevelacionfm.cl\/index.php?rest_route=%2Fwp%2Fv2%2Ftags&post=23977"}],"curies":[{"name":"wp","href":"https:\/\/api.w.org\/{rel}","templated":true}]}}