{"id":23963,"date":"2022-11-09T09:19:44","date_gmt":"2022-11-09T12:19:44","guid":{"rendered":"https:\/\/radiorevelacionfm.cl\/?p=23963"},"modified":"2022-11-09T09:19:44","modified_gmt":"2022-11-09T12:19:44","slug":"gobernadora-entrega-camiones-recolectores-de-residuos-a-municipio-de-cisnes","status":"publish","type":"post","link":"https:\/\/radiorevelacionfm.cl\/?p=23963","title":{"rendered":"Gobernadora entrega camiones recolectores de residuos a municipio de Cisnes"},"content":{"rendered":"<div class=\"flex_column av_one_full  flex_column_div av-zero-column-padding first  avia-builder-el-0  el_before_av_one_full  avia-builder-el-first  \" style='border-radius:0px; '><div  class='avia-image-container  av-styling-    avia-builder-el-1  avia-builder-el-no-sibling  avia-align-center '  itemprop=\"image\" itemscope=\"itemscope\" itemtype=\"https:\/\/schema.org\/ImageObject\"  ><div class='avia-image-container-inner'><div class='avia-image-overlay-wrap'><img decoding=\"async\" class='wp-image-23966 avia-img-lazy-loading-not-23966 avia_image' src=\"https:\/\/radiorevelacionfm.cl\/wp-content\/uploads\/2022\/11\/1-51-1.jpeg\" alt='' title='1 (51) (1)' height=\"600\" width=\"900\"  itemprop=\"thumbnailUrl\" srcset=\"https:\/\/radiorevelacionfm.cl\/wp-content\/uploads\/2022\/11\/1-51-1.jpeg 900w, https:\/\/radiorevelacionfm.cl\/wp-content\/uploads\/2022\/11\/1-51-1-300x200.jpeg 300w, https:\/\/radiorevelacionfm.cl\/wp-content\/uploads\/2022\/11\/1-51-1-768x512.jpeg 768w, https:\/\/radiorevelacionfm.cl\/wp-content\/uploads\/2022\/11\/1-51-1-705x470.jpeg 705w, https:\/\/radiorevelacionfm.cl\/wp-content\/uploads\/2022\/11\/1-51-1-600x400.jpeg 600w\" sizes=\"(max-width: 900px) 100vw, 900px\" \/><\/div><\/div><\/div><\/div><div class=\"flex_column av_one_full  flex_column_div av-zero-column-padding first  avia-builder-el-2  el_after_av_one_full  el_before_av_one_full  column-top-margin\" style='border-radius:0px; '><section class=\"av_textblock_section \"  itemscope=\"itemscope\" itemtype=\"https:\/\/schema.org\/BlogPosting\" itemprop=\"blogPost\" ><div class='avia_textblock  '   itemprop=\"text\" ><p style=\"text-align: center;\"><strong><span style=\"font-size: 18pt;\">Gobernadora entrega camiones recolectores de residuos a municipio de Cisnes<\/span><\/strong><\/p>\n<div id=\"gtx-trans\" style=\"position: absolute; left: -50px; top: 4.31534px;\">\n<div class=\"gtx-trans-icon\"><\/div>\n<\/div>\n<\/div><\/section><\/div><\/p>\n<div class=\"flex_column av_one_full  flex_column_div av-zero-column-padding first  avia-builder-el-4  el_after_av_one_full  el_before_av_hr  column-top-margin\" style='border-radius:0px; '><section class=\"av_textblock_section \"  itemscope=\"itemscope\" itemtype=\"https:\/\/schema.org\/BlogPosting\" itemprop=\"blogPost\" ><div class='avia_textblock  '   itemprop=\"text\" ><p dir=\"ltr\" style=\"text-align: justify;\">Junto a vecinos y vecinas de Puerto Cisnes, la Gobernadora Regional, Andrea Mac\u00edas Palma, realiz\u00f3 la entrega de dos camiones recolectores de residuos al alcalde de la comuna de Cisnes, Francisco Roncagliolo, junto a la Consejera Paola Rodr\u00edguez.<\/p>\n<p dir=\"ltr\" style=\"text-align: justify;\">La actividad se realiz\u00f3 afuera de la municipalidad, donde las y los asistentes pudieron observar la nueva maquinaria. El \u00abGobierno Regional de Ays\u00e9n y su Consejo, cumpliendo nuestros compromisos, gesti\u00f3n de residuos. Para nosotros este aporte de trescientos cincuenta millones de pesos que se traduce en dos camiones recolectores de basura para la comuna de Cisnes es fundamental\u00bb, dijo la Gobernadora Regional.<\/p>\n<p dir=\"ltr\" style=\"text-align: justify;\">Las personas presentes valoraron el traspaso de los camiones, entre ellas, la Presidenta de una de las juntas de vecinos de Puerto Cisnes, Gloria Cadag\u00e1n, la que expres\u00f3 que era una necesidad, por lo que la llegada de estos, representa parte de la soluci\u00f3n a una \u00abfalencia que viene ya desde hace cuatro a\u00f1os con camiones que est\u00e1n en mal estado, que si bien no hemos tenido un calendario continuo del retiro de la basura domiciliaria de nuestros vecinos a ra\u00edz de los malos equipos que ten\u00edamos. Hoy d\u00eda con estos camiones se va a mejorar significativamente el apoyo para cada localidad\u00bb.<\/p>\n<p dir=\"ltr\" style=\"text-align: justify;\">El financiamiento de los camiones fue posible gracias al Gobierno Regional y su Consejo, tras la aprobaci\u00f3n del proyecto: \u00abAdquisici\u00f3n de camiones recolectores de RSD, comuna de Cisnes\u00bb.<\/p>\n<p dir=\"ltr\" style=\"text-align: justify;\">\u00abComo comuna y como municipio estamos muy contentos por este apoyo, agradecidos tambi\u00e9n por este aporte del Gobierno Regional a trav\u00e9s de la Gobernadora Regional y su Consejo y, efectivamente, viene a solucionar una tem\u00e1tica que nosotros estamos viviendo como comuna y tiene que ver con que los camiones antiguos, estaban antiguos, son camiones que han tenido muchas pana, muchas complicaciones, son inseguros\u00bb, dijo el alcalde Francisco Roncagliolo.<\/p>\n<p dir=\"ltr\" style=\"text-align: justify;\">La autoridad local coincidi\u00f3 en que era una necesidad existente, inform\u00f3 que uno de ellos estar\u00e1 en La Junta, e inform\u00f3 que esto permitir\u00e1 mejorar los servicios por la capacidad de cada cami\u00f3n marca Mercedez Benz, los que tiene una caja compactadora de veinte metros c\u00fabicos con alza contenedor.<\/p>\n<p dir=\"ltr\" style=\"text-align: justify;\">\u00abPara nosotros de verdad que es reconfortante como vecinos de la comuna de Cisnes, tener hoy d\u00eda la implementaci\u00f3n de estos dos camiones ac\u00e1. Agradecemos infinitamente, de verdad, la gesti\u00f3n por parte de nuestra Gobernadora, de nuestro alcalde y tambi\u00e9n de los Consejeros\u00a0 Regionales que dieron su aprobaci\u00f3n para que esto hoy d\u00eda se llevara a cabo. Viene a cumplir una necesidad muy anhelada por la comuna de Cisnes\u00bb, dijo la Consejera Regional, Paola Rodriguez, de la Provincia de Ays\u00e9n.<\/p>\n<p dir=\"ltr\" style=\"text-align: justify;\">La Gobernadora Andrea Mac\u00edas Palma, durante la instancia inform\u00f3 que seguir\u00e1n trabajando de manera colaborativa con los municipios para resolver problem\u00e1ticas de las comunidades, as\u00ed contribuir y ayudar a las personas de los distintos territorios de la Regi\u00f3n de Ays\u00e9n.<\/p>\n<\/div><\/section><\/div>\n<div  style='height:50px' class='hr hr-invisible   avia-builder-el-6  el_after_av_one_full  el_before_av_social_share '><span class='hr-inner ' ><span class='hr-inner-style'><\/span><\/span><\/div>\n<div  class='av-social-sharing-box  avia-builder-el-7  el_after_av_hr  el_before_av_hr  '><div class='av-share-box'><h5 class='av-share-link-description av-no-toc '>Compartir esta noticia<\/h5><ul class='av-share-box-list noLightbox'><li class='av-share-link av-social-link-facebook' ><a target=\"_blank\" aria-label=\"Compartir en Facebook\" href='https:\/\/www.facebook.com\/sharer.php?u=https:\/\/radiorevelacionfm.cl\/?p=23963&#038;t=Gobernadora%20entrega%20camiones%20recolectores%20de%20residuos%20a%20municipio%20de%20Cisnes' aria-hidden='false' data-av_icon='\ue8f3' data-av_iconfont='entypo-fontello' title='' data-avia-related-tooltip='Compartir en Facebook' rel=\"noopener\"><span class='avia_hidden_link_text'>Compartir en Facebook<\/span><\/a><\/li><li class='av-share-link av-social-link-twitter' ><a target=\"_blank\" aria-label=\"Compartir en Twitter\" href='https:\/\/twitter.com\/share?text=Gobernadora%20entrega%20camiones%20recolectores%20de%20residuos%20a%20municipio%20de%20Cisnes&#038;url=https:\/\/radiorevelacionfm.cl\/?p=23963' aria-hidden='false' data-av_icon='\ue8f1' data-av_iconfont='entypo-fontello' title='' data-avia-related-tooltip='Compartir en Twitter' rel=\"noopener\"><span class='avia_hidden_link_text'>Compartir en Twitter<\/span><\/a><\/li><li class='av-share-link av-social-link-whatsapp' ><a target=\"_blank\" aria-label=\"Compartir en Whatsapp\" href='https:\/\/api.whatsapp.com\/send?text=https:\/\/radiorevelacionfm.cl\/?p=23963' aria-hidden='false' data-av_icon='\uf232' data-av_iconfont='entypo-fontello' title='' data-avia-related-tooltip='Compartir en Whatsapp' rel=\"noopener\"><span class='avia_hidden_link_text'>Compartir en Whatsapp<\/span><\/a><\/li><li class='av-share-link av-social-link-linkedin' ><a target=\"_blank\" aria-label=\"Compartir en LinkedIn\" href='https:\/\/linkedin.com\/shareArticle?mini=true&#038;title=Gobernadora%20entrega%20camiones%20recolectores%20de%20residuos%20a%20municipio%20de%20Cisnes&#038;url=https:\/\/radiorevelacionfm.cl\/?p=23963' aria-hidden='false' data-av_icon='\ue8fc' data-av_iconfont='entypo-fontello' title='' data-avia-related-tooltip='Compartir en LinkedIn' rel=\"noopener\"><span class='avia_hidden_link_text'>Compartir en LinkedIn<\/span><\/a><\/li><li class='av-share-link av-social-link-mail' ><a  aria-label=\"Compartir por correo\" href='mailto:?subject=Gobernadora%20entrega%20camiones%20recolectores%20de%20residuos%20a%20municipio%20de%20Cisnes&#038;body=https:\/\/radiorevelacionfm.cl\/?p=23963' aria-hidden='false' data-av_icon='\ue805' data-av_iconfont='entypo-fontello' title='' data-avia-related-tooltip='Compartir por correo'><span class='avia_hidden_link_text'>Compartir por correo<\/span><\/a><\/li><\/ul><\/div><\/div>\n<div  style='height:50px' class='hr hr-invisible   avia-builder-el-8  el_after_av_social_share  el_before_av_comments_list '><span class='hr-inner ' ><span class='hr-inner-style'><\/span><\/span><\/div>\n<div  class='av-buildercomment  av-blog-meta-html-info-disabled av-blog-meta-tag-disabled  '><\/div>\n","protected":false},"excerpt":{"rendered":"","protected":false},"author":1,"featured_media":23966,"comment_status":"open","ping_status":"open","sticky":false,"template":"","format":"standard","meta":{"footnotes":""},"categories":[38],"tags":[],"class_list":["post-23963","post","type-post","status-publish","format-standard","has-post-thumbnail","hentry","category-regional"],"jetpack_featured_media_url":"https:\/\/radiorevelacionfm.cl\/wp-content\/uploads\/2022\/11\/1-51-1.jpeg","_links":{"self":[{"href":"https:\/\/radiorevelacionfm.cl\/index.php?rest_route=\/wp\/v2\/posts\/23963","targetHints":{"allow":["GET"]}}],"collection":[{"href":"https:\/\/radiorevelacionfm.cl\/index.php?rest_route=\/wp\/v2\/posts"}],"about":[{"href":"https:\/\/radiorevelacionfm.cl\/index.php?rest_route=\/wp\/v2\/types\/post"}],"author":[{"embeddable":true,"href":"https:\/\/radiorevelacionfm.cl\/index.php?rest_route=\/wp\/v2\/users\/1"}],"replies":[{"embeddable":true,"href":"https:\/\/radiorevelacionfm.cl\/index.php?rest_route=%2Fwp%2Fv2%2Fcomments&post=23963"}],"version-history":[{"count":3,"href":"https:\/\/radiorevelacionfm.cl\/index.php?rest_route=\/wp\/v2\/posts\/23963\/revisions"}],"predecessor-version":[{"id":23968,"href":"https:\/\/radiorevelacionfm.cl\/index.php?rest_route=\/wp\/v2\/posts\/23963\/revisions\/23968"}],"wp:featuredmedia":[{"embeddable":true,"href":"https:\/\/radiorevelacionfm.cl\/index.php?rest_route=\/wp\/v2\/media\/23966"}],"wp:attachment":[{"href":"https:\/\/radiorevelacionfm.cl\/index.php?rest_route=%2Fwp%2Fv2%2Fmedia&parent=23963"}],"wp:term":[{"taxonomy":"category","embeddable":true,"href":"https:\/\/radiorevelacionfm.cl\/index.php?rest_route=%2Fwp%2Fv2%2Fcategories&post=23963"},{"taxonomy":"post_tag","embeddable":true,"href":"https:\/\/radiorevelacionfm.cl\/index.php?rest_route=%2Fwp%2Fv2%2Ftags&post=23963"}],"curies":[{"name":"wp","href":"https:\/\/api.w.org\/{rel}","templated":true}]}}