{"id":23960,"date":"2022-11-09T11:26:02","date_gmt":"2022-11-09T14:26:02","guid":{"rendered":"https:\/\/radiorevelacionfm.cl\/?p=23960"},"modified":"2022-11-09T11:26:02","modified_gmt":"2022-11-09T14:26:02","slug":"carabineros-ha-detenido-a-mas-de-2-500-personas-por-delitos-asociados-al-robo-de-madera","status":"publish","type":"post","link":"https:\/\/radiorevelacionfm.cl\/?p=23960","title":{"rendered":"Carabineros ha detenido a m\u00e1s de 2.500 personas por delitos asociados al robo de madera"},"content":{"rendered":"<div class=\"flex_column av_one_full  flex_column_div av-zero-column-padding first  avia-builder-el-0  el_before_av_one_full  avia-builder-el-first  \" style='border-radius:0px; '><div  class='avia-image-container  av-styling-    avia-builder-el-1  avia-builder-el-no-sibling  avia-align-center '  itemprop=\"image\" itemscope=\"itemscope\" itemtype=\"https:\/\/schema.org\/ImageObject\"  ><div class='avia-image-container-inner'><div class='avia-image-overlay-wrap'><img decoding=\"async\" class='wp-image-23961 avia-img-lazy-loading-not-23961 avia_image' src=\"https:\/\/radiorevelacionfm.cl\/wp-content\/uploads\/2022\/11\/Fiscalizacion-Madera-scaled-1-1.jpg\" alt='' title='Fiscalizacion-Madera-scaled (1) (1)' height=\"600\" width=\"900\"  itemprop=\"thumbnailUrl\" srcset=\"https:\/\/radiorevelacionfm.cl\/wp-content\/uploads\/2022\/11\/Fiscalizacion-Madera-scaled-1-1.jpg 900w, https:\/\/radiorevelacionfm.cl\/wp-content\/uploads\/2022\/11\/Fiscalizacion-Madera-scaled-1-1-300x200.jpg 300w, https:\/\/radiorevelacionfm.cl\/wp-content\/uploads\/2022\/11\/Fiscalizacion-Madera-scaled-1-1-768x512.jpg 768w, https:\/\/radiorevelacionfm.cl\/wp-content\/uploads\/2022\/11\/Fiscalizacion-Madera-scaled-1-1-705x470.jpg 705w, https:\/\/radiorevelacionfm.cl\/wp-content\/uploads\/2022\/11\/Fiscalizacion-Madera-scaled-1-1-600x400.jpg 600w\" sizes=\"(max-width: 900px) 100vw, 900px\" \/><\/div><\/div><\/div><\/div><div class=\"flex_column av_one_full  flex_column_div av-zero-column-padding first  avia-builder-el-2  el_after_av_one_full  el_before_av_one_full  column-top-margin\" style='border-radius:0px; '><section class=\"av_textblock_section \"  itemscope=\"itemscope\" itemtype=\"https:\/\/schema.org\/BlogPosting\" itemprop=\"blogPost\" ><div class='avia_textblock  '   itemprop=\"text\" ><p style=\"text-align: center;\"><strong><span style=\"font-size: 18pt;\">Carabineros ha detenido a m\u00e1s de 2.500 personas por delitos asociados al robo de madera\u00a0<\/span><\/strong><\/p>\n<\/div><\/section><\/div><div class=\"flex_column av_one_full  flex_column_div av-zero-column-padding first  avia-builder-el-4  el_after_av_one_full  el_before_av_hr  column-top-margin\" style='border-radius:0px; '><section class=\"av_textblock_section \"  itemscope=\"itemscope\" itemtype=\"https:\/\/schema.org\/BlogPosting\" itemprop=\"blogPost\" ><div class='avia_textblock  '   itemprop=\"text\" ><div style=\"text-align: justify;\">\n<p class=\"v1MsoNormal\" style=\"text-align: justify;\">En el balance el General Gonz\u00e1lez, tambi\u00e9n agradeci\u00f3 el reconocimiento de la ciudadan\u00eda a Carabineros de Chile seg\u00fan lo reflejado en la \u00faltima encuesta Cadem en la que la Instituci\u00f3n increment\u00f3 en 19 puntos porcentuales su aprobaci\u00f3n.<\/p>\n<p class=\"v1MsoNormal\" style=\"text-align: justify;\">En el informe semanal de la labor policial realizada por Carabineros, el Jefe de Zona Metropolitana General Insp. Carlos Gonz\u00e1lez Gallegos, dio a conocer que durante los \u00faltimos seis a\u00f1os la polic\u00eda uniformada ha logrado la detenci\u00f3n de 2.563 personas ligadas al delito del robo de madera, principalmente en la Macrozonasur.<\/p>\n<p class=\"v1MsoNormal\" style=\"text-align: justify;\">Del total de aprehendidos por estos delitos, 147 fueron en \u00d1uble, 1.443 en Biob\u00edo, 602 en La Araucan\u00eda, 304 en Los R\u00edos y 67 en Los Lagos. Por otra parte el oficial general se\u00f1al\u00f3 que, el 46% de los detenidos registra detenciones previas por Carabineros. Adem\u00e1s dio a conocer que el detenido m\u00e1s prol\u00edfico por estos il\u00edcitos es un sujeto de 27 a\u00f1os, apodado \u00abPejerrey\u00bb y que ha sido aprehendido 38 veces por carabineros por diversos delitos, incluyendo un homicidio, siendo su primera detenci\u00f3n el a\u00f1o 2010.<\/p>\n<p class=\"v1MsoNormal\" style=\"text-align: justify;\">El informe policial correspondiente a la semana comprendida entre el 31 de octubre al 6 de noviembre de este a\u00f1o, destaca que a nivel nacional se han detenido a 6.360 personas. De ellos, el 30% (1.890) fueron arrestados en la RM. Del total, 1.772 fueron detenidos por delitos de mayor connotaci\u00f3n social DMCS, 185 por drogas, 64 por ley de armas, 1.392 por orden judicial pendiente y por otros hechos 2.947, en resumen fueron 909 detenidos diarios a nivel nacional.<\/p>\n<p class=\"v1MsoNormal\" style=\"text-align: justify;\"><b>Delincuencia organizada<\/b><\/p>\n<p class=\"v1MsoNormal\" style=\"text-align: justify;\">Esta \u00faltima semana, en torno al combate de organizaciones criminales, Carabineros ha incautado: 568,3 kilos de drogas, 71 armas de fuego, ha desarticulado 11 bandas delictuales y recuperado 540 veh\u00edculos robados.<\/p>\n<p class=\"v1MsoNormal\" style=\"text-align: justify;\">En este mismo orden, en lo que va del a\u00f1o, ha incautado 22.257 kilos de drogas, 2.962 armas de fuego, ha desarticulado 712 bandas y recuperado 22.224 veh\u00edculos robados.<\/p>\n<p class=\"v1MsoNormal\" style=\"text-align: justify;\"><b>Plan Anen, Centauro<\/b><\/p>\n<p class=\"v1MsoNormal\" style=\"text-align: justify;\">Desde el 28 de mayo al 6 de noviembre del presente a\u00f1o, se han intervenido, en el marco del Plan Anti encerronas (Anen), 30 comunas, recuperando 160 veh\u00edculos robados en encerronas, se han realizado 29.697 controles preventivos, 215 talleres fiscalizados y 220.678 lecturas de patentes.<\/p>\n<p class=\"v1MsoNormal\" style=\"text-align: justify;\">En el mismo Plan, se han detenido a 677 sujetos ligados al robo de veh\u00edculos, es decir 4 diarios aproximadamente, de ellos, un 68% registra detenciones anteriores. A partir de estas cifras, es posible se\u00f1alar que existen cinco comunas de la RM que registran mayor cantidad de detenidos (219).<\/p>\n<p>En tanto, el Plan Centauro registra desde el 14 de junio como resultado a su labor, 1.339 detenidos, en su mayor\u00eda personas que manten\u00edan \u00f3rdenes vigentes (961), receptaci\u00f3n (86), porte de arma blanca (57) y robos (26), entre otros delitos. Se suma a ello, que en este importante servicio se han realizado 59.271 controles de identidad preventivos, se incautaron de manos de delincuentes 89 armas de fuego y se han decomisado 61 kilos de droga.<\/p>\n<\/div>\n<div style=\"text-align: justify;\"><\/div>\n<\/div><\/section><\/div><div  style='height:50px' class='hr hr-invisible   avia-builder-el-6  el_after_av_one_full  el_before_av_social_share '><span class='hr-inner ' ><span class='hr-inner-style'><\/span><\/span><\/div><\/p>\n<div  class='av-social-sharing-box  avia-builder-el-7  el_after_av_hr  el_before_av_hr  '><div class='av-share-box'><h5 class='av-share-link-description av-no-toc '>Compartir esta noticia<\/h5><ul class='av-share-box-list noLightbox'><li class='av-share-link av-social-link-facebook' ><a target=\"_blank\" aria-label=\"Compartir en Facebook\" href='https:\/\/www.facebook.com\/sharer.php?u=https:\/\/radiorevelacionfm.cl\/?p=23960&#038;t=Carabineros%20ha%20detenido%20a%20m%C3%A1s%20de%202.500%20personas%20por%20delitos%20asociados%20al%20robo%20de%20madera' aria-hidden='false' data-av_icon='\ue8f3' data-av_iconfont='entypo-fontello' title='' data-avia-related-tooltip='Compartir en Facebook' rel=\"noopener\"><span class='avia_hidden_link_text'>Compartir en Facebook<\/span><\/a><\/li><li class='av-share-link av-social-link-twitter' ><a target=\"_blank\" aria-label=\"Compartir en Twitter\" href='https:\/\/twitter.com\/share?text=Carabineros%20ha%20detenido%20a%20m%C3%A1s%20de%202.500%20personas%20por%20delitos%20asociados%20al%20robo%20de%20madera&#038;url=https:\/\/radiorevelacionfm.cl\/?p=23960' aria-hidden='false' data-av_icon='\ue8f1' data-av_iconfont='entypo-fontello' title='' data-avia-related-tooltip='Compartir en Twitter' rel=\"noopener\"><span class='avia_hidden_link_text'>Compartir en Twitter<\/span><\/a><\/li><li class='av-share-link av-social-link-whatsapp' ><a target=\"_blank\" aria-label=\"Compartir en Whatsapp\" href='https:\/\/api.whatsapp.com\/send?text=https:\/\/radiorevelacionfm.cl\/?p=23960' aria-hidden='false' data-av_icon='\uf232' data-av_iconfont='entypo-fontello' title='' data-avia-related-tooltip='Compartir en Whatsapp' rel=\"noopener\"><span class='avia_hidden_link_text'>Compartir en Whatsapp<\/span><\/a><\/li><li class='av-share-link av-social-link-linkedin' ><a target=\"_blank\" aria-label=\"Compartir en LinkedIn\" href='https:\/\/linkedin.com\/shareArticle?mini=true&#038;title=Carabineros%20ha%20detenido%20a%20m%C3%A1s%20de%202.500%20personas%20por%20delitos%20asociados%20al%20robo%20de%20madera&#038;url=https:\/\/radiorevelacionfm.cl\/?p=23960' aria-hidden='false' data-av_icon='\ue8fc' data-av_iconfont='entypo-fontello' title='' data-avia-related-tooltip='Compartir en LinkedIn' rel=\"noopener\"><span class='avia_hidden_link_text'>Compartir en LinkedIn<\/span><\/a><\/li><li class='av-share-link av-social-link-mail' ><a  aria-label=\"Compartir por correo\" href='mailto:?subject=Carabineros%20ha%20detenido%20a%20m%C3%A1s%20de%202.500%20personas%20por%20delitos%20asociados%20al%20robo%20de%20madera&#038;body=https:\/\/radiorevelacionfm.cl\/?p=23960' aria-hidden='false' data-av_icon='\ue805' data-av_iconfont='entypo-fontello' title='' data-avia-related-tooltip='Compartir por correo'><span class='avia_hidden_link_text'>Compartir por correo<\/span><\/a><\/li><\/ul><\/div><\/div>\n<div  style='height:50px' class='hr hr-invisible   avia-builder-el-8  el_after_av_social_share  el_before_av_comments_list '><span class='hr-inner ' ><span class='hr-inner-style'><\/span><\/span><\/div>\n<div  class='av-buildercomment  av-blog-meta-html-info-disabled av-blog-meta-tag-disabled  '><\/div>\n","protected":false},"excerpt":{"rendered":"","protected":false},"author":1,"featured_media":23961,"comment_status":"open","ping_status":"open","sticky":false,"template":"","format":"standard","meta":{"footnotes":""},"categories":[36],"tags":[],"class_list":["post-23960","post","type-post","status-publish","format-standard","has-post-thumbnail","hentry","category-policial"],"jetpack_featured_media_url":"https:\/\/radiorevelacionfm.cl\/wp-content\/uploads\/2022\/11\/Fiscalizacion-Madera-scaled-1-1.jpg","_links":{"self":[{"href":"https:\/\/radiorevelacionfm.cl\/index.php?rest_route=\/wp\/v2\/posts\/23960","targetHints":{"allow":["GET"]}}],"collection":[{"href":"https:\/\/radiorevelacionfm.cl\/index.php?rest_route=\/wp\/v2\/posts"}],"about":[{"href":"https:\/\/radiorevelacionfm.cl\/index.php?rest_route=\/wp\/v2\/types\/post"}],"author":[{"embeddable":true,"href":"https:\/\/radiorevelacionfm.cl\/index.php?rest_route=\/wp\/v2\/users\/1"}],"replies":[{"embeddable":true,"href":"https:\/\/radiorevelacionfm.cl\/index.php?rest_route=%2Fwp%2Fv2%2Fcomments&post=23960"}],"version-history":[{"count":2,"href":"https:\/\/radiorevelacionfm.cl\/index.php?rest_route=\/wp\/v2\/posts\/23960\/revisions"}],"predecessor-version":[{"id":23971,"href":"https:\/\/radiorevelacionfm.cl\/index.php?rest_route=\/wp\/v2\/posts\/23960\/revisions\/23971"}],"wp:featuredmedia":[{"embeddable":true,"href":"https:\/\/radiorevelacionfm.cl\/index.php?rest_route=\/wp\/v2\/media\/23961"}],"wp:attachment":[{"href":"https:\/\/radiorevelacionfm.cl\/index.php?rest_route=%2Fwp%2Fv2%2Fmedia&parent=23960"}],"wp:term":[{"taxonomy":"category","embeddable":true,"href":"https:\/\/radiorevelacionfm.cl\/index.php?rest_route=%2Fwp%2Fv2%2Fcategories&post=23960"},{"taxonomy":"post_tag","embeddable":true,"href":"https:\/\/radiorevelacionfm.cl\/index.php?rest_route=%2Fwp%2Fv2%2Ftags&post=23960"}],"curies":[{"name":"wp","href":"https:\/\/api.w.org\/{rel}","templated":true}]}}