{"id":23957,"date":"2022-11-09T10:14:02","date_gmt":"2022-11-09T13:14:02","guid":{"rendered":"https:\/\/radiorevelacionfm.cl\/?p=23957"},"modified":"2022-11-09T10:14:02","modified_gmt":"2022-11-09T13:14:02","slug":"comision-regional-de-uso-del-borde-costero-recomienda-aprobar-dos-concesiones-y-se-apronta-a-discutir-zonas-contiguas","status":"publish","type":"post","link":"https:\/\/radiorevelacionfm.cl\/?p=23957","title":{"rendered":"Comisi\u00f3n Regional de Uso del Borde Costero recomienda aprobar dos concesiones y se apronta a discutir Zonas Contiguas"},"content":{"rendered":"<div class=\"flex_column av_one_full  flex_column_div av-zero-column-padding first  avia-builder-el-0  el_before_av_one_full  avia-builder-el-first  \" style='border-radius:0px; '><div  class='avia-image-container  av-styling-    avia-builder-el-1  avia-builder-el-no-sibling  avia-align-center '  itemprop=\"image\" itemscope=\"itemscope\" itemtype=\"https:\/\/schema.org\/ImageObject\"  ><div class='avia-image-container-inner'><div class='avia-image-overlay-wrap'><img decoding=\"async\" class='wp-image-23958 avia-img-lazy-loading-not-23958 avia_image' src=\"https:\/\/radiorevelacionfm.cl\/wp-content\/uploads\/2022\/11\/image00007-1_optimized.jpeg\" alt='' title='image00007-(1)_optimized' height=\"600\" width=\"900\"  itemprop=\"thumbnailUrl\" srcset=\"https:\/\/radiorevelacionfm.cl\/wp-content\/uploads\/2022\/11\/image00007-1_optimized.jpeg 900w, https:\/\/radiorevelacionfm.cl\/wp-content\/uploads\/2022\/11\/image00007-1_optimized-300x200.jpeg 300w, https:\/\/radiorevelacionfm.cl\/wp-content\/uploads\/2022\/11\/image00007-1_optimized-768x512.jpeg 768w, https:\/\/radiorevelacionfm.cl\/wp-content\/uploads\/2022\/11\/image00007-1_optimized-705x470.jpeg 705w, https:\/\/radiorevelacionfm.cl\/wp-content\/uploads\/2022\/11\/image00007-1_optimized-600x400.jpeg 600w\" sizes=\"(max-width: 900px) 100vw, 900px\" \/><\/div><\/div><\/div><\/div><div class=\"flex_column av_one_full  flex_column_div av-zero-column-padding first  avia-builder-el-2  el_after_av_one_full  el_before_av_one_full  column-top-margin\" style='border-radius:0px; '><section class=\"av_textblock_section \"  itemscope=\"itemscope\" itemtype=\"https:\/\/schema.org\/BlogPosting\" itemprop=\"blogPost\" ><div class='avia_textblock  '   itemprop=\"text\" ><p style=\"text-align: center;\"><strong><span style=\"font-size: 18pt;\">Comisi\u00f3n Regional de Uso del Borde Costero recomienda aprobar dos concesiones y se apronta a discutir Zonas Contiguas\u00a0<\/span><\/strong><\/p>\n<div id=\"gtx-trans\" style=\"position: absolute; left: -50px; top: 4.31534px;\">\n<div class=\"gtx-trans-icon\"><\/div>\n<\/div>\n<\/div><\/section><\/div><div class=\"flex_column av_one_full  flex_column_div av-zero-column-padding first  avia-builder-el-4  el_after_av_one_full  el_before_av_hr  column-top-margin\" style='border-radius:0px; '><section class=\"av_textblock_section \"  itemscope=\"itemscope\" itemtype=\"https:\/\/schema.org\/BlogPosting\" itemprop=\"blogPost\" ><div class='avia_textblock  '   itemprop=\"text\" ><div>\n<p style=\"text-align: justify;\">En la instancia presidida por la Gobernadora Regional, Andrea Mac\u00edas Palma, la Subsecretar\u00eda de Pesca y Acuicultura (Subpesca) present\u00f3 antecedentes a la comisi\u00f3n como apronte para la discusi\u00f3n sobre las \u00e1reas mar\u00edtimas y la actividad productiva de la regi\u00f3n. Adem\u00e1s, se recomend\u00f3 la aprobaci\u00f3n de dos concesiones en Puerto Ays\u00e9n y en Puerto Chacabuco.<\/p>\n<p style=\"text-align: justify;\">Durante una nueva sesi\u00f3n de la Comisi\u00f3n Regional de Uso del Borde Costero (CRUBC), realizada este lunes en el edificio central del Gobierno Regional de Ays\u00e9n, las autoridades locales, junto a representantes de las organizaciones civiles y gremios empresariales presentes, recibieron a la Subsecretar\u00eda de Pesca (Subpesca) para conocer en detalle los antecedentes y la situaci\u00f3n actual de las denominadas Zonas Contiguas.<\/p>\n<p style=\"text-align: justify;\">En ese sentido, la Gobernadora Regional, Andrea Mac\u00edas Palma, quien presidi\u00f3 la instancia, se refiri\u00f3 a la importancia de comenzar a abordar el tema de las Zonas Contiguas. \u00abSabemos que siempre los problemas sociales y pol\u00edticos en materia de pesca de la Regi\u00f3n de Los Lagos, se han resuelto mediante los recursos de la D\u00e9cimo Primera Regi\u00f3n en desmedro siempre de nuestra pesca artesanal. Esperamos, de aqu\u00ed en m\u00e1s, avanzar hacia la regionalizaci\u00f3n de los recursos, de su administraci\u00f3n, y poder fortalecer a nuestro litoral, para avanzar efectivamente en mayores niveles de desarrollo que vayan en beneficio de nuestra Regi\u00f3n de Ays\u00e9n\u00bb, sostuvo.<\/p>\n<p style=\"text-align: justify;\">La presentaci\u00f3n de la Subpesca incorpor\u00f3 la historia de las Zonas Contiguas y un completo an\u00e1lisis sobre c\u00f3mo se configuran en la actualidad, con el objetivo de que el CRUBC pueda proceder a su evaluaci\u00f3n en las pr\u00f3ximas reuniones ante el vencimiento del acuerdo vigente en mayo de 2023.<\/p>\n<p style=\"text-align: justify;\">Sobre esto, el Delegado Presidencial Regional, Rodrigo Araya Morales, asegur\u00f3 que \u00abse abri\u00f3 un debate muy interesante a continuar, y que obviamente va a seguir siendo tema, ya que los pescadores artesanales tienen que tomar alguna resoluci\u00f3n\u00bb. Agreg\u00f3 que \u00abes muy pertinente en esa discusi\u00f3n, insistir en el rol del Estado, en relaci\u00f3n a los estudios cient\u00edficos que se deben aportar a esto y tambi\u00e9n en la importancia de la fiscalizaci\u00f3n\u00bb.<\/p>\n<p style=\"text-align: justify;\">Los y las pescadoras artesanales de la Regi\u00f3n de Ays\u00e9n relevan el uso sustentable y respetuoso de los recursos, adem\u00e1s de rechazar la pesca ilegal. As\u00ed lo dio a entender uno de sus representantes presentes en la comisi\u00f3n, Honorino Angulo Mansilla, reconocido dirigente del sector quien tambi\u00e9n valor\u00f3 el espacio de discusi\u00f3n. \u00abHoy queremos darle la confianza a nuestro Gobierno Regional, con la autonom\u00eda que tiene la Gobernadora para que defendamos la regi\u00f3n\u00bb, recalc\u00f3.<\/p>\n<p style=\"text-align: justify;\">A la reuni\u00f3n asistieron tambi\u00e9n la Consejera Regional, Loreta Villegas Almonacid, y el Consejero Marco Gillibrand Mar\u00edn; el jefe de la Direcci\u00f3n de Planificaci\u00f3n y Desarrollo del Gobierno Regional (DIPLADE) Francisco Lara Acevedo; los delegados provinciales de Ays\u00e9n y Capit\u00e1n Prat; los alcaldes de Chile Chico, Cochrane, Coyhaique, O&#8217;higgins, R\u00edo Ib\u00e1\u00f1ez, Ays\u00e9n, Cisnes, Guaitecas y Tortel, entre otras autoridades regionales y locales.<\/p>\n<p style=\"text-align: justify;\">Fue el alcalde de Cisnes, Francisco Roncagliolo Lepio, quien durante la instancia hizo hincapi\u00e9 en que espera que \u00abde aqu\u00ed en adelante se consideren los lugares de votaci\u00f3n para definir lo que va a ser el proceso 2023 de las zonas contiguas de una mejor forma. Que participen realmente todas las caletas y no tengan que andar los pescadores traslad\u00e1ndose a distintos lugares, porque as\u00ed no se cumple que todos puedan participar\u00bb.<\/p>\n<p style=\"text-align: justify;\">Por \u00faltimo, tras la presentaci\u00f3n, la CRUBC discuti\u00f3 y recomend\u00f3 la aprobaci\u00f3n de dos concesiones mar\u00edtimas, una ubicada en Puerto Ays\u00e9n y solicitada por Empresa Concesionaria de Servicios Sanitarios S.A., y la otra ubicada en Puerto Chacabuco y requerida por la empresa Graneros S.A.<\/p>\n<p style=\"text-align: justify;\">Tras este pronunciamiento de la comisi\u00f3n, el gobernador mar\u00edtimo de la Regi\u00f3n de Ays\u00e9n, Javier Ch\u00e1vez Correa, explic\u00f3 las principales razones que tuvo la CRUBC para recomendar a la Subsecretar\u00eda de Fuerzas Armadas aprobar las concesiones discutidas, aclarando que son s\u00f3lo regularizaciones: una para una empresa que lleva tiempo trabajando y est\u00e1 tratando de ampliarse a trav\u00e9s de boyas, muelles y tuber\u00edas, y otra que viene desde 2010 en funcionamiento pero que se le hab\u00edan vencido los plazos para solicitar la pr\u00f3rroga.<\/p>\n<\/div>\n<\/div><\/section><\/div><div  style='height:50px' class='hr hr-invisible   avia-builder-el-6  el_after_av_one_full  el_before_av_social_share '><span class='hr-inner ' ><span class='hr-inner-style'><\/span><\/span><\/div><\/p>\n<div  class='av-social-sharing-box  avia-builder-el-7  el_after_av_hr  el_before_av_hr  '><div class='av-share-box'><h5 class='av-share-link-description av-no-toc '>Compartir esta noticia<\/h5><ul class='av-share-box-list noLightbox'><li class='av-share-link av-social-link-facebook' ><a target=\"_blank\" aria-label=\"Compartir en Facebook\" href='https:\/\/www.facebook.com\/sharer.php?u=https:\/\/radiorevelacionfm.cl\/?p=23957&#038;t=Comisi%C3%B3n%20Regional%20de%20Uso%20del%20Borde%20Costero%20recomienda%20aprobar%20dos%20concesiones%20y%20se%20apronta%20a%20discutir%20Zonas%20Contiguas' aria-hidden='false' data-av_icon='\ue8f3' data-av_iconfont='entypo-fontello' title='' data-avia-related-tooltip='Compartir en Facebook' rel=\"noopener\"><span class='avia_hidden_link_text'>Compartir en Facebook<\/span><\/a><\/li><li class='av-share-link av-social-link-twitter' ><a target=\"_blank\" aria-label=\"Compartir en Twitter\" href='https:\/\/twitter.com\/share?text=Comisi%C3%B3n%20Regional%20de%20Uso%20del%20Borde%20Costero%20recomienda%20aprobar%20dos%20concesiones%20y%20se%20apronta%20a%20discutir%20Zonas%20Contiguas&#038;url=https:\/\/radiorevelacionfm.cl\/?p=23957' aria-hidden='false' data-av_icon='\ue8f1' data-av_iconfont='entypo-fontello' title='' data-avia-related-tooltip='Compartir en Twitter' rel=\"noopener\"><span class='avia_hidden_link_text'>Compartir en Twitter<\/span><\/a><\/li><li class='av-share-link av-social-link-whatsapp' ><a target=\"_blank\" aria-label=\"Compartir en Whatsapp\" href='https:\/\/api.whatsapp.com\/send?text=https:\/\/radiorevelacionfm.cl\/?p=23957' aria-hidden='false' data-av_icon='\uf232' data-av_iconfont='entypo-fontello' title='' data-avia-related-tooltip='Compartir en Whatsapp' rel=\"noopener\"><span class='avia_hidden_link_text'>Compartir en Whatsapp<\/span><\/a><\/li><li class='av-share-link av-social-link-linkedin' ><a target=\"_blank\" aria-label=\"Compartir en LinkedIn\" href='https:\/\/linkedin.com\/shareArticle?mini=true&#038;title=Comisi%C3%B3n%20Regional%20de%20Uso%20del%20Borde%20Costero%20recomienda%20aprobar%20dos%20concesiones%20y%20se%20apronta%20a%20discutir%20Zonas%20Contiguas&#038;url=https:\/\/radiorevelacionfm.cl\/?p=23957' aria-hidden='false' data-av_icon='\ue8fc' data-av_iconfont='entypo-fontello' title='' data-avia-related-tooltip='Compartir en LinkedIn' rel=\"noopener\"><span class='avia_hidden_link_text'>Compartir en LinkedIn<\/span><\/a><\/li><li class='av-share-link av-social-link-mail' ><a  aria-label=\"Compartir por correo\" href='mailto:?subject=Comisi%C3%B3n%20Regional%20de%20Uso%20del%20Borde%20Costero%20recomienda%20aprobar%20dos%20concesiones%20y%20se%20apronta%20a%20discutir%20Zonas%20Contiguas&#038;body=https:\/\/radiorevelacionfm.cl\/?p=23957' aria-hidden='false' data-av_icon='\ue805' data-av_iconfont='entypo-fontello' title='' data-avia-related-tooltip='Compartir por correo'><span class='avia_hidden_link_text'>Compartir por correo<\/span><\/a><\/li><\/ul><\/div><\/div>\n<div  style='height:50px' class='hr hr-invisible   avia-builder-el-8  el_after_av_social_share  el_before_av_comments_list '><span class='hr-inner ' ><span class='hr-inner-style'><\/span><\/span><\/div>\n<div  class='av-buildercomment  av-blog-meta-html-info-disabled av-blog-meta-tag-disabled  '><\/div>\n","protected":false},"excerpt":{"rendered":"","protected":false},"author":1,"featured_media":23958,"comment_status":"open","ping_status":"open","sticky":false,"template":"","format":"standard","meta":{"footnotes":""},"categories":[38],"tags":[],"class_list":["post-23957","post","type-post","status-publish","format-standard","has-post-thumbnail","hentry","category-regional"],"jetpack_featured_media_url":"https:\/\/radiorevelacionfm.cl\/wp-content\/uploads\/2022\/11\/image00007-1_optimized.jpeg","_links":{"self":[{"href":"https:\/\/radiorevelacionfm.cl\/index.php?rest_route=\/wp\/v2\/posts\/23957","targetHints":{"allow":["GET"]}}],"collection":[{"href":"https:\/\/radiorevelacionfm.cl\/index.php?rest_route=\/wp\/v2\/posts"}],"about":[{"href":"https:\/\/radiorevelacionfm.cl\/index.php?rest_route=\/wp\/v2\/types\/post"}],"author":[{"embeddable":true,"href":"https:\/\/radiorevelacionfm.cl\/index.php?rest_route=\/wp\/v2\/users\/1"}],"replies":[{"embeddable":true,"href":"https:\/\/radiorevelacionfm.cl\/index.php?rest_route=%2Fwp%2Fv2%2Fcomments&post=23957"}],"version-history":[{"count":2,"href":"https:\/\/radiorevelacionfm.cl\/index.php?rest_route=\/wp\/v2\/posts\/23957\/revisions"}],"predecessor-version":[{"id":23970,"href":"https:\/\/radiorevelacionfm.cl\/index.php?rest_route=\/wp\/v2\/posts\/23957\/revisions\/23970"}],"wp:featuredmedia":[{"embeddable":true,"href":"https:\/\/radiorevelacionfm.cl\/index.php?rest_route=\/wp\/v2\/media\/23958"}],"wp:attachment":[{"href":"https:\/\/radiorevelacionfm.cl\/index.php?rest_route=%2Fwp%2Fv2%2Fmedia&parent=23957"}],"wp:term":[{"taxonomy":"category","embeddable":true,"href":"https:\/\/radiorevelacionfm.cl\/index.php?rest_route=%2Fwp%2Fv2%2Fcategories&post=23957"},{"taxonomy":"post_tag","embeddable":true,"href":"https:\/\/radiorevelacionfm.cl\/index.php?rest_route=%2Fwp%2Fv2%2Ftags&post=23957"}],"curies":[{"name":"wp","href":"https:\/\/api.w.org\/{rel}","templated":true}]}}