{"id":23953,"date":"2022-11-08T19:27:11","date_gmt":"2022-11-08T22:27:11","guid":{"rendered":"https:\/\/radiorevelacionfm.cl\/?p=23953"},"modified":"2022-11-08T19:27:11","modified_gmt":"2022-11-08T22:27:11","slug":"carabineros-realizo-evacuacion-aeromedica-de-paciente-con-riesgo-vital-desde-chile-chico-a-coyhaique","status":"publish","type":"post","link":"https:\/\/radiorevelacionfm.cl\/?p=23953","title":{"rendered":"Carabineros realiz\u00f3 evacuaci\u00f3n aerom\u00e9dica de paciente con riesgo vital desde Chile Chico a Coyhaique"},"content":{"rendered":"<div class=\"flex_column av_one_full  flex_column_div av-zero-column-padding first  avia-builder-el-0  el_before_av_one_full  avia-builder-el-first  \" style='border-radius:0px; '><div  class='avia-image-container  av-styling-    avia-builder-el-1  avia-builder-el-no-sibling  avia-align-center '  itemprop=\"image\" itemscope=\"itemscope\" itemtype=\"https:\/\/schema.org\/ImageObject\"  ><div class='avia-image-container-inner'><div class='avia-image-overlay-wrap'><img decoding=\"async\" class='wp-image-23954 avia-img-lazy-loading-not-23954 avia_image' src=\"https:\/\/radiorevelacionfm.cl\/wp-content\/uploads\/2022\/11\/image-2022-11-08T192628.718-1.jpg\" alt='' title='image - 2022-11-08T192628.718 (1)' height=\"600\" width=\"714\"  itemprop=\"thumbnailUrl\" srcset=\"https:\/\/radiorevelacionfm.cl\/wp-content\/uploads\/2022\/11\/image-2022-11-08T192628.718-1.jpg 714w, https:\/\/radiorevelacionfm.cl\/wp-content\/uploads\/2022\/11\/image-2022-11-08T192628.718-1-300x252.jpg 300w, https:\/\/radiorevelacionfm.cl\/wp-content\/uploads\/2022\/11\/image-2022-11-08T192628.718-1-705x592.jpg 705w, https:\/\/radiorevelacionfm.cl\/wp-content\/uploads\/2022\/11\/image-2022-11-08T192628.718-1-600x504.jpg 600w\" sizes=\"(max-width: 714px) 100vw, 714px\" \/><\/div><\/div><\/div><\/div><div class=\"flex_column av_one_full  flex_column_div av-zero-column-padding first  avia-builder-el-2  el_after_av_one_full  el_before_av_one_full  column-top-margin\" style='border-radius:0px; '><section class=\"av_textblock_section \"  itemscope=\"itemscope\" itemtype=\"https:\/\/schema.org\/BlogPosting\" itemprop=\"blogPost\" ><div class='avia_textblock  '   itemprop=\"text\" ><p style=\"text-align: center;\"><strong><span style=\"font-size: 18pt;\">Carabineros realiz\u00f3 evacuaci\u00f3n aerom\u00e9dica de paciente con riesgo vital desde Chile Chico a Coyhaique<\/span><\/strong><\/p>\n<div id=\"gtx-trans\" style=\"position: absolute; left: -50px; top: 4.31534px;\">\n<div class=\"gtx-trans-icon\"><\/div>\n<\/div>\n<\/div><\/section><\/div><div class=\"flex_column av_one_full  flex_column_div av-zero-column-padding first  avia-builder-el-4  el_after_av_one_full  el_before_av_hr  column-top-margin\" style='border-radius:0px; '><section class=\"av_textblock_section \"  itemscope=\"itemscope\" itemtype=\"https:\/\/schema.org\/BlogPosting\" itemprop=\"blogPost\" ><div class='avia_textblock  '   itemprop=\"text\" ><p class=\"v1MsoNormal\" style=\"text-align: justify;\">Tras una solicitud de apoyo a\u00e9reo planteada por el SAMU, la Jefatura de Zona dispuso la inmediata concurrencia de la aeronave institucional, completando la misi\u00f3n en tiempo r\u00e9cord dada la gravedad de la paciente, siendo trasladada hasta el helipuerto del hospital regional.<\/p>\n<p class=\"v1MsoNormal\" style=\"text-align: justify;\">La urgente necesidad planteada por el SAMU a Carabineros Ays\u00e9n sobre el apoyo a\u00e9reo para el traslado de una menor de edad en riesgo vital desde Chile Chico a Coyhaique, encontr\u00f3 inmediata respuesta por parte de la Jefatura de Zona, siendo dispuesta la concurrencia de la Secci\u00f3n A\u00e9rea Coyhaique para dicho cometido.<\/p>\n<p class=\"v1MsoNormal\" style=\"text-align: justify;\">Instantes despu\u00e9s de recibir la petici\u00f3n -cerca de las 15:00 horas de ayer lunes- el personal despeg\u00f3 desde el hangar institucional ubicado en el Aer\u00f3dromo Teniente Vidal hasta la ciudad del sol, procediendo al embarque de la paciente, concretando la evacuaci\u00f3n aerom\u00e9dica hasta el helipuerto del hospital regional de Coyhaique, trayecto en que la menor estuvo acompa\u00f1ada por un param\u00e9dico del SAMU, quien verific\u00f3 su condici\u00f3n de salud durante el vuelo, hasta ser ingresada al servicio de urgencia del principal recinto asistencial de la regi\u00f3n de Ays\u00e9n.<\/p>\n<p class=\"v1MsoNormal\" style=\"text-align: justify;\">\u00abEra de suma urgencia debido a que esta menor de edad se encontraba con riesgo vital. En general -en el vuelo- no hubo mayores complejidades, se pudo realizar en forma pronta la urgencia que se requer\u00eda, considerando adem\u00e1s que los traslados v\u00eda a\u00e9rea son m\u00e1s eficientes, m\u00e1s r\u00e1pidos y no presentan mayores complicaciones a diferencia de si se hiciera v\u00eda terrestre\u00bb, expres\u00f3 el Jefe de la Secci\u00f3n A\u00e9rea de Carabineros de Ays\u00e9n, Mayor Jorge Castillo Bartsch.<\/p>\n<p class=\"v1MsoNormal\" style=\"text-align: justify;\">La misi\u00f3n se complet\u00f3 en 30 minutos de ida e igual tiempo de retorno, permitiendo brindar la respuesta oportuna que una situaci\u00f3n o condici\u00f3n cr\u00edtica de salud requiere, reduciendo con ello el riesgo y favoreciendo una atenci\u00f3n m\u00e9dica especializada en pos de salvarle la vida.<\/p>\n<p class=\"v1MsoNormal\" style=\"text-align: justify;\">\u00abEl traslado se efectu\u00f3 con normalidad y se pudo entregar la paciente en el hospital regional, sin novedad\u00bb, a\u00f1adi\u00f3 el Mayor Castillo.<\/p>\n<p style=\"text-align: justify;\">Carabineros a trav\u00e9s de la Secci\u00f3n A\u00e9rea brinda un servicio permanente, efectuando traslados aerom\u00e9dicos de emergencia, evacuaciones, participando igualmente en rescates, traslados de ayuda e insumos m\u00e9dicos, brindando apoyo en situaciones de cat\u00e1strofe, pudiendo acceder hasta los m\u00e1s rec\u00f3nditos lugares de nuestra accidentada geograf\u00eda, llegando de manera oportuna, estando m\u00e1s cerca de todos y al servicios de la comunidad.<\/p>\n<\/div><\/section><\/div><div  style='height:50px' class='hr hr-invisible   avia-builder-el-6  el_after_av_one_full  el_before_av_social_share '><span class='hr-inner ' ><span class='hr-inner-style'><\/span><\/span><\/div><\/p>\n<div  class='av-social-sharing-box  avia-builder-el-7  el_after_av_hr  el_before_av_hr  '><div class='av-share-box'><h5 class='av-share-link-description av-no-toc '>Compartir esta noticia<\/h5><ul class='av-share-box-list noLightbox'><li class='av-share-link av-social-link-facebook' ><a target=\"_blank\" aria-label=\"Compartir en Facebook\" href='https:\/\/www.facebook.com\/sharer.php?u=https:\/\/radiorevelacionfm.cl\/?p=23953&#038;t=Carabineros%20realiz%C3%B3%20evacuaci%C3%B3n%20aerom%C3%A9dica%20de%20paciente%20con%20riesgo%20vital%20desde%20Chile%20Chico%20a%20Coyhaique' aria-hidden='false' data-av_icon='\ue8f3' data-av_iconfont='entypo-fontello' title='' data-avia-related-tooltip='Compartir en Facebook' rel=\"noopener\"><span class='avia_hidden_link_text'>Compartir en Facebook<\/span><\/a><\/li><li class='av-share-link av-social-link-twitter' ><a target=\"_blank\" aria-label=\"Compartir en Twitter\" href='https:\/\/twitter.com\/share?text=Carabineros%20realiz%C3%B3%20evacuaci%C3%B3n%20aerom%C3%A9dica%20de%20paciente%20con%20riesgo%20vital%20desde%20Chile%20Chico%20a%20Coyhaique&#038;url=https:\/\/radiorevelacionfm.cl\/?p=23953' aria-hidden='false' data-av_icon='\ue8f1' data-av_iconfont='entypo-fontello' title='' data-avia-related-tooltip='Compartir en Twitter' rel=\"noopener\"><span class='avia_hidden_link_text'>Compartir en Twitter<\/span><\/a><\/li><li class='av-share-link av-social-link-whatsapp' ><a target=\"_blank\" aria-label=\"Compartir en Whatsapp\" href='https:\/\/api.whatsapp.com\/send?text=https:\/\/radiorevelacionfm.cl\/?p=23953' aria-hidden='false' data-av_icon='\uf232' data-av_iconfont='entypo-fontello' title='' data-avia-related-tooltip='Compartir en Whatsapp' rel=\"noopener\"><span class='avia_hidden_link_text'>Compartir en Whatsapp<\/span><\/a><\/li><li class='av-share-link av-social-link-linkedin' ><a target=\"_blank\" aria-label=\"Compartir en LinkedIn\" href='https:\/\/linkedin.com\/shareArticle?mini=true&#038;title=Carabineros%20realiz%C3%B3%20evacuaci%C3%B3n%20aerom%C3%A9dica%20de%20paciente%20con%20riesgo%20vital%20desde%20Chile%20Chico%20a%20Coyhaique&#038;url=https:\/\/radiorevelacionfm.cl\/?p=23953' aria-hidden='false' data-av_icon='\ue8fc' data-av_iconfont='entypo-fontello' title='' data-avia-related-tooltip='Compartir en LinkedIn' rel=\"noopener\"><span class='avia_hidden_link_text'>Compartir en LinkedIn<\/span><\/a><\/li><li class='av-share-link av-social-link-mail' ><a  aria-label=\"Compartir por correo\" href='mailto:?subject=Carabineros%20realiz%C3%B3%20evacuaci%C3%B3n%20aerom%C3%A9dica%20de%20paciente%20con%20riesgo%20vital%20desde%20Chile%20Chico%20a%20Coyhaique&#038;body=https:\/\/radiorevelacionfm.cl\/?p=23953' aria-hidden='false' data-av_icon='\ue805' data-av_iconfont='entypo-fontello' title='' data-avia-related-tooltip='Compartir por correo'><span class='avia_hidden_link_text'>Compartir por correo<\/span><\/a><\/li><\/ul><\/div><\/div>\n<div  style='height:50px' class='hr hr-invisible   avia-builder-el-8  el_after_av_social_share  el_before_av_comments_list '><span class='hr-inner ' ><span class='hr-inner-style'><\/span><\/span><\/div>\n<div  class='av-buildercomment  av-blog-meta-html-info-disabled av-blog-meta-tag-disabled  '><\/div>\n","protected":false},"excerpt":{"rendered":"","protected":false},"author":1,"featured_media":23954,"comment_status":"open","ping_status":"open","sticky":false,"template":"","format":"standard","meta":{"footnotes":""},"categories":[36],"tags":[],"class_list":["post-23953","post","type-post","status-publish","format-standard","has-post-thumbnail","hentry","category-policial"],"jetpack_featured_media_url":"https:\/\/radiorevelacionfm.cl\/wp-content\/uploads\/2022\/11\/image-2022-11-08T192628.718-1.jpg","_links":{"self":[{"href":"https:\/\/radiorevelacionfm.cl\/index.php?rest_route=\/wp\/v2\/posts\/23953","targetHints":{"allow":["GET"]}}],"collection":[{"href":"https:\/\/radiorevelacionfm.cl\/index.php?rest_route=\/wp\/v2\/posts"}],"about":[{"href":"https:\/\/radiorevelacionfm.cl\/index.php?rest_route=\/wp\/v2\/types\/post"}],"author":[{"embeddable":true,"href":"https:\/\/radiorevelacionfm.cl\/index.php?rest_route=\/wp\/v2\/users\/1"}],"replies":[{"embeddable":true,"href":"https:\/\/radiorevelacionfm.cl\/index.php?rest_route=%2Fwp%2Fv2%2Fcomments&post=23953"}],"version-history":[{"count":2,"href":"https:\/\/radiorevelacionfm.cl\/index.php?rest_route=\/wp\/v2\/posts\/23953\/revisions"}],"predecessor-version":[{"id":23956,"href":"https:\/\/radiorevelacionfm.cl\/index.php?rest_route=\/wp\/v2\/posts\/23953\/revisions\/23956"}],"wp:featuredmedia":[{"embeddable":true,"href":"https:\/\/radiorevelacionfm.cl\/index.php?rest_route=\/wp\/v2\/media\/23954"}],"wp:attachment":[{"href":"https:\/\/radiorevelacionfm.cl\/index.php?rest_route=%2Fwp%2Fv2%2Fmedia&parent=23953"}],"wp:term":[{"taxonomy":"category","embeddable":true,"href":"https:\/\/radiorevelacionfm.cl\/index.php?rest_route=%2Fwp%2Fv2%2Fcategories&post=23953"},{"taxonomy":"post_tag","embeddable":true,"href":"https:\/\/radiorevelacionfm.cl\/index.php?rest_route=%2Fwp%2Fv2%2Ftags&post=23953"}],"curies":[{"name":"wp","href":"https:\/\/api.w.org\/{rel}","templated":true}]}}