{"id":23945,"date":"2022-11-08T18:31:22","date_gmt":"2022-11-08T21:31:22","guid":{"rendered":"https:\/\/radiorevelacionfm.cl\/?p=23945"},"modified":"2022-11-08T19:16:30","modified_gmt":"2022-11-08T22:16:30","slug":"alistan-apertura-de-paso-fronterizo-dos-lagunas-en-la-comuna-de-ohiggins","status":"publish","type":"post","link":"https:\/\/radiorevelacionfm.cl\/?p=23945","title":{"rendered":"Alistan apertura de Paso Fronterizo Dos Lagunas en la comuna de O\u00b4Higgins"},"content":{"rendered":"<div class=\"flex_column av_one_full  flex_column_div av-zero-column-padding first  avia-builder-el-0  el_before_av_one_full  avia-builder-el-first  \" style='border-radius:0px; '><div  class='avia-image-container  av-styling-    avia-builder-el-1  avia-builder-el-no-sibling  avia-align-center '  itemprop=\"image\" itemscope=\"itemscope\" itemtype=\"https:\/\/schema.org\/ImageObject\"  ><div class='avia-image-container-inner'><div class='avia-image-overlay-wrap'><img decoding=\"async\" class='wp-image-23950 avia-img-lazy-loading-not-23950 avia_image' src=\"https:\/\/radiorevelacionfm.cl\/wp-content\/uploads\/2022\/11\/cruce_candelario_mancilla_laguna_del_desierto_1-1_optimized.jpg\" alt='' title='cruce_candelario_mancilla_laguna_del_desierto_(1)-(1)_optimized' height=\"600\" width=\"800\"  itemprop=\"thumbnailUrl\" srcset=\"https:\/\/radiorevelacionfm.cl\/wp-content\/uploads\/2022\/11\/cruce_candelario_mancilla_laguna_del_desierto_1-1_optimized.jpg 800w, https:\/\/radiorevelacionfm.cl\/wp-content\/uploads\/2022\/11\/cruce_candelario_mancilla_laguna_del_desierto_1-1_optimized-300x225.jpg 300w, https:\/\/radiorevelacionfm.cl\/wp-content\/uploads\/2022\/11\/cruce_candelario_mancilla_laguna_del_desierto_1-1_optimized-768x576.jpg 768w, https:\/\/radiorevelacionfm.cl\/wp-content\/uploads\/2022\/11\/cruce_candelario_mancilla_laguna_del_desierto_1-1_optimized-705x529.jpg 705w, https:\/\/radiorevelacionfm.cl\/wp-content\/uploads\/2022\/11\/cruce_candelario_mancilla_laguna_del_desierto_1-1_optimized-600x450.jpg 600w\" sizes=\"(max-width: 800px) 100vw, 800px\" \/><\/div><\/div><\/div><\/div><div class=\"flex_column av_one_full  flex_column_div av-zero-column-padding first  avia-builder-el-2  el_after_av_one_full  el_before_av_one_full  column-top-margin\" style='border-radius:0px; '><section class=\"av_textblock_section \"  itemscope=\"itemscope\" itemtype=\"https:\/\/schema.org\/BlogPosting\" itemprop=\"blogPost\" ><div class='avia_textblock  '   itemprop=\"text\" ><p style=\"text-align: center;\"><span style=\"font-size: 18pt;\"><b><span lang=\"ES\">Alistan apertura de Paso Fronterizo Dos Lagunas en la comuna de O\u00b4Higgins<\/span><\/b><\/span><\/p>\n<div id=\"gtx-trans\" style=\"position: absolute; left: -50px; top: 4.31534px;\">\n<div class=\"gtx-trans-icon\"><\/div>\n<\/div>\n<\/div><\/section><\/div><\/p>\n<div class=\"flex_column av_one_full  flex_column_div av-zero-column-padding first  avia-builder-el-4  el_after_av_one_full  el_before_av_hr  column-top-margin\" style='border-radius:0px; '><section class=\"av_textblock_section \"  itemscope=\"itemscope\" itemtype=\"https:\/\/schema.org\/BlogPosting\" itemprop=\"blogPost\" ><div class='avia_textblock  '   itemprop=\"text\" ><p style=\"font-weight: 400; text-align: justify;\">El pr\u00f3ximo martes 15 de noviembre reanudar\u00e1 sus operaciones para el tr\u00e1nsito internacional entre Chile y Argentina el Paso Fronterizo Dos Lagunas, ubicado en el sector Candelario Mancilla, comuna de O\u00b4Higgins, en el extremo sur de la Regi\u00f3n de Ays\u00e9n.<\/p>\n<p style=\"font-weight: 400; text-align: justify;\">As\u00ed lo inform\u00f3 la Delegada Presidencial Provincial Capit\u00e1n Prat, Marta Montiel Alarc\u00f3n, tras una reuni\u00f3n de coordinaci\u00f3n interinstitucional y de revisi\u00f3n de las acciones de mejoramiento de las condiciones sanitarias en la unidad.<\/p>\n<p style=\"font-weight: 400; text-align: justify;\">\u201cEn la provincia Capit\u00e1n Prat contamos con cuatro pasos fronterizos, tres comenzaron su funcionamiento y hoy d\u00eda podemos comunicar la apertura del paso Dos Lagunas tras el mejoramiento y habilitaci\u00f3n de la infraestructura sanitaria\u201d, indic\u00f3.<\/p>\n<p style=\"font-weight: 400; text-align: justify;\">En Dos Lagunas-Marconi, el control migratorio, de Aduanas, fitosanitario y sanitario estar\u00e1 a cargo de Carabineros de la Tenencia Tte. Hern\u00e1n Merino Correa.<\/p>\n<p style=\"font-weight: 400; text-align: justify;\">Como exigencia sanitaria, \u201cse requerir\u00e1 esquema de vacunaci\u00f3n completo o bien un PCR con resultado negativo constatado con un m\u00e1ximo de 48 horas antes del ingreso al pa\u00eds. En caso de no poseer ninguno de los dos, se deber\u00e1 firmar una declaraci\u00f3n jurada donde se comprometa la toma de un PCR en el recinto de salud m\u00e1s cercano en el m\u00e1s breve plazo\u201d, detall\u00f3 la delegada.<\/p>\n<p style=\"font-weight: 400; text-align: justify;\">El cruce fronterizo que une a Villa O\u2019Higgins con El Chalt\u00e9n es una ruta de 130 kil\u00f3metros que se estructura mediante trasbordos en buses y barcos, adem\u00e1s de la alternativa de caballos, trekking y bicicletas, uniendo la carretera Austral chilena con el Parque Nacional Los Glaciares de Argentina.<\/p>\n<p style=\"font-weight: 400; text-align: justify;\">Este paso fronterizo es controlado por la tenencia de Carabineros Hern\u00e1n Merino Correa, junto a la costa sur del lago O\u2019Higgins.<\/p>\n<p style=\"font-weight: 400; text-align: justify;\">De este modo, la provincia Capit\u00e1n Prat tendr\u00e1 todos sus pasos fronterizos operativos, tras la apertura de los pasos Roballos, R\u00edo Mayer y R\u00edo Mosco, en funcionamiento desde el pasado uno de noviembre.<\/p>\n<\/div><\/section><\/div>\n<div  style='height:50px' class='hr hr-invisible   avia-builder-el-6  el_after_av_one_full  el_before_av_social_share '><span class='hr-inner ' ><span class='hr-inner-style'><\/span><\/span><\/div>\n<div  class='av-social-sharing-box  avia-builder-el-7  el_after_av_hr  el_before_av_hr  '><div class='av-share-box'><h5 class='av-share-link-description av-no-toc '>Compartir esta noticia<\/h5><ul class='av-share-box-list noLightbox'><li class='av-share-link av-social-link-facebook' ><a target=\"_blank\" aria-label=\"Compartir en Facebook\" href='https:\/\/www.facebook.com\/sharer.php?u=https:\/\/radiorevelacionfm.cl\/?p=23945&#038;t=Alistan%20apertura%20de%20Paso%20Fronterizo%20Dos%20Lagunas%20en%20la%20comuna%20de%20O%C2%B4Higgins' aria-hidden='false' data-av_icon='\ue8f3' data-av_iconfont='entypo-fontello' title='' data-avia-related-tooltip='Compartir en Facebook' rel=\"noopener\"><span class='avia_hidden_link_text'>Compartir en Facebook<\/span><\/a><\/li><li class='av-share-link av-social-link-twitter' ><a target=\"_blank\" aria-label=\"Compartir en Twitter\" href='https:\/\/twitter.com\/share?text=Alistan%20apertura%20de%20Paso%20Fronterizo%20Dos%20Lagunas%20en%20la%20comuna%20de%20O%C2%B4Higgins&#038;url=https:\/\/radiorevelacionfm.cl\/?p=23945' aria-hidden='false' data-av_icon='\ue8f1' data-av_iconfont='entypo-fontello' title='' data-avia-related-tooltip='Compartir en Twitter' rel=\"noopener\"><span class='avia_hidden_link_text'>Compartir en Twitter<\/span><\/a><\/li><li class='av-share-link av-social-link-whatsapp' ><a target=\"_blank\" aria-label=\"Compartir en Whatsapp\" href='https:\/\/api.whatsapp.com\/send?text=https:\/\/radiorevelacionfm.cl\/?p=23945' aria-hidden='false' data-av_icon='\uf232' data-av_iconfont='entypo-fontello' title='' data-avia-related-tooltip='Compartir en Whatsapp' rel=\"noopener\"><span class='avia_hidden_link_text'>Compartir en Whatsapp<\/span><\/a><\/li><li class='av-share-link av-social-link-linkedin' ><a target=\"_blank\" aria-label=\"Compartir en LinkedIn\" href='https:\/\/linkedin.com\/shareArticle?mini=true&#038;title=Alistan%20apertura%20de%20Paso%20Fronterizo%20Dos%20Lagunas%20en%20la%20comuna%20de%20O%C2%B4Higgins&#038;url=https:\/\/radiorevelacionfm.cl\/?p=23945' aria-hidden='false' data-av_icon='\ue8fc' data-av_iconfont='entypo-fontello' title='' data-avia-related-tooltip='Compartir en LinkedIn' rel=\"noopener\"><span class='avia_hidden_link_text'>Compartir en LinkedIn<\/span><\/a><\/li><li class='av-share-link av-social-link-mail' ><a  aria-label=\"Compartir por correo\" href='mailto:?subject=Alistan%20apertura%20de%20Paso%20Fronterizo%20Dos%20Lagunas%20en%20la%20comuna%20de%20O%C2%B4Higgins&#038;body=https:\/\/radiorevelacionfm.cl\/?p=23945' aria-hidden='false' data-av_icon='\ue805' data-av_iconfont='entypo-fontello' title='' data-avia-related-tooltip='Compartir por correo'><span class='avia_hidden_link_text'>Compartir por correo<\/span><\/a><\/li><\/ul><\/div><\/div>\n<div  style='height:50px' class='hr hr-invisible   avia-builder-el-8  el_after_av_social_share  el_before_av_comments_list '><span class='hr-inner ' ><span class='hr-inner-style'><\/span><\/span><\/div>\n<div  class='av-buildercomment  av-blog-meta-html-info-disabled av-blog-meta-tag-disabled  '><\/div>\n","protected":false},"excerpt":{"rendered":"","protected":false},"author":1,"featured_media":23950,"comment_status":"open","ping_status":"open","sticky":false,"template":"","format":"standard","meta":{"footnotes":""},"categories":[38],"tags":[],"class_list":["post-23945","post","type-post","status-publish","format-standard","has-post-thumbnail","hentry","category-regional"],"jetpack_featured_media_url":"https:\/\/radiorevelacionfm.cl\/wp-content\/uploads\/2022\/11\/cruce_candelario_mancilla_laguna_del_desierto_1-1_optimized.jpg","_links":{"self":[{"href":"https:\/\/radiorevelacionfm.cl\/index.php?rest_route=\/wp\/v2\/posts\/23945","targetHints":{"allow":["GET"]}}],"collection":[{"href":"https:\/\/radiorevelacionfm.cl\/index.php?rest_route=\/wp\/v2\/posts"}],"about":[{"href":"https:\/\/radiorevelacionfm.cl\/index.php?rest_route=\/wp\/v2\/types\/post"}],"author":[{"embeddable":true,"href":"https:\/\/radiorevelacionfm.cl\/index.php?rest_route=\/wp\/v2\/users\/1"}],"replies":[{"embeddable":true,"href":"https:\/\/radiorevelacionfm.cl\/index.php?rest_route=%2Fwp%2Fv2%2Fcomments&post=23945"}],"version-history":[{"count":3,"href":"https:\/\/radiorevelacionfm.cl\/index.php?rest_route=\/wp\/v2\/posts\/23945\/revisions"}],"predecessor-version":[{"id":23952,"href":"https:\/\/radiorevelacionfm.cl\/index.php?rest_route=\/wp\/v2\/posts\/23945\/revisions\/23952"}],"wp:featuredmedia":[{"embeddable":true,"href":"https:\/\/radiorevelacionfm.cl\/index.php?rest_route=\/wp\/v2\/media\/23950"}],"wp:attachment":[{"href":"https:\/\/radiorevelacionfm.cl\/index.php?rest_route=%2Fwp%2Fv2%2Fmedia&parent=23945"}],"wp:term":[{"taxonomy":"category","embeddable":true,"href":"https:\/\/radiorevelacionfm.cl\/index.php?rest_route=%2Fwp%2Fv2%2Fcategories&post=23945"},{"taxonomy":"post_tag","embeddable":true,"href":"https:\/\/radiorevelacionfm.cl\/index.php?rest_route=%2Fwp%2Fv2%2Ftags&post=23945"}],"curies":[{"name":"wp","href":"https:\/\/api.w.org\/{rel}","templated":true}]}}