{"id":23941,"date":"2022-11-09T11:38:53","date_gmt":"2022-11-09T14:38:53","guid":{"rendered":"https:\/\/radiorevelacionfm.cl\/?p=23941"},"modified":"2022-11-09T11:38:53","modified_gmt":"2022-11-09T14:38:53","slug":"corfo-presenta-rol-de-la-investigacion-desarrollo-e-innovacion-en-el-programa-de-desarrollo-productivo-sostenible-que-impulsa-el-gobierno","status":"publish","type":"post","link":"https:\/\/radiorevelacionfm.cl\/?p=23941","title":{"rendered":"Corfo presenta rol de la Investigaci\u00f3n, Desarrollo e Innovaci\u00f3n en el Programa de Desarrollo Productivo Sostenible que impulsa el gobierno"},"content":{"rendered":"<div class=\"flex_column av_one_full  flex_column_div av-zero-column-padding first  avia-builder-el-0  el_before_av_one_full  avia-builder-el-first  \" style='border-radius:0px; '><div  class='avia-image-container  av-styling-    avia-builder-el-1  avia-builder-el-no-sibling  avia-align-center '  itemprop=\"image\" itemscope=\"itemscope\" itemtype=\"https:\/\/schema.org\/ImageObject\"  ><div class='avia-image-container-inner'><div class='avia-image-overlay-wrap'><img decoding=\"async\" class='wp-image-23942 avia-img-lazy-loading-not-23942 avia_image' src=\"https:\/\/radiorevelacionfm.cl\/wp-content\/uploads\/2022\/11\/Evento-Corfo-Vive-IDi-2022-1-1.jpg\" alt='' title='Evento Corfo Vive I+D+i 2022 (1) (1)' height=\"600\" width=\"899\"  itemprop=\"thumbnailUrl\" srcset=\"https:\/\/radiorevelacionfm.cl\/wp-content\/uploads\/2022\/11\/Evento-Corfo-Vive-IDi-2022-1-1.jpg 899w, https:\/\/radiorevelacionfm.cl\/wp-content\/uploads\/2022\/11\/Evento-Corfo-Vive-IDi-2022-1-1-300x200.jpg 300w, https:\/\/radiorevelacionfm.cl\/wp-content\/uploads\/2022\/11\/Evento-Corfo-Vive-IDi-2022-1-1-768x513.jpg 768w, https:\/\/radiorevelacionfm.cl\/wp-content\/uploads\/2022\/11\/Evento-Corfo-Vive-IDi-2022-1-1-705x471.jpg 705w, https:\/\/radiorevelacionfm.cl\/wp-content\/uploads\/2022\/11\/Evento-Corfo-Vive-IDi-2022-1-1-600x400.jpg 600w\" sizes=\"(max-width: 899px) 100vw, 899px\" \/><\/div><\/div><\/div><\/div><div class=\"flex_column av_one_full  flex_column_div av-zero-column-padding first  avia-builder-el-2  el_after_av_one_full  el_before_av_one_full  column-top-margin\" style='border-radius:0px; '><section class=\"av_textblock_section \"  itemscope=\"itemscope\" itemtype=\"https:\/\/schema.org\/BlogPosting\" itemprop=\"blogPost\" ><div class='avia_textblock  '   itemprop=\"text\" ><p style=\"text-align: center;\"><span style=\"font-size: 18pt;\"><b><span lang=\"ES\">Corfo presenta rol de la Investigaci\u00f3n, Desarrollo e Innovaci\u00f3n en el Programa de Desarrollo Productivo Sostenible que impulsa el gobierno<\/span><\/b><\/span><\/p>\n<div id=\"gtx-trans\" style=\"position: absolute; left: -50px; top: 4.31534px;\">\n<div class=\"gtx-trans-icon\"><\/div>\n<\/div>\n<\/div><\/section><\/div><div class=\"flex_column av_one_full  flex_column_div av-zero-column-padding first  avia-builder-el-4  el_after_av_one_full  el_before_av_hr  column-top-margin\" style='border-radius:0px; '><section class=\"av_textblock_section \"  itemscope=\"itemscope\" itemtype=\"https:\/\/schema.org\/BlogPosting\" itemprop=\"blogPost\" ><div class='avia_textblock  '   itemprop=\"text\" ><p class=\"v1MsoNormal\" style=\"text-align: justify;\"><span lang=\"ES\">En un evento que re\u00fane a distintos actores del ecosistema de innovaci\u00f3n en Chile, Corfo est\u00e1 presentando los principales desaf\u00edos que guiar\u00e1n su accionar en los pr\u00f3ximo cuatro a\u00f1os, con \u00e9nfasis especial en el apoyo a proyectos de\u00a0Investigaci\u00f3n, Desarrollo e Innovaci\u00f3n\u00a0(I+D+i).<\/span><\/p>\n<p class=\"v1MsoNormal\" style=\"text-align: justify;\"><span lang=\"ES\">Se trata de\u00a0<a href=\"https:\/\/vive-i-d-i.pluglatam.com\/\" target=\"_blank\" rel=\"noopener noreferrer\">\u00abVive I+D+i\u00bb,<\/a> un espacio en formato h\u00edbrido de encuentro entre empresas, centros de I+D, universidades y entidades de distintas regiones del pa\u00eds, para relevar las principales tem\u00e1ticas que liderar\u00e1 la Corporaci\u00f3n en el marco del Programa de Desarrollo Productivo Sostenible\u00a0que impulsa el Gobierno.<\/span><\/p>\n<p class=\"v1MsoNormal\" style=\"text-align: justify;\"><span lang=\"ES\">Humberto Mar\u00edn Leiva, director de Corfo Ays\u00e9n, explic\u00f3 que, para avanzar en este nuevo modelo de desarrollo, \u00abel compromiso de los diferentes actores del ecosistema de innovaci\u00f3n y el trabajo colaborativo es fundamental para sumarnos al cumplimiento de los desaf\u00edos y misiones que enfrentamos como pa\u00eds, en tem\u00e1ticas como\u00a0la descarbonizaci\u00f3n, adaptaci\u00f3n y mitigaci\u00f3n al cambio clim\u00e1tico y diversificaci\u00f3n productiva sustentable.\u00a0De esta forma, ma\u00f1ana mi\u00e9rcoles compartiremos los desaf\u00edos y objetivos estrat\u00e9gicos para la Macrozona Sur, con el foco puesto en c\u00f3mo abordarlos a trav\u00e9s de la ejecuci\u00f3n sistem\u00e1tica de proyectos I+D+i, generando as\u00ed m\u00e1s soluciones innovadoras, sofisticadas, con impacto econ\u00f3mico, social y medioambiental, con pertinencia territorial\u00bb.<\/span><\/p>\n<p class=\"v1MsoNormal\" style=\"text-align: justify;\"><span lang=\"ES\">El evento\u00a0\u00ab<\/span><a href=\"https:\/\/vive-i-d-i.pluglatam.com\/\" target=\"_blank\" rel=\"noopener noreferrer\"><span lang=\"ES\">Vive I+D+i\u00bb,<\/span><\/a><span lang=\"ES\">\u00a0<\/span><span lang=\"ES\">que cuenta con el apoyo del Centro de Innovaci\u00f3n UC y de la Universidad de O&#8217;Higgins, tendr\u00e1 un importante sello regional. En cada jornada -entre 9.00 y 12.30 horas- se abordar\u00e1n las distintas necesidades y retos de las regiones representadas por Macrozonas. Hoy martes 8 de noviembre, el encuentro fue de la Macrozona Norte (Arica y Parinacota, Antofagasta, Tarapac\u00e1, Atacama y Coquimbo); ma\u00f1ana mi\u00e9rcoles 9 de noviembre es el turno de la Macrozona Sur (Biob\u00edo, La Araucan\u00eda, Los Rios, Los Lagos, Ays\u00e9n y Magallanes); y finalmente, el jueves 10 de noviembre, ser\u00e1 la Macrozona Centro (Valpara\u00edso, O&#8217;Higgins, Maule, \u00d1uble y Metropolita).<\/span><\/p>\n<p class=\"v1MsoNormal\" style=\"text-align: justify;\"><span lang=\"ES\">En el programa de\u00a0<\/span><a href=\"https:\/\/vive-i-d-i.pluglatam.com\/\" target=\"_blank\" rel=\"noopener noreferrer\"><span lang=\"ES\">\u00abVive I+D+i\u00bb,\u00a0<\/span><\/a><span lang=\"ES\">\u00a0se incluyen charlas y paneles de conversaci\u00f3n con representantes de empresas, academia, centros de I+D y gobierno, como por ejemplo,\u00a0Pamela Ch\u00e1vez, emprendedora tecnol\u00f3gica fundadora de AguaMarina y CEO de Domolif;\u00a0Erwin Plett, CEO de Low Carbon Chile y director de H2Chile;\u00a0Carolina Urmeneta, directora del programa Circular Economy del Global Methane Hub (organizaci\u00f3n que busca \u00a0potenciar y coordinar la reducci\u00f3n de las emisiones de metano a nivel global); Ricardo Repenning, cofundador de la empresa\u00a0Reborn Electric Motors;\u00a0Alex Berg, director ejecutivo de la Unidad de Desarrollo Tecnol\u00f3gico de la UdeC; Ulrike Broschek, subgerente de Sustentabilidad en\u00a0Fundaci\u00f3n Chile; y autoridades regionales de\u00a0Corfo, ProChile e INIA, entre otros.<\/span><\/p>\n<p class=\"v1MsoNormal\" style=\"text-align: justify;\"><span lang=\"ES\">Los interesados en participar de este evento pueden inscribirse de forma gratuita en\u00a0<a href=\"https:\/\/vive-i-d-i.pluglatam.com\/\" target=\"_blank\" rel=\"noopener noreferrer\">https:\/\/vive-i-d-i.pluglatam.com\/<\/a>\u00a0donde podr\u00e1n acceder al programa detallado de las tres jornadas por macrozona.<\/span><\/p>\n<p class=\"v1MsoNormal\" style=\"text-align: justify;\"><strong><span lang=\"ES\">\u00a0<\/span><\/strong><\/p>\n<\/div><\/section><\/div><div  style='height:50px' class='hr hr-invisible   avia-builder-el-6  el_after_av_one_full  el_before_av_social_share '><span class='hr-inner ' ><span class='hr-inner-style'><\/span><\/span><\/div><\/p>\n<div  class='av-social-sharing-box  avia-builder-el-7  el_after_av_hr  el_before_av_hr  '><div class='av-share-box'><h5 class='av-share-link-description av-no-toc '>Compartir esta noticia<\/h5><ul class='av-share-box-list noLightbox'><li class='av-share-link av-social-link-facebook' ><a target=\"_blank\" aria-label=\"Compartir en Facebook\" href='https:\/\/www.facebook.com\/sharer.php?u=https:\/\/radiorevelacionfm.cl\/?p=23941&#038;t=Corfo%20presenta%20rol%20de%20la%20Investigaci%C3%B3n%2C%20Desarrollo%20e%20Innovaci%C3%B3n%20en%20el%20Programa%20de%20Desarrollo%20Productivo%20Sostenible%20que%20impulsa%20el%20gobierno' aria-hidden='false' data-av_icon='\ue8f3' data-av_iconfont='entypo-fontello' title='' data-avia-related-tooltip='Compartir en Facebook' rel=\"noopener\"><span class='avia_hidden_link_text'>Compartir en Facebook<\/span><\/a><\/li><li class='av-share-link av-social-link-twitter' ><a target=\"_blank\" aria-label=\"Compartir en Twitter\" href='https:\/\/twitter.com\/share?text=Corfo%20presenta%20rol%20de%20la%20Investigaci%C3%B3n%2C%20Desarrollo%20e%20Innovaci%C3%B3n%20en%20el%20Programa%20de%20Desarrollo%20Productivo%20Sostenible%20que%20impulsa%20el%20gobierno&#038;url=https:\/\/radiorevelacionfm.cl\/?p=23941' aria-hidden='false' data-av_icon='\ue8f1' data-av_iconfont='entypo-fontello' title='' data-avia-related-tooltip='Compartir en Twitter' rel=\"noopener\"><span class='avia_hidden_link_text'>Compartir en Twitter<\/span><\/a><\/li><li class='av-share-link av-social-link-whatsapp' ><a target=\"_blank\" aria-label=\"Compartir en Whatsapp\" href='https:\/\/api.whatsapp.com\/send?text=https:\/\/radiorevelacionfm.cl\/?p=23941' aria-hidden='false' data-av_icon='\uf232' data-av_iconfont='entypo-fontello' title='' data-avia-related-tooltip='Compartir en Whatsapp' rel=\"noopener\"><span class='avia_hidden_link_text'>Compartir en Whatsapp<\/span><\/a><\/li><li class='av-share-link av-social-link-linkedin' ><a target=\"_blank\" aria-label=\"Compartir en LinkedIn\" href='https:\/\/linkedin.com\/shareArticle?mini=true&#038;title=Corfo%20presenta%20rol%20de%20la%20Investigaci%C3%B3n%2C%20Desarrollo%20e%20Innovaci%C3%B3n%20en%20el%20Programa%20de%20Desarrollo%20Productivo%20Sostenible%20que%20impulsa%20el%20gobierno&#038;url=https:\/\/radiorevelacionfm.cl\/?p=23941' aria-hidden='false' data-av_icon='\ue8fc' data-av_iconfont='entypo-fontello' title='' data-avia-related-tooltip='Compartir en LinkedIn' rel=\"noopener\"><span class='avia_hidden_link_text'>Compartir en LinkedIn<\/span><\/a><\/li><li class='av-share-link av-social-link-mail' ><a  aria-label=\"Compartir por correo\" href='mailto:?subject=Corfo%20presenta%20rol%20de%20la%20Investigaci%C3%B3n%2C%20Desarrollo%20e%20Innovaci%C3%B3n%20en%20el%20Programa%20de%20Desarrollo%20Productivo%20Sostenible%20que%20impulsa%20el%20gobierno&#038;body=https:\/\/radiorevelacionfm.cl\/?p=23941' aria-hidden='false' data-av_icon='\ue805' data-av_iconfont='entypo-fontello' title='' data-avia-related-tooltip='Compartir por correo'><span class='avia_hidden_link_text'>Compartir por correo<\/span><\/a><\/li><\/ul><\/div><\/div>\n<div  style='height:50px' class='hr hr-invisible   avia-builder-el-8  el_after_av_social_share  el_before_av_comments_list '><span class='hr-inner ' ><span class='hr-inner-style'><\/span><\/span><\/div>\n<div  class='av-buildercomment  av-blog-meta-html-info-disabled av-blog-meta-tag-disabled  '><\/div>\n","protected":false},"excerpt":{"rendered":"","protected":false},"author":1,"featured_media":23942,"comment_status":"open","ping_status":"open","sticky":false,"template":"","format":"standard","meta":{"footnotes":""},"categories":[38],"tags":[],"class_list":["post-23941","post","type-post","status-publish","format-standard","has-post-thumbnail","hentry","category-regional"],"jetpack_featured_media_url":"https:\/\/radiorevelacionfm.cl\/wp-content\/uploads\/2022\/11\/Evento-Corfo-Vive-IDi-2022-1-1.jpg","_links":{"self":[{"href":"https:\/\/radiorevelacionfm.cl\/index.php?rest_route=\/wp\/v2\/posts\/23941","targetHints":{"allow":["GET"]}}],"collection":[{"href":"https:\/\/radiorevelacionfm.cl\/index.php?rest_route=\/wp\/v2\/posts"}],"about":[{"href":"https:\/\/radiorevelacionfm.cl\/index.php?rest_route=\/wp\/v2\/types\/post"}],"author":[{"embeddable":true,"href":"https:\/\/radiorevelacionfm.cl\/index.php?rest_route=\/wp\/v2\/users\/1"}],"replies":[{"embeddable":true,"href":"https:\/\/radiorevelacionfm.cl\/index.php?rest_route=%2Fwp%2Fv2%2Fcomments&post=23941"}],"version-history":[{"count":2,"href":"https:\/\/radiorevelacionfm.cl\/index.php?rest_route=\/wp\/v2\/posts\/23941\/revisions"}],"predecessor-version":[{"id":23972,"href":"https:\/\/radiorevelacionfm.cl\/index.php?rest_route=\/wp\/v2\/posts\/23941\/revisions\/23972"}],"wp:featuredmedia":[{"embeddable":true,"href":"https:\/\/radiorevelacionfm.cl\/index.php?rest_route=\/wp\/v2\/media\/23942"}],"wp:attachment":[{"href":"https:\/\/radiorevelacionfm.cl\/index.php?rest_route=%2Fwp%2Fv2%2Fmedia&parent=23941"}],"wp:term":[{"taxonomy":"category","embeddable":true,"href":"https:\/\/radiorevelacionfm.cl\/index.php?rest_route=%2Fwp%2Fv2%2Fcategories&post=23941"},{"taxonomy":"post_tag","embeddable":true,"href":"https:\/\/radiorevelacionfm.cl\/index.php?rest_route=%2Fwp%2Fv2%2Ftags&post=23941"}],"curies":[{"name":"wp","href":"https:\/\/api.w.org\/{rel}","templated":true}]}}