{"id":2394,"date":"2021-02-04T18:48:15","date_gmt":"2021-02-04T21:48:15","guid":{"rendered":"https:\/\/radiorevelacionfm.cl\/?p=2394"},"modified":"2021-02-04T18:58:35","modified_gmt":"2021-02-04T21:58:35","slug":"intensifican-inoculacion-domiciliaria-en-campana-yo-me-vacuno","status":"publish","type":"post","link":"https:\/\/radiorevelacionfm.cl\/?p=2394","title":{"rendered":"Intensifican inoculaci\u00f3n domiciliaria en campa\u00f1a Yo Me Vacuno"},"content":{"rendered":"<div class=\"flex_column av_one_full  flex_column_div av-zero-column-padding first  avia-builder-el-0  el_before_av_one_full  avia-builder-el-first  \" style='border-radius:0px; '><div  class='avia-image-container  av-styling-    avia-builder-el-1  avia-builder-el-no-sibling  avia-align-center '  itemprop=\"image\" itemscope=\"itemscope\" itemtype=\"https:\/\/schema.org\/ImageObject\"  ><div class='avia-image-container-inner'><div class='avia-image-overlay-wrap'><img decoding=\"async\" class='wp-image-0 avia-img-lazy-loading-not-0 avia_image' src=\"https:\/\/radiorevelacionfm.cl\/wp-content\/uploads\/2021\/02\/vacunacion-1.jpg\" alt='' title=''   itemprop=\"thumbnailUrl\"  \/><\/div><\/div><\/div><\/div><div class=\"flex_column av_one_full  flex_column_div av-zero-column-padding first  avia-builder-el-2  el_after_av_one_full  el_before_av_one_full  column-top-margin\" style='border-radius:0px; '><section class=\"av_textblock_section \"  itemscope=\"itemscope\" itemtype=\"https:\/\/schema.org\/BlogPosting\" itemprop=\"blogPost\" ><div class='avia_textblock  '   itemprop=\"text\" ><p style=\"text-align: center;\"><span style=\"font-size: 18pt;\"><strong>Intensifican inoculaci\u00f3n domiciliaria en campa\u00f1a Yo Me Vacuno<\/strong><\/span><\/p>\n<div id=\"gtx-trans\" style=\"position: absolute; left: -50px; top: 4.31534px;\">\n<div class=\"gtx-trans-icon\"><\/div>\n<\/div>\n<\/div><\/section><\/div><\/p>\n<div class=\"flex_column av_one_full  flex_column_div av-zero-column-padding first  avia-builder-el-4  el_after_av_one_full  el_before_av_hr  column-top-margin\" style='border-radius:0px; '><section class=\"av_textblock_section \"  itemscope=\"itemscope\" itemtype=\"https:\/\/schema.org\/BlogPosting\" itemprop=\"blogPost\" ><div class='avia_textblock  '   itemprop=\"text\" ><p style=\"text-align: justify;\"><em>Equipos de salud se desplegaron por todo el territorio para continuar con la inoculaci\u00f3n en los adultos mayores de 87 a 89 a\u00f1os; personal de salud, estudiantes en pr\u00e1ctica, residencias sanitarias y del Sename, y los ELEAM. <\/em><\/p>\n<p style=\"text-align: justify;\">En la segunda jornada de vacunaci\u00f3n contra el Covid-19 en Ays\u00e9n, contin\u00faa el despliegue territorial de los equipos de Salud para inmunizar a adultos mayores de la regi\u00f3n, que por motivos de enfermedad o discapacidad no pueden asistir a los centros de vacunaci\u00f3n; imposibilidad que se ha tomado en cuenta para llegar de igual forma a esa poblaci\u00f3n.<\/p>\n<p style=\"text-align: justify;\">Es as\u00ed como una de las prioridades del Gobierno es poder asistir de esa forma a esas personas, desplegando cuadrillas para inmunizar en los tiempos convenidos al 18% de adultos mayores y al 14% de personas con alg\u00fan grado discapacidad.<\/p>\n<p style=\"text-align: justify;\">En la comuna de R\u00edo Ib\u00e1\u00f1ez, la enfermera de la direcci\u00f3n de Atenci\u00f3n Primaria, Natalia Castillo, inform\u00f3 que al d\u00eda de ayer 3 de febrero, ya se cubri\u00f3 en casi\u00a0 un 50% las vacunaciones del sector, que alcanzan un n\u00famero total de 176 personas mayores. La profesional adem\u00e1s explic\u00f3 como se ha desarrollado este trabajo y c\u00f3mo se pretende llegar a los rincones m\u00e1s apartados de la zona.<\/p>\n<p style=\"text-align: justify;\">\u201cEn la ma\u00f1ana vacunamos a m\u00e1s de 40 usuarios pero nos queda pendiente todo lo que es paciente con dependencia severa o con limitaci\u00f3n de la movilidad que tendr\u00e1n que vacunarse en sus domicilios, as\u00ed como los usuarios que est\u00e1n en la extrema ruralidad. Para hoy tenemos tres domicilios programados para lo que queda en la tarde. Hasta ahora, tenemos 140 personas inmunizadas, considerando a los funcionarios de las fuerza de orden y usuarios del ELEAM\u201d, explic\u00f3 Castillo.<\/p>\n<p style=\"text-align: justify;\">Carolina B\u00f3rquez, coordinadora del Hogar de Ancianos de la comuna de R\u00edo Ib\u00e1\u00f1ez, agreg\u00f3 que \u201cesta vacuna es para prevenir los s\u00edntomas para que el virus no sea tan invasivo para uno y tambi\u00e9n por prevenci\u00f3n a los adultos mayores, que tenemos bastantes en la localidad\u201d.<\/p>\n<p style=\"text-align: justify;\">Desde el gimnasio municipal de R\u00edo Ib\u00e1\u00f1ez, la intendenta Margarita Ossa se mostr\u00f3 muy satisfecha por c\u00f3mo se ha desarrollado el proceso a nivel regional. \u201cEl d\u00eda lunes recibimos 12 mil dosis de la vacuna Sinovac y esto est\u00e1 avanzando de muy buena manera. Es un momento de enorme esperanza, hemos visto las caras de alegr\u00eda no s\u00f3lo en quienes se han vacunado sino de todos quienes han acompa\u00f1ado en este proceso tan importante para Chile\u201d, expres\u00f3.<\/p>\n<p style=\"text-align: justify;\">\u00a0\u201cEs un proceso de in\u00e9dito el que estamos viviendo hoy como pa\u00eds. Para nosotros como Subdere es muy grato acompa\u00f1ar al alcalde, a los concejales y a todo el personal m\u00e9dico que est\u00e1 trabajando para que este sea un proceso exitoso. Estamos devolvi\u00e9ndole la esperanza a muchas familias, que por mucho tiempo, se han visto imposibilitadas de llevar una vida cotidiana\u201d, se\u00f1al\u00f3 la subsecretaria de la Subsecretar\u00eda de Desarrollo Regional, Mar\u00eda Paz Troncoso.<\/p>\n<p style=\"text-align: justify;\">Gabriel Burgos, director del Servicio de Salud Ays\u00e9n, indic\u00f3 que \u201cnuestros equipos de salud est\u00e1n concurriendo a distintos lugares a inmunizar a los adultos mayores que no puedan acudir a los centros de vacunaci\u00f3n, es por esto que pacientes postrados o que les cueste movilizarse pueden contactarse para agendar una visita, lo importante es que todos nuestros adultos mayores reciban esta vacuna, que es gratuita y voluntaria, de manera de mantener a la poblaci\u00f3n de riesgo protegida\u201d.<\/p>\n<p style=\"text-align: justify;\">De acuerdo a la informaci\u00f3n oficial, ya se han vacunado 3.736 personas en la regi\u00f3n, mayoritariamente en las comunas de Coyhaique, Ays\u00e9n y Cisnes.<\/p>\n<\/div><\/section><\/div>\n<div  style='height:50px' class='hr hr-invisible   avia-builder-el-6  el_after_av_one_full  el_before_av_social_share '><span class='hr-inner ' ><span class='hr-inner-style'><\/span><\/span><\/div>\n<div  class='av-social-sharing-box  avia-builder-el-7  el_after_av_hr  el_before_av_hr  '><div class='av-share-box'><h5 class='av-share-link-description av-no-toc '>Compartir esta noticia<\/h5><ul class='av-share-box-list noLightbox'><li class='av-share-link av-social-link-facebook' ><a target=\"_blank\" aria-label=\"Compartir en Facebook\" href='https:\/\/www.facebook.com\/sharer.php?u=https:\/\/radiorevelacionfm.cl\/?p=2394&#038;t=Intensifican%20inoculaci%C3%B3n%20domiciliaria%20en%20campa%C3%B1a%20Yo%20Me%20Vacuno' aria-hidden='false' data-av_icon='\ue8f3' data-av_iconfont='entypo-fontello' title='' data-avia-related-tooltip='Compartir en Facebook' rel=\"noopener\"><span class='avia_hidden_link_text'>Compartir en Facebook<\/span><\/a><\/li><li class='av-share-link av-social-link-twitter' ><a target=\"_blank\" aria-label=\"Compartir en Twitter\" href='https:\/\/twitter.com\/share?text=Intensifican%20inoculaci%C3%B3n%20domiciliaria%20en%20campa%C3%B1a%20Yo%20Me%20Vacuno&#038;url=https:\/\/radiorevelacionfm.cl\/?p=2394' aria-hidden='false' data-av_icon='\ue8f1' data-av_iconfont='entypo-fontello' title='' data-avia-related-tooltip='Compartir en Twitter' rel=\"noopener\"><span class='avia_hidden_link_text'>Compartir en Twitter<\/span><\/a><\/li><li class='av-share-link av-social-link-whatsapp' ><a target=\"_blank\" aria-label=\"Compartir en Whatsapp\" href='https:\/\/api.whatsapp.com\/send?text=https:\/\/radiorevelacionfm.cl\/?p=2394' aria-hidden='false' data-av_icon='\uf232' data-av_iconfont='entypo-fontello' title='' data-avia-related-tooltip='Compartir en Whatsapp' rel=\"noopener\"><span class='avia_hidden_link_text'>Compartir en Whatsapp<\/span><\/a><\/li><li class='av-share-link av-social-link-linkedin' ><a target=\"_blank\" aria-label=\"Compartir en LinkedIn\" href='https:\/\/linkedin.com\/shareArticle?mini=true&#038;title=Intensifican%20inoculaci%C3%B3n%20domiciliaria%20en%20campa%C3%B1a%20Yo%20Me%20Vacuno&#038;url=https:\/\/radiorevelacionfm.cl\/?p=2394' aria-hidden='false' data-av_icon='\ue8fc' data-av_iconfont='entypo-fontello' title='' data-avia-related-tooltip='Compartir en LinkedIn' rel=\"noopener\"><span class='avia_hidden_link_text'>Compartir en LinkedIn<\/span><\/a><\/li><li class='av-share-link av-social-link-mail' ><a  aria-label=\"Compartir por correo\" href='mailto:?subject=Intensifican%20inoculaci%C3%B3n%20domiciliaria%20en%20campa%C3%B1a%20Yo%20Me%20Vacuno&#038;body=https:\/\/radiorevelacionfm.cl\/?p=2394' aria-hidden='false' data-av_icon='\ue805' data-av_iconfont='entypo-fontello' title='' data-avia-related-tooltip='Compartir por correo'><span class='avia_hidden_link_text'>Compartir por correo<\/span><\/a><\/li><\/ul><\/div><\/div>\n<div  style='height:50px' class='hr hr-invisible   avia-builder-el-8  el_after_av_social_share  el_before_av_comments_list '><span class='hr-inner ' ><span class='hr-inner-style'><\/span><\/span><\/div>\n<div  class='av-buildercomment  av-blog-meta-html-info-disabled av-blog-meta-tag-disabled  '><\/div>\n","protected":false},"excerpt":{"rendered":"","protected":false},"author":1,"featured_media":0,"comment_status":"open","ping_status":"open","sticky":false,"template":"","format":"standard","meta":{"footnotes":""},"categories":[46],"tags":[],"class_list":["post-2394","post","type-post","status-publish","format-standard","hentry","category-salud"],"jetpack_featured_media_url":"","_links":{"self":[{"href":"https:\/\/radiorevelacionfm.cl\/index.php?rest_route=\/wp\/v2\/posts\/2394","targetHints":{"allow":["GET"]}}],"collection":[{"href":"https:\/\/radiorevelacionfm.cl\/index.php?rest_route=\/wp\/v2\/posts"}],"about":[{"href":"https:\/\/radiorevelacionfm.cl\/index.php?rest_route=\/wp\/v2\/types\/post"}],"author":[{"embeddable":true,"href":"https:\/\/radiorevelacionfm.cl\/index.php?rest_route=\/wp\/v2\/users\/1"}],"replies":[{"embeddable":true,"href":"https:\/\/radiorevelacionfm.cl\/index.php?rest_route=%2Fwp%2Fv2%2Fcomments&post=2394"}],"version-history":[{"count":3,"href":"https:\/\/radiorevelacionfm.cl\/index.php?rest_route=\/wp\/v2\/posts\/2394\/revisions"}],"predecessor-version":[{"id":2399,"href":"https:\/\/radiorevelacionfm.cl\/index.php?rest_route=\/wp\/v2\/posts\/2394\/revisions\/2399"}],"wp:attachment":[{"href":"https:\/\/radiorevelacionfm.cl\/index.php?rest_route=%2Fwp%2Fv2%2Fmedia&parent=2394"}],"wp:term":[{"taxonomy":"category","embeddable":true,"href":"https:\/\/radiorevelacionfm.cl\/index.php?rest_route=%2Fwp%2Fv2%2Fcategories&post=2394"},{"taxonomy":"post_tag","embeddable":true,"href":"https:\/\/radiorevelacionfm.cl\/index.php?rest_route=%2Fwp%2Fv2%2Ftags&post=2394"}],"curies":[{"name":"wp","href":"https:\/\/api.w.org\/{rel}","templated":true}]}}