{"id":23927,"date":"2022-11-09T09:38:36","date_gmt":"2022-11-09T12:38:36","guid":{"rendered":"https:\/\/radiorevelacionfm.cl\/?p=23927"},"modified":"2022-11-09T09:38:36","modified_gmt":"2022-11-09T12:38:36","slug":"odonimia-historica-de-puerto-aysen-una-exhaustiva-investigacion-sobre-el-origen-del-nombre-de-las-calles-ayseninas","status":"publish","type":"post","link":"https:\/\/radiorevelacionfm.cl\/?p=23927","title":{"rendered":"Odonimia hist\u00f3rica de Puerto Ays\u00e9n: Una exhaustiva investigaci\u00f3n sobre el origen del nombre de las calles ayseninas"},"content":{"rendered":"<div class=\"flex_column av_one_full  flex_column_div av-zero-column-padding first  avia-builder-el-0  el_before_av_one_full  avia-builder-el-first  \" style='border-radius:0px; '><div  class='avia-image-container  av-styling-    avia-builder-el-1  avia-builder-el-no-sibling  avia-align-center '  itemprop=\"image\" itemscope=\"itemscope\" itemtype=\"https:\/\/schema.org\/ImageObject\"  ><div class='avia-image-container-inner'><div class='avia-image-overlay-wrap'><img decoding=\"async\" class='wp-image-23928 avia-img-lazy-loading-not-23928 avia_image' src=\"https:\/\/radiorevelacionfm.cl\/wp-content\/uploads\/2022\/11\/Libro-Aysen-2022-11-08-at-12.08.33-1-1.jpg\" alt='' title='Libro Aysen 2022-11-08 at 12.08.33 (1) (1)' height=\"600\" width=\"1069\"  itemprop=\"thumbnailUrl\" srcset=\"https:\/\/radiorevelacionfm.cl\/wp-content\/uploads\/2022\/11\/Libro-Aysen-2022-11-08-at-12.08.33-1-1.jpg 1069w, https:\/\/radiorevelacionfm.cl\/wp-content\/uploads\/2022\/11\/Libro-Aysen-2022-11-08-at-12.08.33-1-1-300x168.jpg 300w, https:\/\/radiorevelacionfm.cl\/wp-content\/uploads\/2022\/11\/Libro-Aysen-2022-11-08-at-12.08.33-1-1-1030x578.jpg 1030w, https:\/\/radiorevelacionfm.cl\/wp-content\/uploads\/2022\/11\/Libro-Aysen-2022-11-08-at-12.08.33-1-1-768x431.jpg 768w, https:\/\/radiorevelacionfm.cl\/wp-content\/uploads\/2022\/11\/Libro-Aysen-2022-11-08-at-12.08.33-1-1-705x396.jpg 705w, https:\/\/radiorevelacionfm.cl\/wp-content\/uploads\/2022\/11\/Libro-Aysen-2022-11-08-at-12.08.33-1-1-600x337.jpg 600w\" sizes=\"(max-width: 1069px) 100vw, 1069px\" \/><\/div><\/div><\/div><\/div><div class=\"flex_column av_one_full  flex_column_div av-zero-column-padding first  avia-builder-el-2  el_after_av_one_full  el_before_av_one_full  column-top-margin\" style='border-radius:0px; '><section class=\"av_textblock_section \"  itemscope=\"itemscope\" itemtype=\"https:\/\/schema.org\/BlogPosting\" itemprop=\"blogPost\" ><div class='avia_textblock  '   itemprop=\"text\" ><p style=\"text-align: center;\"><strong><span style=\"font-size: 18pt;\">Odonimia hist\u00f3rica de Puerto Ays\u00e9n: Una exhaustiva investigaci\u00f3n sobre el origen del nombre de las calles ayseninas<\/span><\/strong><\/p>\n<div id=\"gtx-trans\" style=\"position: absolute; left: -50px; top: 4.31534px;\">\n<div class=\"gtx-trans-icon\"><\/div>\n<\/div>\n<\/div><\/section><\/div><div class=\"flex_column av_one_full  flex_column_div av-zero-column-padding first  avia-builder-el-4  el_after_av_one_full  el_before_av_hr  column-top-margin\" style='border-radius:0px; '><section class=\"av_textblock_section \"  itemscope=\"itemscope\" itemtype=\"https:\/\/schema.org\/BlogPosting\" itemprop=\"blogPost\" ><div class='avia_textblock  '   itemprop=\"text\" ><p style=\"text-align: justify;\">Luego de un arduo trabajo se lanz\u00f3 el <strong>escrito Puerto Ays\u00e9n Origen del Nombre de sus Calles<\/strong>, que como lo expresa su nombre, retrata la procedencia de la denominaci\u00f3n de las v\u00edas de la Capital Comunal de Ays\u00e9n.<\/p>\n<p style=\"text-align: justify;\">Un texto marcado por el hito de ser el primero de autor\u00eda municipal, m\u00e1s precisamente de la Unidad de Patrimonio Hist\u00f3rico de la Ilustre Municipalidad de Ays\u00e9n y financiado por el 6% del FNDR de Cultura del Gobierno Regional de Ays\u00e9n, realizado con el objetivo de recuperar y salvaguardar patrimonio cultural que representa la odonimia de Puerto Ays\u00e9n para su historia.<\/p>\n<p style=\"text-align: justify;\">El pasado mi\u00e9rcoles, en la Casa de la Cultura de Puerto Ays\u00e9n, se llev\u00f3 a cabo el lanzamiento oficial del libro. La ceremonia cont\u00f3 con la presencia de autoridades regionales y comunales, tales como representantes de la Gobernadora Andreas Mac\u00edas Palma y la Honorable Senadora Ximena Ordenes Neira, el Delegado Presidencial, Jorge Salfate Aguayo, y el alcalde de Ays\u00e9n, Julio Uribe Alvarado, entre otros connotados invitados. Al igual que se cont\u00f3 con la asistencia de los familiares de los personajes que alude el nombre de las calles que aparecen en el libro.<\/p>\n<p style=\"text-align: justify;\">El t\u00e9rmino odonimia es una denominaci\u00f3n perteneciente a la rama de la toponimia (disciplina que trata el origen de los nombres geogr\u00e1ficos), espec\u00edficamente este va ligado a el origen de los nombres de las calles.<\/p>\n<p style=\"text-align: justify;\">El libro cuenta con nueve cap\u00edtulos seccionados por partes de Puerto Ays\u00e9n, desde el sector Pen\u00ednsula hasta Cerro Cord\u00f3n, al inicio de este se encuentra un mapa de la secci\u00f3n nombrada. Luego est\u00e1n escritas cada una de las calles que componen el sector adjunto a una fotograf\u00eda de la persona, hecho, objeto o situaci\u00f3n en que se inspira el nombre y la biograf\u00eda o historia de este.<\/p>\n<p style=\"text-align: justify;\">La idea de la obra comenz\u00f3 en 2016, misma fecha de la creaci\u00f3n de la Unidad de Patrimonio Hist\u00f3rico y ya a fines de ese a\u00f1o se comenz\u00f3 a investigar cada una de las calles de la ciudad.<\/p>\n<p style=\"text-align: justify;\">Referente a la recopilaci\u00f3n de la informaci\u00f3n, una de las escritoras e investigadoras Mar\u00eda Cristina Alvarado, explica que \u201cAl iniciar la tarea de recopilaci\u00f3n de datos e informaci\u00f3n acudiendo a la bibliograf\u00eda existente, se detect\u00f3 que existe informaci\u00f3n hist\u00f3rica, pero escasa en lo referente a biograf\u00edas de nuestros colonos y sus primeros descendientes con sus aportes significativos a nuestra comuna. Lo que nos llev\u00f3 a un trabajo laborioso en terreno y que requer\u00eda de entrevistas con familiares y vecinos que conocieron del aporte de las personas que contiene las p\u00e1ginas del libro. Y destacamos que se ha privilegiado las vivencias de la vida cotidiana aportadas por fuentes orales en este caso por los familiares y amigos o conocedores de los personajes de las biograf\u00edas.\u201d.<\/p>\n<p style=\"text-align: justify;\">En la ceremonia de lanzamiento el alcalde, Julio Uribe Alvarado, hizo referencia a poder seguir avanzando con esta iniciativa de registrar nombres de los lugares de las localidades y el valor de las investigadoras.<\/p>\n<p style=\"text-align: justify;\">\u201cSon a\u00f1os de trabajo, en la recopilaci\u00f3n de estas historias, de gente muy valorable en Ays\u00e9n. Adem\u00e1s, es complejo, ya que hay que hacerlo antes de que se pierda esta historia, eso es un trabajo que creo que estamos en deuda con nuestras personas mayores, que son los que nos entregan los testimonios muchas veces para que quede escrito. Vamos a seguir impulsando este trabajo de poder seguir plasmando la historia de la Comuna de Ays\u00e9n en muchos m\u00e1s libros\u201d, expres\u00f3 el edil. Adem\u00e1s, abri\u00f3 la posibilidad de modernizar estos mismos escritos, implementando c\u00f3digos QR, para que cualquier turista o interesado pueda enriquecerse de la cultura del lugar.<\/p>\n<p style=\"text-align: justify;\">El libro cuenta con la gran mayor\u00eda de las calles de la ciudad construidas antes del t\u00e9rmino de la investigaci\u00f3n, as\u00ed que para la Unidad de Patrimonio Hist\u00f3rico queda con la misi\u00f3n y de seguir avanzando en la odonimia de las calles a futuro.<\/p>\n<p style=\"text-align: justify;\">A partir del mes de diciembre de 2022 el libro se encontrar\u00e1 en Biblioteca P\u00fablica de Puerto Ays\u00e9n, para quien quiera rememorar o aprender sobre la historia de la ciudad m\u00e1s antigua de la regi\u00f3n.<\/p>\n<\/div><\/section><\/div><div  style='height:50px' class='hr hr-invisible   avia-builder-el-6  el_after_av_one_full  el_before_av_social_share '><span class='hr-inner ' ><span class='hr-inner-style'><\/span><\/span><\/div><\/p>\n<div  class='av-social-sharing-box  avia-builder-el-7  el_after_av_hr  el_before_av_hr  '><div class='av-share-box'><h5 class='av-share-link-description av-no-toc '>Compartir esta noticia<\/h5><ul class='av-share-box-list noLightbox'><li class='av-share-link av-social-link-facebook' ><a target=\"_blank\" aria-label=\"Compartir en Facebook\" href='https:\/\/www.facebook.com\/sharer.php?u=https:\/\/radiorevelacionfm.cl\/?p=23927&#038;t=Odonimia%20hist%C3%B3rica%20de%20Puerto%20Ays%C3%A9n%3A%20Una%20exhaustiva%20investigaci%C3%B3n%20sobre%20el%20origen%20del%20nombre%20de%20las%20calles%20ayseninas' aria-hidden='false' data-av_icon='\ue8f3' data-av_iconfont='entypo-fontello' title='' data-avia-related-tooltip='Compartir en Facebook' rel=\"noopener\"><span class='avia_hidden_link_text'>Compartir en Facebook<\/span><\/a><\/li><li class='av-share-link av-social-link-twitter' ><a target=\"_blank\" aria-label=\"Compartir en Twitter\" href='https:\/\/twitter.com\/share?text=Odonimia%20hist%C3%B3rica%20de%20Puerto%20Ays%C3%A9n%3A%20Una%20exhaustiva%20investigaci%C3%B3n%20sobre%20el%20origen%20del%20nombre%20de%20las%20calles%20ayseninas&#038;url=https:\/\/radiorevelacionfm.cl\/?p=23927' aria-hidden='false' data-av_icon='\ue8f1' data-av_iconfont='entypo-fontello' title='' data-avia-related-tooltip='Compartir en Twitter' rel=\"noopener\"><span class='avia_hidden_link_text'>Compartir en Twitter<\/span><\/a><\/li><li class='av-share-link av-social-link-whatsapp' ><a target=\"_blank\" aria-label=\"Compartir en Whatsapp\" href='https:\/\/api.whatsapp.com\/send?text=https:\/\/radiorevelacionfm.cl\/?p=23927' aria-hidden='false' data-av_icon='\uf232' data-av_iconfont='entypo-fontello' title='' data-avia-related-tooltip='Compartir en Whatsapp' rel=\"noopener\"><span class='avia_hidden_link_text'>Compartir en Whatsapp<\/span><\/a><\/li><li class='av-share-link av-social-link-linkedin' ><a target=\"_blank\" aria-label=\"Compartir en LinkedIn\" href='https:\/\/linkedin.com\/shareArticle?mini=true&#038;title=Odonimia%20hist%C3%B3rica%20de%20Puerto%20Ays%C3%A9n%3A%20Una%20exhaustiva%20investigaci%C3%B3n%20sobre%20el%20origen%20del%20nombre%20de%20las%20calles%20ayseninas&#038;url=https:\/\/radiorevelacionfm.cl\/?p=23927' aria-hidden='false' data-av_icon='\ue8fc' data-av_iconfont='entypo-fontello' title='' data-avia-related-tooltip='Compartir en LinkedIn' rel=\"noopener\"><span class='avia_hidden_link_text'>Compartir en LinkedIn<\/span><\/a><\/li><li class='av-share-link av-social-link-mail' ><a  aria-label=\"Compartir por correo\" href='mailto:?subject=Odonimia%20hist%C3%B3rica%20de%20Puerto%20Ays%C3%A9n%3A%20Una%20exhaustiva%20investigaci%C3%B3n%20sobre%20el%20origen%20del%20nombre%20de%20las%20calles%20ayseninas&#038;body=https:\/\/radiorevelacionfm.cl\/?p=23927' aria-hidden='false' data-av_icon='\ue805' data-av_iconfont='entypo-fontello' title='' data-avia-related-tooltip='Compartir por correo'><span class='avia_hidden_link_text'>Compartir por correo<\/span><\/a><\/li><\/ul><\/div><\/div>\n<div  style='height:50px' class='hr hr-invisible   avia-builder-el-8  el_after_av_social_share  el_before_av_comments_list '><span class='hr-inner ' ><span class='hr-inner-style'><\/span><\/span><\/div>\n<div  class='av-buildercomment  av-blog-meta-html-info-disabled av-blog-meta-tag-disabled  '><\/div>\n","protected":false},"excerpt":{"rendered":"","protected":false},"author":1,"featured_media":23928,"comment_status":"open","ping_status":"open","sticky":false,"template":"","format":"standard","meta":{"footnotes":""},"categories":[38],"tags":[],"class_list":["post-23927","post","type-post","status-publish","format-standard","has-post-thumbnail","hentry","category-regional"],"jetpack_featured_media_url":"https:\/\/radiorevelacionfm.cl\/wp-content\/uploads\/2022\/11\/Libro-Aysen-2022-11-08-at-12.08.33-1-1.jpg","_links":{"self":[{"href":"https:\/\/radiorevelacionfm.cl\/index.php?rest_route=\/wp\/v2\/posts\/23927","targetHints":{"allow":["GET"]}}],"collection":[{"href":"https:\/\/radiorevelacionfm.cl\/index.php?rest_route=\/wp\/v2\/posts"}],"about":[{"href":"https:\/\/radiorevelacionfm.cl\/index.php?rest_route=\/wp\/v2\/types\/post"}],"author":[{"embeddable":true,"href":"https:\/\/radiorevelacionfm.cl\/index.php?rest_route=\/wp\/v2\/users\/1"}],"replies":[{"embeddable":true,"href":"https:\/\/radiorevelacionfm.cl\/index.php?rest_route=%2Fwp%2Fv2%2Fcomments&post=23927"}],"version-history":[{"count":2,"href":"https:\/\/radiorevelacionfm.cl\/index.php?rest_route=\/wp\/v2\/posts\/23927\/revisions"}],"predecessor-version":[{"id":23969,"href":"https:\/\/radiorevelacionfm.cl\/index.php?rest_route=\/wp\/v2\/posts\/23927\/revisions\/23969"}],"wp:featuredmedia":[{"embeddable":true,"href":"https:\/\/radiorevelacionfm.cl\/index.php?rest_route=\/wp\/v2\/media\/23928"}],"wp:attachment":[{"href":"https:\/\/radiorevelacionfm.cl\/index.php?rest_route=%2Fwp%2Fv2%2Fmedia&parent=23927"}],"wp:term":[{"taxonomy":"category","embeddable":true,"href":"https:\/\/radiorevelacionfm.cl\/index.php?rest_route=%2Fwp%2Fv2%2Fcategories&post=23927"},{"taxonomy":"post_tag","embeddable":true,"href":"https:\/\/radiorevelacionfm.cl\/index.php?rest_route=%2Fwp%2Fv2%2Ftags&post=23927"}],"curies":[{"name":"wp","href":"https:\/\/api.w.org\/{rel}","templated":true}]}}