{"id":23923,"date":"2022-11-08T15:14:11","date_gmt":"2022-11-08T18:14:11","guid":{"rendered":"https:\/\/radiorevelacionfm.cl\/?p=23923"},"modified":"2022-11-08T15:14:11","modified_gmt":"2022-11-08T18:14:11","slug":"en-rio-ibanez-se-realizo-conversatorio-sobre-educacion-no-sexista-con-la-participacion-de-colegios-y-jardines-infantiles","status":"publish","type":"post","link":"https:\/\/radiorevelacionfm.cl\/?p=23923","title":{"rendered":"En R\u00edo Ib\u00e1\u00f1ez se realiz\u00f3 Conversatorio sobre Educaci\u00f3n No Sexista con la participaci\u00f3n de colegios y jardines infantiles"},"content":{"rendered":"<div class=\"flex_column av_one_full  flex_column_div av-zero-column-padding first  avia-builder-el-0  el_before_av_one_full  avia-builder-el-first  \" style='border-radius:0px; '><div  class='avia-image-container  av-styling-    avia-builder-el-1  avia-builder-el-no-sibling  avia-align-center '  itemprop=\"image\" itemscope=\"itemscope\" itemtype=\"https:\/\/schema.org\/ImageObject\"  ><div class='avia-image-container-inner'><div class='avia-image-overlay-wrap'><img decoding=\"async\" class='wp-image-23924 avia-img-lazy-loading-not-23924 avia_image' src=\"https:\/\/radiorevelacionfm.cl\/wp-content\/uploads\/2022\/11\/grupal1-1_optimized.jpg\" alt='' title='grupal1-(1)_optimized' height=\"600\" width=\"800\"  itemprop=\"thumbnailUrl\" srcset=\"https:\/\/radiorevelacionfm.cl\/wp-content\/uploads\/2022\/11\/grupal1-1_optimized.jpg 800w, https:\/\/radiorevelacionfm.cl\/wp-content\/uploads\/2022\/11\/grupal1-1_optimized-300x225.jpg 300w, https:\/\/radiorevelacionfm.cl\/wp-content\/uploads\/2022\/11\/grupal1-1_optimized-768x576.jpg 768w, https:\/\/radiorevelacionfm.cl\/wp-content\/uploads\/2022\/11\/grupal1-1_optimized-705x529.jpg 705w, https:\/\/radiorevelacionfm.cl\/wp-content\/uploads\/2022\/11\/grupal1-1_optimized-600x450.jpg 600w\" sizes=\"(max-width: 800px) 100vw, 800px\" \/><\/div><\/div><\/div><\/div><div class=\"flex_column av_one_full  flex_column_div av-zero-column-padding first  avia-builder-el-2  el_after_av_one_full  el_before_av_one_full  column-top-margin\" style='border-radius:0px; '><section class=\"av_textblock_section \"  itemscope=\"itemscope\" itemtype=\"https:\/\/schema.org\/BlogPosting\" itemprop=\"blogPost\" ><div class='avia_textblock  '   itemprop=\"text\" ><p style=\"text-align: center;\"><span style=\"font-size: 18pt;\"><b><span lang=\"ES\">En R\u00edo Ib\u00e1\u00f1ez se realiz\u00f3 Conversatorio sobre Educaci\u00f3n No Sexista con la participaci\u00f3n de colegios y jardines infantiles<\/span><\/b><\/span><\/p>\n<div id=\"gtx-trans\" style=\"position: absolute; left: -50px; top: 4.31534px;\">\n<div class=\"gtx-trans-icon\"><\/div>\n<\/div>\n<\/div><\/section><\/div><div class=\"flex_column av_one_full  flex_column_div av-zero-column-padding first  avia-builder-el-4  el_after_av_one_full  el_before_av_hr  column-top-margin\" style='border-radius:0px; '><section class=\"av_textblock_section \"  itemscope=\"itemscope\" itemtype=\"https:\/\/schema.org\/BlogPosting\" itemprop=\"blogPost\" ><div class='avia_textblock  '   itemprop=\"text\" ><p class=\"v1MsoNormal\" style=\"text-align: justify;\"><span lang=\"ES\">En el marco de la\u00a0<\/span>Pol\u00edtica de Reactivaci\u00f3n Educativa\u00a0 Integral \u201cSeamos Comunidad\u201d se desarroll\u00f3 el jueves pasado en\u00a0<span lang=\"ES\">la Escuela Aonikenk de\u00a0<span class=\"v1MsoHyperlink\">R\u00edo Ib\u00e1\u00f1ez<\/span>\u00a0la\u00a0Jornada de Conversatorio Hacia una Educaci\u00f3n No Sexista, liderada por las seremis de Educaci\u00f3n Isabel Garrido y de la Mujer y Equidad de G\u00e9nero Andrea M\u00e9ndez.<\/span><\/p>\n<p class=\"v1MsoNormal\" style=\"text-align: justify;\">El objetivo del encuentro fue impulsar y promover procesos de reflexi\u00f3n y sensibilizaci\u00f3n de pr\u00e1cticas no sexistas para un apoyo oportuno ante situaciones de abuso y\/o maltrato. Participaron docentes y profesionales encargados de convivencia escolar de la Escuela Aonikenk, Liceo Bicentenario Luisa Rabanal Palma, Liceo Bicentenario Rural Cerro Castillo, y los jardines infantiles Bambi (Puerto Ib\u00e1\u00f1ez) y Peque\u00f1os Caminantes (Cerro Castillo).<\/p>\n<p class=\"v1MsoNormal\" style=\"text-align: justify;\">Al respecto, la Seremi de Educaci\u00f3n Isabel Garrido Casassa destac\u00f3 la importancia de estas instancias de reflexi\u00f3n propuestas por el Ministerio de Educaci\u00f3n y el Ministerio de la Mujer y Equidad de G\u00e9nero.<\/p>\n<p class=\"v1MsoNormal\" style=\"text-align: justify;\">\u201cNos reunimos en Puerto Ib\u00e1\u00f1ez con escuelas de distintas localidades de la cuenca del Lago General Carrera para conversar sobre educaci\u00f3n no sexista. Estos es parte muy importante del programa de gobierno del Presidente Gabriel Boric ya que la educaci\u00f3n no sexista es formar para la igualdad de oportunidades. Como lo ha expresado nuestro Ministro Marco Antonio \u00c1vila esta permite reducir brechas de g\u00e9neros, incluso prevenir trastornos alimenticios y psicol\u00f3gicos vinculados a inequidades de g\u00e9nero. Por lo tanto, seguiremos impulsando con mucha fuerza jornadas como esta. Fue un espacio muy valioso y productivo donde los representantes de las escuelas pudieron contarnos qu\u00e9 es lo que est\u00e1n haciendo, conocer nuevos conceptos y tambi\u00e9n reflexionar sobre estos importantes temas. Desde este espacio reiteramos la invitaci\u00f3n a todas las escuelas, liceos y jardines infantiles a sumarse a la Segunda Jornada Nacional de Educaci\u00f3n No Sexista\u00a0 a la que como Ministerio de Educaci\u00f3n hemos convocado\u00a0 en las cuales se reflexiona a trav\u00e9s de metodolog\u00edas espec\u00edficas para cada nivel educativo y estamentos de las comunidades escolares. Las impresiones que recojamos en estas jornadas ser\u00e1n el insumo para elaborar una Pol\u00edtica Nacional de Educaci\u00f3n no Sexista que es el compromiso anunciado por el Presidente Boric en su primera cuenta p\u00fablica al pa\u00eds\u201d.<\/p>\n<p class=\"v1MsoNormal\" style=\"text-align: justify;\">Por su parte, la Seremi de la Mujer y Equidad de G\u00e9nero Andrea M\u00e9ndez se\u00f1al\u00f3 que \u201cHemos participado en esta jornada convocada por la seremi de Educaci\u00f3n en la cual hemos expuesto que la Educaci\u00f3n No Sexista es un \u00e1mbito preventivo de la violencia de g\u00e9nero. Esto se puede proyectar a toda la regi\u00f3n ya que en todo el territorio hay establecimientos educacionales en los cuales se puede abordar la mirada de educaci\u00f3n no sexista. La buena recepci\u00f3n que tuvimos de los participantes en este conversatorio nos da entusiasmo y esperanza y por ello agrademos la invitaci\u00f3n y el inter\u00e9s de quienes asistieron\u201d.<\/p>\n<p class=\"v1MsoNormal\" style=\"text-align: justify;\">Mariana Antim\u00e1n apoderada del Liceo Bicentenario Luisa Rabanal Palma expres\u00f3 que \u201cFue una jornada muy positiva, entretenida y din\u00e1mica y esperamos que se replique en cada establecimiento, con mayor participaci\u00f3n de los alumnos para que ellos aprendan estos contenidos y que a nosotros como apoderados no nos cueste tanto llegar a ellos\u201d.<\/p>\n<p class=\"v1MsoNormal\" style=\"text-align: justify;\">El profesor Alfonso Palma, docente coordinador de Convivencia escolar de la Escuela Aonikenk de Puerto Ib\u00e1\u00f1ez se\u00f1al\u00f3 que \u201cFue una jornada interesante en la que abordaron temas que deben estar incluidos en los programas nacionales de educaci\u00f3n, y que deben ser tratados en todos los niveles educativos de los establecimientos. Hoy los cambios y avances experimentados por nuestra sociedad son muy r\u00e1pidos. Nuestros ni\u00f1os y ni\u00f1as deben recibir informaci\u00f3n y ser sensibilizados en su quehacer\u201d.<\/p>\n<p class=\"v1MsoNormal\" style=\"text-align: justify;\">En la jornada los participantes trabajaron un taller de reflexi\u00f3n y expusieron las conclusiones a las que arribaron como grupo.<\/p>\n<\/div><\/section><\/div><div  style='height:50px' class='hr hr-invisible   avia-builder-el-6  el_after_av_one_full  el_before_av_social_share '><span class='hr-inner ' ><span class='hr-inner-style'><\/span><\/span><\/div><\/p>\n<div  class='av-social-sharing-box  avia-builder-el-7  el_after_av_hr  el_before_av_hr  '><div class='av-share-box'><h5 class='av-share-link-description av-no-toc '>Compartir esta noticia<\/h5><ul class='av-share-box-list noLightbox'><li class='av-share-link av-social-link-facebook' ><a target=\"_blank\" aria-label=\"Compartir en Facebook\" href='https:\/\/www.facebook.com\/sharer.php?u=https:\/\/radiorevelacionfm.cl\/?p=23923&#038;t=En%20R%C3%ADo%20Ib%C3%A1%C3%B1ez%20se%20realiz%C3%B3%20Conversatorio%20sobre%20Educaci%C3%B3n%20No%20Sexista%20con%20la%20participaci%C3%B3n%20de%20colegios%20y%20jardines%20infantiles' aria-hidden='false' data-av_icon='\ue8f3' data-av_iconfont='entypo-fontello' title='' data-avia-related-tooltip='Compartir en Facebook' rel=\"noopener\"><span class='avia_hidden_link_text'>Compartir en Facebook<\/span><\/a><\/li><li class='av-share-link av-social-link-twitter' ><a target=\"_blank\" aria-label=\"Compartir en Twitter\" href='https:\/\/twitter.com\/share?text=En%20R%C3%ADo%20Ib%C3%A1%C3%B1ez%20se%20realiz%C3%B3%20Conversatorio%20sobre%20Educaci%C3%B3n%20No%20Sexista%20con%20la%20participaci%C3%B3n%20de%20colegios%20y%20jardines%20infantiles&#038;url=https:\/\/radiorevelacionfm.cl\/?p=23923' aria-hidden='false' data-av_icon='\ue8f1' data-av_iconfont='entypo-fontello' title='' data-avia-related-tooltip='Compartir en Twitter' rel=\"noopener\"><span class='avia_hidden_link_text'>Compartir en Twitter<\/span><\/a><\/li><li class='av-share-link av-social-link-whatsapp' ><a target=\"_blank\" aria-label=\"Compartir en Whatsapp\" href='https:\/\/api.whatsapp.com\/send?text=https:\/\/radiorevelacionfm.cl\/?p=23923' aria-hidden='false' data-av_icon='\uf232' data-av_iconfont='entypo-fontello' title='' data-avia-related-tooltip='Compartir en Whatsapp' rel=\"noopener\"><span class='avia_hidden_link_text'>Compartir en Whatsapp<\/span><\/a><\/li><li class='av-share-link av-social-link-linkedin' ><a target=\"_blank\" aria-label=\"Compartir en LinkedIn\" href='https:\/\/linkedin.com\/shareArticle?mini=true&#038;title=En%20R%C3%ADo%20Ib%C3%A1%C3%B1ez%20se%20realiz%C3%B3%20Conversatorio%20sobre%20Educaci%C3%B3n%20No%20Sexista%20con%20la%20participaci%C3%B3n%20de%20colegios%20y%20jardines%20infantiles&#038;url=https:\/\/radiorevelacionfm.cl\/?p=23923' aria-hidden='false' data-av_icon='\ue8fc' data-av_iconfont='entypo-fontello' title='' data-avia-related-tooltip='Compartir en LinkedIn' rel=\"noopener\"><span class='avia_hidden_link_text'>Compartir en LinkedIn<\/span><\/a><\/li><li class='av-share-link av-social-link-mail' ><a  aria-label=\"Compartir por correo\" href='mailto:?subject=En%20R%C3%ADo%20Ib%C3%A1%C3%B1ez%20se%20realiz%C3%B3%20Conversatorio%20sobre%20Educaci%C3%B3n%20No%20Sexista%20con%20la%20participaci%C3%B3n%20de%20colegios%20y%20jardines%20infantiles&#038;body=https:\/\/radiorevelacionfm.cl\/?p=23923' aria-hidden='false' data-av_icon='\ue805' data-av_iconfont='entypo-fontello' title='' data-avia-related-tooltip='Compartir por correo'><span class='avia_hidden_link_text'>Compartir por correo<\/span><\/a><\/li><\/ul><\/div><\/div>\n<div  style='height:50px' class='hr hr-invisible   avia-builder-el-8  el_after_av_social_share  el_before_av_comments_list '><span class='hr-inner ' ><span class='hr-inner-style'><\/span><\/span><\/div>\n<div  class='av-buildercomment  av-blog-meta-html-info-disabled av-blog-meta-tag-disabled  '><\/div>\n","protected":false},"excerpt":{"rendered":"","protected":false},"author":1,"featured_media":23924,"comment_status":"open","ping_status":"open","sticky":false,"template":"","format":"standard","meta":{"footnotes":""},"categories":[49],"tags":[],"class_list":["post-23923","post","type-post","status-publish","format-standard","has-post-thumbnail","hentry","category-educacion"],"jetpack_featured_media_url":"https:\/\/radiorevelacionfm.cl\/wp-content\/uploads\/2022\/11\/grupal1-1_optimized.jpg","_links":{"self":[{"href":"https:\/\/radiorevelacionfm.cl\/index.php?rest_route=\/wp\/v2\/posts\/23923","targetHints":{"allow":["GET"]}}],"collection":[{"href":"https:\/\/radiorevelacionfm.cl\/index.php?rest_route=\/wp\/v2\/posts"}],"about":[{"href":"https:\/\/radiorevelacionfm.cl\/index.php?rest_route=\/wp\/v2\/types\/post"}],"author":[{"embeddable":true,"href":"https:\/\/radiorevelacionfm.cl\/index.php?rest_route=\/wp\/v2\/users\/1"}],"replies":[{"embeddable":true,"href":"https:\/\/radiorevelacionfm.cl\/index.php?rest_route=%2Fwp%2Fv2%2Fcomments&post=23923"}],"version-history":[{"count":2,"href":"https:\/\/radiorevelacionfm.cl\/index.php?rest_route=\/wp\/v2\/posts\/23923\/revisions"}],"predecessor-version":[{"id":23926,"href":"https:\/\/radiorevelacionfm.cl\/index.php?rest_route=\/wp\/v2\/posts\/23923\/revisions\/23926"}],"wp:featuredmedia":[{"embeddable":true,"href":"https:\/\/radiorevelacionfm.cl\/index.php?rest_route=\/wp\/v2\/media\/23924"}],"wp:attachment":[{"href":"https:\/\/radiorevelacionfm.cl\/index.php?rest_route=%2Fwp%2Fv2%2Fmedia&parent=23923"}],"wp:term":[{"taxonomy":"category","embeddable":true,"href":"https:\/\/radiorevelacionfm.cl\/index.php?rest_route=%2Fwp%2Fv2%2Fcategories&post=23923"},{"taxonomy":"post_tag","embeddable":true,"href":"https:\/\/radiorevelacionfm.cl\/index.php?rest_route=%2Fwp%2Fv2%2Ftags&post=23923"}],"curies":[{"name":"wp","href":"https:\/\/api.w.org\/{rel}","templated":true}]}}