{"id":23919,"date":"2022-11-08T12:34:44","date_gmt":"2022-11-08T15:34:44","guid":{"rendered":"https:\/\/radiorevelacionfm.cl\/?p=23919"},"modified":"2022-11-08T12:34:44","modified_gmt":"2022-11-08T15:34:44","slug":"conaf-informa-sobre-situacion-de-areas-silvestres-protegidas-de-aysen-por-paro-de-guadaparques","status":"publish","type":"post","link":"https:\/\/radiorevelacionfm.cl\/?p=23919","title":{"rendered":"CONAF informa sobre situaci\u00f3n de \u00c1reas Silvestres Protegidas de Ays\u00e9n por paro de Guadaparques"},"content":{"rendered":"<div class=\"flex_column av_one_full  flex_column_div av-zero-column-padding first  avia-builder-el-0  el_before_av_one_full  avia-builder-el-first  \" style='border-radius:0px; '><div  class='avia-image-container  av-styling-    avia-builder-el-1  avia-builder-el-no-sibling  avia-align-center '  itemprop=\"image\" itemscope=\"itemscope\" itemtype=\"https:\/\/schema.org\/ImageObject\"  ><div class='avia-image-container-inner'><div class='avia-image-overlay-wrap'><img decoding=\"async\" class='wp-image-23920 avia-img-lazy-loading-not-23920 avia_image' src=\"https:\/\/radiorevelacionfm.cl\/wp-content\/uploads\/2022\/11\/cerro-castillo-1024x671-1-1_optimized-1.jpg\" alt='' title='cerro-castillo-1024x671-(1)-(1)_optimized (1)' height=\"600\" width=\"916\"  itemprop=\"thumbnailUrl\" srcset=\"https:\/\/radiorevelacionfm.cl\/wp-content\/uploads\/2022\/11\/cerro-castillo-1024x671-1-1_optimized-1.jpg 916w, https:\/\/radiorevelacionfm.cl\/wp-content\/uploads\/2022\/11\/cerro-castillo-1024x671-1-1_optimized-1-300x197.jpg 300w, https:\/\/radiorevelacionfm.cl\/wp-content\/uploads\/2022\/11\/cerro-castillo-1024x671-1-1_optimized-1-768x503.jpg 768w, https:\/\/radiorevelacionfm.cl\/wp-content\/uploads\/2022\/11\/cerro-castillo-1024x671-1-1_optimized-1-705x462.jpg 705w, https:\/\/radiorevelacionfm.cl\/wp-content\/uploads\/2022\/11\/cerro-castillo-1024x671-1-1_optimized-1-600x393.jpg 600w\" sizes=\"(max-width: 916px) 100vw, 916px\" \/><\/div><\/div><\/div><\/div><div class=\"flex_column av_one_full  flex_column_div av-zero-column-padding first  avia-builder-el-2  el_after_av_one_full  el_before_av_one_full  column-top-margin\" style='border-radius:0px; '><section class=\"av_textblock_section \"  itemscope=\"itemscope\" itemtype=\"https:\/\/schema.org\/BlogPosting\" itemprop=\"blogPost\" ><div class='avia_textblock  '   itemprop=\"text\" ><p style=\"text-align: center;\"><strong><span style=\"font-size: 18pt;\">CONAF informa sobre situaci\u00f3n de \u00c1reas Silvestres Protegidas de Ays\u00e9n por paro de Guadaparques<\/span><\/strong><\/p>\n<div id=\"gtx-trans\" style=\"position: absolute; left: -50px; top: 4.31534px;\">\n<div class=\"gtx-trans-icon\"><\/div>\n<\/div>\n<\/div><\/section><\/div><div class=\"flex_column av_one_full  flex_column_div av-zero-column-padding first  avia-builder-el-4  el_after_av_one_full  el_before_av_hr  column-top-margin\" style='border-radius:0px; '><section class=\"av_textblock_section \"  itemscope=\"itemscope\" itemtype=\"https:\/\/schema.org\/BlogPosting\" itemprop=\"blogPost\" ><div class='avia_textblock  '   itemprop=\"text\" ><div>\n<p style=\"text-align: justify;\">Ante la paralizaci\u00f3n del Sindicato de Guardaparques, la Corporaci\u00f3n Nacional Forestal (CONAF), informa:<\/p>\n<p style=\"text-align: justify;\"><span style=\"text-align: justify;\">L<\/span><span style=\"text-align: justify;\">as movilizaciones de nuestros colegas siguen activas y por lo tanto, las unidades siguen sin atenci\u00f3n a p\u00fablico, siendo la \u00fanica excepci\u00f3n, sector Tamango del Parque Nacional Patagonia que se encuentra con funcionamiento normal.<\/span><\/p>\n<\/div>\n<div style=\"text-align: justify;\">Tambi\u00e9n hay que destacar que sector Exploradores, perteneciente a Parque Nacional Laguna San Rafael, est\u00e1 operativa para los permisionarios, pero fuera de ello, no hay atenci\u00f3n a p\u00fablico puesto que los guardaparques tambi\u00e9n se adhieren al paro.<\/div>\n<div style=\"text-align: justify;\"><\/div>\n<div style=\"text-align: justify;\">Les recordamos que la situaci\u00f3n nacional de \u00e1reas silvestres protegidas se encuentra actualizada en la p\u00e1gina\u00a0<a href=\"http:\/\/www.conaf.cl\/\" target=\"_blank\" rel=\"noopener\" data-saferedirecturl=\"https:\/\/www.google.com\/url?q=http:\/\/www.conaf.cl&amp;source=gmail&amp;ust=1668006355569000&amp;usg=AOvVaw2BL4oXsfGORuHJj1Ktf4wR\">www.conaf.cl<\/a>\u00a0y que informaremos por las v\u00edas oficiales cuando nuestras unidades se encuentren operativas nuevamente.<\/div>\n<div style=\"text-align: justify;\"><\/div>\n<div>\n<h4><\/h4>\n<\/div>\n<div>\n<p><strong>Situaci\u00f3n en Regi\u00f3n de Ays\u00e9n:\u00a0<\/strong><\/p>\n<p style=\"text-align: justify;\"><a href=\"https:\/\/www.conaf.cl\/parques\/parque-nacional-patagonia\"><strong>Parque Nacional Patagonia<\/strong><\/a>: reserva de entradas en\u00a0<a href=\"http:\/\/www.aspticket.cl\/\">www.aspticket.cl<\/a>.<br \/>\n<em>Sector Jeinimeni<\/em>:\u00a0<em>CERRADO DESDE ESTE VIERNES 4 DE NOVIEMBRE HASTA NUEVO AVISO<\/em><em><br \/>\n<\/em>abierto de lunes a domingo de 9:00 a 17:00 hrs solo para senderos de un d\u00eda. Camping y senderos que impliquen m\u00e1s de un d\u00eda abrir\u00e1n desde el 15 de octubre.<br \/>\n<em>Sector Tamango<\/em>: abiertos senderos Los Carpinteros, Los Coig\u00fces, Ciruelillo, Huemules, Las \u00c1guilas, Los \u00d1ires y Las Lengas de 8:30 a 13:00 y de 14:00 a 17:30 de lunes a domingo.<br \/>\n<em>Sector Chacabuco<\/em>:\u00a0<em>CERRADO DESDE ESTE VIERNES 4 DE NOVIEMBRE HASTA NUEVO AVISO<\/em><br \/>\nabiertos senderos de Laguna Cisnes, La Vega y Ca\u00f1ad\u00f3n Chacabuco, Confluencia, Huemules y Loop Avil\u00e9s de 8:30 a 13:00 y de 14:00 a 17:30 de lunes a domingo.<br \/>\nMuseo abierto de lunes a domingo en horarios: 9:00 a 13:00 y 14:00 a 17:00 hrs.<\/p>\n<p style=\"text-align: justify;\"><a href=\"https:\/\/www.conaf.cl\/parques\/parque-nacional-queulat\"><strong>Parque Nacional Queulat<\/strong><\/a>:\u00a0<em>CERRADO DESDE ESTE VIERNES 4 DE NOVIEMBRE HASTA NUEVO AVISO<\/em><br \/>\ningreso de martes a domingo desde las 9:00 a las 14:30 hrs y la salida es a las 16:30.<br \/>\nSendero Bosque Encantado cerrado por resoluci\u00f3n y el camping no se encuentra habilitado.<br \/>\n<strong><em>Ventisquero Colgante:<\/em><\/strong>\u00a0Centro de informaci\u00f3n cerrado.\u00a0 No hay habilitaciones para Motor Home, por lo que est\u00e1 prohibido su ingreso.<br \/>\n<strong><em>Sector Angostura:<\/em><\/strong>\u00a0Sendero los pumas. horario de ingreso de 09:00 a 13:30 hrs.<br \/>\n<strong><em>Sector Portezuelo:<\/em><\/strong>\u00a0Sendero salto Padre Garc\u00eda habilitado, senderos Laguna Quetros y sendero salto El C\u00f3ndor cerrado por trabajos de pavimentaci\u00f3n en la ruta.<br \/>\nReserva de entradas en\u00a0<a href=\"http:\/\/www.aspticket.cl\/\">www.aspticket.cl<\/a>.\u00a0<strong>Pago solo en efectivo, llevar sencillo.<\/strong><\/p>\n<p style=\"text-align: justify;\"><a href=\"https:\/\/www.conaf.cl\/parques\/parque-nacional-laguna-san-rafael\"><strong>Parque Nacional Laguna San Rafael<\/strong><\/a>: Sector Exploradores (caminata sobre glaciar)\u00a0<em>CERRADO DESDE ESTE VIERNES 4 DE NOVIEMBRE HASTA NUEVO AVISO<\/em><br \/>\nabierto de lunes a domingo con ingreso de 8:30 a 10:00 am.<br \/>\nSendero autoguiado abierto de martes a domingo desde las 8:30 am. Hora m\u00e1xima de ingreso a las 13:30 hrs.<\/p>\n<p style=\"text-align: justify;\"><strong><a href=\"https:\/\/www.conaf.cl\/parques\/reserva-nacional-rio-simpson\/\">Reserva Nacional R\u00edo Simpson<\/a><\/strong>:\u00a0<em>CERRADO DESDE ESTE VIERNES 4 DE NOVIEMBRE HASTA NUEVO AVISO<\/em><br \/>\ningreso martes a domingo de 10:00 a 15:00. Cierre a las 17:00. Centro de Educaci\u00f3n Ambiental abierto,\u00a0Sector de camping cerrado.\u00a0Reserva de entradas en\u00a0<a href=\"http:\/\/www.aspticket.cl\/\">www.aspticket.cl<\/a>.<\/p>\n<p style=\"text-align: justify;\"><strong><a href=\"https:\/\/www.conaf.cl\/parques\/reserva-nacional-coyhaique\/\">Reserva Nacional Coyhaique<\/a><\/strong>:\u00a0<em>CERRADO DESDE ESTE VIERNES 4 DE NOVIEMBRE HASTA NUEVO AVISO<\/em><br \/>\nIngreso mi\u00e9rcoles a domingo de 09:00 a 14:30. Cierre a las 16:00. Acceso a Cerro Cinchao (sendero Las Piedras) CERRADO por condiciones de seguridad y clima. Reserva de entradas en\u00a0<a href=\"http:\/\/www.aspticket.cl\/\">www.aspticket.cl<\/a>.<\/p>\n<p style=\"text-align: justify;\"><strong><a href=\"https:\/\/www.conaf.cl\/parques\/monumento-natural-dos-lagunas\/\">Monumento Natural Dos Lagunas<\/a><\/strong>:\u00a0<em>CERRADO DESDE ESTE VIERNES 4 DE NOVIEMBRE HASTA NUEVO AVISO<\/em><br \/>\nIngreso mi\u00e9rcoles a domingo de 09:00 a 15:30. Cierre a las 17:00.\u00a0Reserva de entradas en\u00a0<a href=\"http:\/\/www.aspticket.cl\/\">www.aspticket.cl<\/a>.<\/p>\n<p style=\"text-align: justify;\"><strong><a href=\"https:\/\/www.conaf.cl\/parques\/parque-nacional-cerro-castillo\/\">Parque Nacional Cerro Castillo<\/a>:\u00a0<\/strong><em>CERRADO DESDE ESTE VIERNES 4 DE NOVIEMBRE HASTA NUEVO AVISO\u00a0<\/em><\/p>\n<p style=\"text-align: justify;\"><strong><a href=\"https:\/\/www.conaf.cl\/parques\/reserva-nacional-trapananda\/\">Reserva Nacional Trapananda<\/a>:\u00a0<\/strong><em>CERRADO DESDE ESTE VIERNES 4 DE NOVIEMBRE HASTA NUEVO AVISO<\/em><br \/>\n<strong>a<\/strong>bierta pero con zonas delimitadas por nieve.<\/p>\n<p style=\"text-align: justify;\">\n<\/div>\n<\/div><\/section><\/div><div  style='height:50px' class='hr hr-invisible   avia-builder-el-6  el_after_av_one_full  el_before_av_social_share '><span class='hr-inner ' ><span class='hr-inner-style'><\/span><\/span><\/div><\/p>\n<div  class='av-social-sharing-box  avia-builder-el-7  el_after_av_hr  el_before_av_hr  '><div class='av-share-box'><h5 class='av-share-link-description av-no-toc '>Compartir esta noticia<\/h5><ul class='av-share-box-list noLightbox'><li class='av-share-link av-social-link-facebook' ><a target=\"_blank\" aria-label=\"Compartir en Facebook\" href='https:\/\/www.facebook.com\/sharer.php?u=https:\/\/radiorevelacionfm.cl\/?p=23919&#038;t=CONAF%20informa%20sobre%20situaci%C3%B3n%20de%20%C3%81reas%20Silvestres%20Protegidas%20de%20Ays%C3%A9n%20por%20paro%20de%20Guadaparques' aria-hidden='false' data-av_icon='\ue8f3' data-av_iconfont='entypo-fontello' title='' data-avia-related-tooltip='Compartir en Facebook' rel=\"noopener\"><span class='avia_hidden_link_text'>Compartir en Facebook<\/span><\/a><\/li><li class='av-share-link av-social-link-twitter' ><a target=\"_blank\" aria-label=\"Compartir en Twitter\" href='https:\/\/twitter.com\/share?text=CONAF%20informa%20sobre%20situaci%C3%B3n%20de%20%C3%81reas%20Silvestres%20Protegidas%20de%20Ays%C3%A9n%20por%20paro%20de%20Guadaparques&#038;url=https:\/\/radiorevelacionfm.cl\/?p=23919' aria-hidden='false' data-av_icon='\ue8f1' data-av_iconfont='entypo-fontello' title='' data-avia-related-tooltip='Compartir en Twitter' rel=\"noopener\"><span class='avia_hidden_link_text'>Compartir en Twitter<\/span><\/a><\/li><li class='av-share-link av-social-link-whatsapp' ><a target=\"_blank\" aria-label=\"Compartir en Whatsapp\" href='https:\/\/api.whatsapp.com\/send?text=https:\/\/radiorevelacionfm.cl\/?p=23919' aria-hidden='false' data-av_icon='\uf232' data-av_iconfont='entypo-fontello' title='' data-avia-related-tooltip='Compartir en Whatsapp' rel=\"noopener\"><span class='avia_hidden_link_text'>Compartir en Whatsapp<\/span><\/a><\/li><li class='av-share-link av-social-link-linkedin' ><a target=\"_blank\" aria-label=\"Compartir en LinkedIn\" href='https:\/\/linkedin.com\/shareArticle?mini=true&#038;title=CONAF%20informa%20sobre%20situaci%C3%B3n%20de%20%C3%81reas%20Silvestres%20Protegidas%20de%20Ays%C3%A9n%20por%20paro%20de%20Guadaparques&#038;url=https:\/\/radiorevelacionfm.cl\/?p=23919' aria-hidden='false' data-av_icon='\ue8fc' data-av_iconfont='entypo-fontello' title='' data-avia-related-tooltip='Compartir en LinkedIn' rel=\"noopener\"><span class='avia_hidden_link_text'>Compartir en LinkedIn<\/span><\/a><\/li><li class='av-share-link av-social-link-mail' ><a  aria-label=\"Compartir por correo\" href='mailto:?subject=CONAF%20informa%20sobre%20situaci%C3%B3n%20de%20%C3%81reas%20Silvestres%20Protegidas%20de%20Ays%C3%A9n%20por%20paro%20de%20Guadaparques&#038;body=https:\/\/radiorevelacionfm.cl\/?p=23919' aria-hidden='false' data-av_icon='\ue805' data-av_iconfont='entypo-fontello' title='' data-avia-related-tooltip='Compartir por correo'><span class='avia_hidden_link_text'>Compartir por correo<\/span><\/a><\/li><\/ul><\/div><\/div>\n<div  style='height:50px' class='hr hr-invisible   avia-builder-el-8  el_after_av_social_share  el_before_av_comments_list '><span class='hr-inner ' ><span class='hr-inner-style'><\/span><\/span><\/div>\n<div  class='av-buildercomment  av-blog-meta-html-info-disabled av-blog-meta-tag-disabled  '><\/div>\n","protected":false},"excerpt":{"rendered":"","protected":false},"author":1,"featured_media":23920,"comment_status":"open","ping_status":"open","sticky":false,"template":"","format":"standard","meta":{"footnotes":""},"categories":[54],"tags":[],"class_list":["post-23919","post","type-post","status-publish","format-standard","has-post-thumbnail","hentry","category-turismo"],"jetpack_featured_media_url":"https:\/\/radiorevelacionfm.cl\/wp-content\/uploads\/2022\/11\/cerro-castillo-1024x671-1-1_optimized-1.jpg","_links":{"self":[{"href":"https:\/\/radiorevelacionfm.cl\/index.php?rest_route=\/wp\/v2\/posts\/23919","targetHints":{"allow":["GET"]}}],"collection":[{"href":"https:\/\/radiorevelacionfm.cl\/index.php?rest_route=\/wp\/v2\/posts"}],"about":[{"href":"https:\/\/radiorevelacionfm.cl\/index.php?rest_route=\/wp\/v2\/types\/post"}],"author":[{"embeddable":true,"href":"https:\/\/radiorevelacionfm.cl\/index.php?rest_route=\/wp\/v2\/users\/1"}],"replies":[{"embeddable":true,"href":"https:\/\/radiorevelacionfm.cl\/index.php?rest_route=%2Fwp%2Fv2%2Fcomments&post=23919"}],"version-history":[{"count":2,"href":"https:\/\/radiorevelacionfm.cl\/index.php?rest_route=\/wp\/v2\/posts\/23919\/revisions"}],"predecessor-version":[{"id":23922,"href":"https:\/\/radiorevelacionfm.cl\/index.php?rest_route=\/wp\/v2\/posts\/23919\/revisions\/23922"}],"wp:featuredmedia":[{"embeddable":true,"href":"https:\/\/radiorevelacionfm.cl\/index.php?rest_route=\/wp\/v2\/media\/23920"}],"wp:attachment":[{"href":"https:\/\/radiorevelacionfm.cl\/index.php?rest_route=%2Fwp%2Fv2%2Fmedia&parent=23919"}],"wp:term":[{"taxonomy":"category","embeddable":true,"href":"https:\/\/radiorevelacionfm.cl\/index.php?rest_route=%2Fwp%2Fv2%2Fcategories&post=23919"},{"taxonomy":"post_tag","embeddable":true,"href":"https:\/\/radiorevelacionfm.cl\/index.php?rest_route=%2Fwp%2Fv2%2Ftags&post=23919"}],"curies":[{"name":"wp","href":"https:\/\/api.w.org\/{rel}","templated":true}]}}