{"id":23915,"date":"2022-11-08T11:29:26","date_gmt":"2022-11-08T14:29:26","guid":{"rendered":"https:\/\/radiorevelacionfm.cl\/?p=23915"},"modified":"2022-11-08T11:29:26","modified_gmt":"2022-11-08T14:29:26","slug":"recalada-del-seven-seas-mariner-anticipa-positiva-temporada-de-cruceros-2022-2023-en-puerto-chacabuco","status":"publish","type":"post","link":"https:\/\/radiorevelacionfm.cl\/?p=23915","title":{"rendered":"Recalada del \u201cSeven Seas Mariner\u201d anticipa positiva Temporada de Cruceros 2022-2023 en Puerto Chacabuco"},"content":{"rendered":"<div class=\"flex_column av_one_full  flex_column_div av-zero-column-padding first  avia-builder-el-0  el_before_av_one_full  avia-builder-el-first  \" style='border-radius:0px; '><div  class='avia-image-container  av-styling-    avia-builder-el-1  avia-builder-el-no-sibling  avia-align-center '  itemprop=\"image\" itemscope=\"itemscope\" itemtype=\"https:\/\/schema.org\/ImageObject\"  ><div class='avia-image-container-inner'><div class='avia-image-overlay-wrap'><img decoding=\"async\" class='wp-image-23916 avia-img-lazy-loading-not-23916 avia_image' src=\"https:\/\/radiorevelacionfm.cl\/wp-content\/uploads\/2022\/11\/seven_seas_mariner-1-1.jpg\" alt='' title='seven_seas_mariner (1) (1)' height=\"600\" width=\"902\"  itemprop=\"thumbnailUrl\" srcset=\"https:\/\/radiorevelacionfm.cl\/wp-content\/uploads\/2022\/11\/seven_seas_mariner-1-1.jpg 902w, https:\/\/radiorevelacionfm.cl\/wp-content\/uploads\/2022\/11\/seven_seas_mariner-1-1-300x200.jpg 300w, https:\/\/radiorevelacionfm.cl\/wp-content\/uploads\/2022\/11\/seven_seas_mariner-1-1-768x511.jpg 768w, https:\/\/radiorevelacionfm.cl\/wp-content\/uploads\/2022\/11\/seven_seas_mariner-1-1-705x469.jpg 705w, https:\/\/radiorevelacionfm.cl\/wp-content\/uploads\/2022\/11\/seven_seas_mariner-1-1-600x399.jpg 600w\" sizes=\"(max-width: 902px) 100vw, 902px\" \/><\/div><\/div><\/div><\/div><div class=\"flex_column av_one_full  flex_column_div av-zero-column-padding first  avia-builder-el-2  el_after_av_one_full  el_before_av_one_full  column-top-margin\" style='border-radius:0px; '><section class=\"av_textblock_section \"  itemscope=\"itemscope\" itemtype=\"https:\/\/schema.org\/BlogPosting\" itemprop=\"blogPost\" ><div class='avia_textblock  '   itemprop=\"text\" ><p style=\"text-align: center;\"><strong><span style=\"font-size: 18pt;\">Recalada del \u201cSeven Seas Mariner\u201d anticipa positiva Temporada de Cruceros 2022-2023 en Puerto Chacabuco<\/span><\/strong><\/p>\n<div id=\"gtx-trans\" style=\"position: absolute; left: -50px; top: 4.31534px;\">\n<div class=\"gtx-trans-icon\"><\/div>\n<\/div>\n<\/div><\/section><\/div><div class=\"flex_column av_one_full  flex_column_div av-zero-column-padding first  avia-builder-el-4  el_after_av_one_full  el_before_av_hr  column-top-margin\" style='border-radius:0px; '><section class=\"av_textblock_section \"  itemscope=\"itemscope\" itemtype=\"https:\/\/schema.org\/BlogPosting\" itemprop=\"blogPost\" ><div class='avia_textblock  '   itemprop=\"text\" ><p class=\"v1MsoNormal\" style=\"text-align: justify;\">Consolidando su rol clave en el marco del turismo internacional, como puerta de entrada a la Patagonia chilena, Puerto Chacabuco est\u00e1 pr\u00f3ximo a iniciar su Temporada de Cruceros 2022-2023, en cuyo marco esperar\u00e1 la recalada de 18 naves de pasajeros entre este mes y marzo del pr\u00f3ximo a\u00f1o.<\/p>\n<p class=\"v1MsoNormal\" style=\"text-align: justify;\">El ciclo tur\u00edstico comenzar\u00e1 oficialmente el 28 de noviembre pr\u00f3ximo con el arribo del \u201cSeven Seas Mariner\u201d. El barco, de bandera bahame\u00f1a y 216 metros de eslora, operado por la l\u00ednea de lujo estadounidense Regent Seven Seas Cruises recalar\u00e1 en los muelles de Puerto Chacabuco, con cerca de 920 turistas. Esta l\u00ednea pertenece al gran conglomerado de l\u00edneas liderada por Norwegian Cruise Line, l\u00ednea que ha recalado en Puerto Chacabuco desde el inicio de la llegada de estas naves a la regi\u00f3n hace ya m\u00e1s de dos d\u00e9cadas.<\/p>\n<p class=\"v1MsoNormal\" style=\"text-align: justify;\">Posteriormente, el 9 de diciembre el \u201cOosterdam\u201d, de la l\u00ednea Holland America Line, llegar\u00e1 con poco m\u00e1s de 2 mil pasajeros hasta las dependencias de Oxxean; mientras que el 29 del mismo mes, el \u201cNorwegian Star\u201d, de la Norwegian Cruise Line, recalar\u00e1 en los muelles de Empresa Portuaria Chacabuco con 2.348 cruceristas.<\/p>\n<p class=\"v1MsoNormal\" style=\"text-align: justify;\">Entre el 4 de enero y el 25 de marzo se registrar\u00e1n otras 15 recaladas, 7 de ellas en la infraestructura de Emporcha y 8 en los espacios de Oxxean, completando poco m\u00e1s de 27 mil visitantes que habr\u00e1 durante el ciclo tur\u00edstico, que cerrar\u00e1 a lo grande con la llegada del \u201cCosta Deliziosa\u201d, de la afamada l\u00ednea italiana Costa Crociere.<\/p>\n<p class=\"v1MsoNormal\" style=\"text-align: justify;\">De acuerdo con las autoridades de Puerto Chacabuco, la Temporada de Cruceros 2022-2023 permitir\u00e1 ir \u201cnormalizando\u201d el flujo de cruceros que com\u00fanmente se recib\u00edan en la Regi\u00f3n de Ays\u00e9n, tras una pasada temporada de \u201cinflexi\u00f3n\u201d que trajo solo tres recaladas el verano pasado, pero que posibilit\u00f3 volver a tener estas naves luego de un a\u00f1o y medio sin recibirlas en la regi\u00f3n por causa de las restricciones de la pandemia del Covid-19.<\/p>\n<p class=\"v1MsoNormal\" style=\"text-align: justify;\">Seg\u00fan Enrique Runin, presidente de Puerto Chacabuco, \u201cla llegada de los cruceros a nuestra regi\u00f3n siempre es recibida como una buena noticia; es una actividad que potencia el turismo y la econom\u00eda local, y que expresan de forma positiva la sinergia entre el puerto y la ciudad. Creemos que es una industria que colabora a transversalizar esa relaci\u00f3n, y que aporta beneficios concretos al territorio. Queremos seguir fortaleciendo a nuestro puerto principal como destino atractivo para este tipo de naves y adem\u00e1s lograr que algunas l\u00edneas que operan naves peque\u00f1as y medianas comiencen a ver a otras localidades de la regi\u00f3n como posibles destinos\u201d.<\/p>\n<p class=\"v1MsoNormal\" style=\"text-align: justify;\">De cara al inicio de este ciclo tur\u00edstico, Emporcha ha venido participado en una serie de coordinaciones junto a la Municipalidad de Puerto Ays\u00e9n, Oxxean, Sernatur, servicios fiscalizadores y autoridades regionales, de manera de asegurar una buena atenci\u00f3n a los 27 mil turistas que llegar\u00e1n a bordo de los cruceros.<\/p>\n<p class=\"v1MsoNormal\" style=\"text-align: justify;\">\u201cEntre el puerto, la ciudad, las autoridades y los distintos actores del turismo estamos conscientes que los cruceros son una actividad que queremos cuidar y mantener, siempre con un esp\u00edritu de colaboraci\u00f3n y di\u00e1logo con quienes estar\u00e1n involucrados en la atenci\u00f3n de nuestros visitantes\u201d, a\u00f1adi\u00f3 Runin, quien asegur\u00f3 que desde Emporcha siempre habr\u00e1 \u201ctotal disponibilidad\u201d hacia la actividad de los cruceros en nuestro puerto.<\/p>\n<\/div><\/section><\/div><div  style='height:50px' class='hr hr-invisible   avia-builder-el-6  el_after_av_one_full  el_before_av_social_share '><span class='hr-inner ' ><span class='hr-inner-style'><\/span><\/span><\/div><\/p>\n<div  class='av-social-sharing-box  avia-builder-el-7  el_after_av_hr  el_before_av_hr  '><div class='av-share-box'><h5 class='av-share-link-description av-no-toc '>Compartir esta noticia<\/h5><ul class='av-share-box-list noLightbox'><li class='av-share-link av-social-link-facebook' ><a target=\"_blank\" aria-label=\"Compartir en Facebook\" href='https:\/\/www.facebook.com\/sharer.php?u=https:\/\/radiorevelacionfm.cl\/?p=23915&#038;t=Recalada%20del%20%E2%80%9CSeven%20Seas%20Mariner%E2%80%9D%20anticipa%20positiva%20Temporada%20de%20Cruceros%202022-2023%20en%20Puerto%20Chacabuco' aria-hidden='false' data-av_icon='\ue8f3' data-av_iconfont='entypo-fontello' title='' data-avia-related-tooltip='Compartir en Facebook' rel=\"noopener\"><span class='avia_hidden_link_text'>Compartir en Facebook<\/span><\/a><\/li><li class='av-share-link av-social-link-twitter' ><a target=\"_blank\" aria-label=\"Compartir en Twitter\" href='https:\/\/twitter.com\/share?text=Recalada%20del%20%E2%80%9CSeven%20Seas%20Mariner%E2%80%9D%20anticipa%20positiva%20Temporada%20de%20Cruceros%202022-2023%20en%20Puerto%20Chacabuco&#038;url=https:\/\/radiorevelacionfm.cl\/?p=23915' aria-hidden='false' data-av_icon='\ue8f1' data-av_iconfont='entypo-fontello' title='' data-avia-related-tooltip='Compartir en Twitter' rel=\"noopener\"><span class='avia_hidden_link_text'>Compartir en Twitter<\/span><\/a><\/li><li class='av-share-link av-social-link-whatsapp' ><a target=\"_blank\" aria-label=\"Compartir en Whatsapp\" href='https:\/\/api.whatsapp.com\/send?text=https:\/\/radiorevelacionfm.cl\/?p=23915' aria-hidden='false' data-av_icon='\uf232' data-av_iconfont='entypo-fontello' title='' data-avia-related-tooltip='Compartir en Whatsapp' rel=\"noopener\"><span class='avia_hidden_link_text'>Compartir en Whatsapp<\/span><\/a><\/li><li class='av-share-link av-social-link-linkedin' ><a target=\"_blank\" aria-label=\"Compartir en LinkedIn\" href='https:\/\/linkedin.com\/shareArticle?mini=true&#038;title=Recalada%20del%20%E2%80%9CSeven%20Seas%20Mariner%E2%80%9D%20anticipa%20positiva%20Temporada%20de%20Cruceros%202022-2023%20en%20Puerto%20Chacabuco&#038;url=https:\/\/radiorevelacionfm.cl\/?p=23915' aria-hidden='false' data-av_icon='\ue8fc' data-av_iconfont='entypo-fontello' title='' data-avia-related-tooltip='Compartir en LinkedIn' rel=\"noopener\"><span class='avia_hidden_link_text'>Compartir en LinkedIn<\/span><\/a><\/li><li class='av-share-link av-social-link-mail' ><a  aria-label=\"Compartir por correo\" href='mailto:?subject=Recalada%20del%20%E2%80%9CSeven%20Seas%20Mariner%E2%80%9D%20anticipa%20positiva%20Temporada%20de%20Cruceros%202022-2023%20en%20Puerto%20Chacabuco&#038;body=https:\/\/radiorevelacionfm.cl\/?p=23915' aria-hidden='false' data-av_icon='\ue805' data-av_iconfont='entypo-fontello' title='' data-avia-related-tooltip='Compartir por correo'><span class='avia_hidden_link_text'>Compartir por correo<\/span><\/a><\/li><\/ul><\/div><\/div>\n<div  style='height:50px' class='hr hr-invisible   avia-builder-el-8  el_after_av_social_share  el_before_av_comments_list '><span class='hr-inner ' ><span class='hr-inner-style'><\/span><\/span><\/div>\n<div  class='av-buildercomment  av-blog-meta-html-info-disabled av-blog-meta-tag-disabled  '><\/div>\n","protected":false},"excerpt":{"rendered":"","protected":false},"author":1,"featured_media":23916,"comment_status":"open","ping_status":"open","sticky":false,"template":"","format":"standard","meta":{"footnotes":""},"categories":[54],"tags":[],"class_list":["post-23915","post","type-post","status-publish","format-standard","has-post-thumbnail","hentry","category-turismo"],"jetpack_featured_media_url":"https:\/\/radiorevelacionfm.cl\/wp-content\/uploads\/2022\/11\/seven_seas_mariner-1-1.jpg","_links":{"self":[{"href":"https:\/\/radiorevelacionfm.cl\/index.php?rest_route=\/wp\/v2\/posts\/23915","targetHints":{"allow":["GET"]}}],"collection":[{"href":"https:\/\/radiorevelacionfm.cl\/index.php?rest_route=\/wp\/v2\/posts"}],"about":[{"href":"https:\/\/radiorevelacionfm.cl\/index.php?rest_route=\/wp\/v2\/types\/post"}],"author":[{"embeddable":true,"href":"https:\/\/radiorevelacionfm.cl\/index.php?rest_route=\/wp\/v2\/users\/1"}],"replies":[{"embeddable":true,"href":"https:\/\/radiorevelacionfm.cl\/index.php?rest_route=%2Fwp%2Fv2%2Fcomments&post=23915"}],"version-history":[{"count":2,"href":"https:\/\/radiorevelacionfm.cl\/index.php?rest_route=\/wp\/v2\/posts\/23915\/revisions"}],"predecessor-version":[{"id":23918,"href":"https:\/\/radiorevelacionfm.cl\/index.php?rest_route=\/wp\/v2\/posts\/23915\/revisions\/23918"}],"wp:featuredmedia":[{"embeddable":true,"href":"https:\/\/radiorevelacionfm.cl\/index.php?rest_route=\/wp\/v2\/media\/23916"}],"wp:attachment":[{"href":"https:\/\/radiorevelacionfm.cl\/index.php?rest_route=%2Fwp%2Fv2%2Fmedia&parent=23915"}],"wp:term":[{"taxonomy":"category","embeddable":true,"href":"https:\/\/radiorevelacionfm.cl\/index.php?rest_route=%2Fwp%2Fv2%2Fcategories&post=23915"},{"taxonomy":"post_tag","embeddable":true,"href":"https:\/\/radiorevelacionfm.cl\/index.php?rest_route=%2Fwp%2Fv2%2Ftags&post=23915"}],"curies":[{"name":"wp","href":"https:\/\/api.w.org\/{rel}","templated":true}]}}