{"id":23911,"date":"2022-11-08T10:32:24","date_gmt":"2022-11-08T13:32:24","guid":{"rendered":"https:\/\/radiorevelacionfm.cl\/?p=23911"},"modified":"2022-11-08T10:32:24","modified_gmt":"2022-11-08T13:32:24","slug":"juzgado-de-familia-de-puerto-cisnes-ordena-que-hijos-se-hagan-responsables-del-cuidado-de-sus-padres-adultos-mayores-en-situacion-de-abandono","status":"publish","type":"post","link":"https:\/\/radiorevelacionfm.cl\/?p=23911","title":{"rendered":"Juzgado de Familia de Puerto Cisnes ordena que hijos se hagan responsables del cuidado de sus padres adultos mayores en situaci\u00f3n de abandono"},"content":{"rendered":"<div class=\"flex_column av_one_full  flex_column_div av-zero-column-padding first  avia-builder-el-0  el_before_av_one_full  avia-builder-el-first  \" style='border-radius:0px; '><div  class='avia-image-container  av-styling-    avia-builder-el-1  avia-builder-el-no-sibling  avia-align-center '  itemprop=\"image\" itemscope=\"itemscope\" itemtype=\"https:\/\/schema.org\/ImageObject\"  ><div class='avia-image-container-inner'><div class='avia-image-overlay-wrap'><img decoding=\"async\" class='wp-image-23912 avia-img-lazy-loading-not-23912 avia_image' src=\"https:\/\/radiorevelacionfm.cl\/wp-content\/uploads\/2022\/11\/puerto-cisnes-tribunal-1-1_optimized-1.jpg\" alt='' title='puerto-cisnes-tribunal-(1)-(1)_optimized (1)' height=\"600\" width=\"900\"  itemprop=\"thumbnailUrl\" srcset=\"https:\/\/radiorevelacionfm.cl\/wp-content\/uploads\/2022\/11\/puerto-cisnes-tribunal-1-1_optimized-1.jpg 900w, https:\/\/radiorevelacionfm.cl\/wp-content\/uploads\/2022\/11\/puerto-cisnes-tribunal-1-1_optimized-1-300x200.jpg 300w, https:\/\/radiorevelacionfm.cl\/wp-content\/uploads\/2022\/11\/puerto-cisnes-tribunal-1-1_optimized-1-768x512.jpg 768w, https:\/\/radiorevelacionfm.cl\/wp-content\/uploads\/2022\/11\/puerto-cisnes-tribunal-1-1_optimized-1-705x470.jpg 705w, https:\/\/radiorevelacionfm.cl\/wp-content\/uploads\/2022\/11\/puerto-cisnes-tribunal-1-1_optimized-1-600x400.jpg 600w\" sizes=\"(max-width: 900px) 100vw, 900px\" \/><\/div><\/div><\/div><\/div><div class=\"flex_column av_one_full  flex_column_div av-zero-column-padding first  avia-builder-el-2  el_after_av_one_full  el_before_av_one_full  column-top-margin\" style='border-radius:0px; '><section class=\"av_textblock_section \"  itemscope=\"itemscope\" itemtype=\"https:\/\/schema.org\/BlogPosting\" itemprop=\"blogPost\" ><div class='avia_textblock  '   itemprop=\"text\" ><p style=\"text-align: center;\"><strong><span style=\"font-size: 18pt;\">Juzgado de Familia de Puerto Cisnes ordena que hijos se hagan responsables del cuidado de sus padres adultos mayores en situaci\u00f3n de abandono<\/span><\/strong><\/p>\n<div id=\"gtx-trans\" style=\"position: absolute; left: -50px; top: 4.31534px;\">\n<div class=\"gtx-trans-icon\"><\/div>\n<\/div>\n<\/div><\/section><\/div><div class=\"flex_column av_one_full  flex_column_div av-zero-column-padding first  avia-builder-el-4  el_after_av_one_full  el_before_av_hr  column-top-margin\" style='border-radius:0px; '><section class=\"av_textblock_section \"  itemscope=\"itemscope\" itemtype=\"https:\/\/schema.org\/BlogPosting\" itemprop=\"blogPost\" ><div class='avia_textblock  '   itemprop=\"text\" ><p class=\"v1MsoNormal\" style=\"text-align: justify;\">El Juzgado de Letras, Garant\u00eda, Familia y Laboral de Puerto Cisnes orden\u00f3 el cuidado personal de dos adultos mayores a sus hijos, tras constatar las condiciones de extrema vulnerabilidad y dependencia, que no se encontraban atendidas.<\/p>\n<p class=\"v1MsoNormal\" style=\"text-align: justify;\">La audiencia que marc\u00f3 el retorno a la presencialidad en el tribunal fue realizada tambi\u00e9n v\u00eda telem\u00e1tica y fue dirigida por el magistrado Fernando Acu\u00f1a Guti\u00e9rrez, quien cont\u00f3 con el apoyo del consejero t\u00e9cnico Carlos Mej\u00edas Cabeza y de los diversos actores de la red de apoyo institucional.<\/p>\n<p class=\"v1MsoNormal\" style=\"text-align: justify;\">\u00abSe trata de una situaci\u00f3n de abandono de dos adultos mayores. Son una familia con nueve hijos y una persona muy cercana. Cinco de ellos viven en Puerto Cisnes y el resto repartidos por todo Chile. Los adultos mayores estaban separados, por decisi\u00f3n de su familia, que pens\u00f3 que as\u00ed estar\u00edan mejor, pero antes el matrimonio hab\u00eda manifestado su voluntad de estar juntos\u00bb, sostuvo el magistrado Acu\u00f1a Guti\u00e9rrez.<\/p>\n<p class=\"v1MsoNormal\" style=\"text-align: justify;\">A\u00f1adi\u00f3 que: \u00abPrimero, se resolvi\u00f3 que ambos adultos mayores vuelvan a vivir juntos, esto tras disidencias de antigua data que los llevaron a separar de hecho a ambos c\u00f3nyuges. Adem\u00e1s, el tribunal tuvo que llamar a una salida innovativa, creativa y no imponer una sanci\u00f3n. Se logr\u00f3 que los hijos distantes colaborar\u00e1n con dinero, que los hijos cercanos se organizar\u00e1n e hicieran turnos de cuidado y adem\u00e1s, y sobre todo que se respetar\u00e1 su voluntad de compartir juntos sus \u00faltimos a\u00f1os y para eso gracias a la ayuda que se articul\u00f3 a partir de este consenso tuvimos la colaboraci\u00f3n de parte del Departamento Social de la Municipalidad de Puerto Cisnes y se logr\u00f3 reparar la casa donde viv\u00edan, creando las condiciones necesarias para su bienestar\u00bb, explic\u00f3 el juez.<span id=\"v1gmail-_x0000_t75\"><\/span><span id=\"v1gmail-Imagen_x0020_1\"><\/span><\/p>\n<p class=\"v1MsoNormal\" style=\"text-align: justify;\">En este sentido, el consejero t\u00e9cnico Carlos Mej\u00edas indic\u00f3 que \u00abcuando partimos con la causa se daba cuenta de situaciones de riesgo biopsicosocial, como se denomina. No obstante, al momento de la inspecci\u00f3n del tribunal, habiendo pasado un tiempo importante desde el inicio de la causa, fueron mejoradas diversas condiciones habitacionales. Lo que permiti\u00f3 que finalmente se puedan reunir para retomar su vida juntos y con el apoyo de las redes institucionales puedan tener un mejor vivir\u00bb.<\/p>\n<p class=\"v1MsoNormal\" style=\"text-align: justify;\">Asimismo, el tribunal decret\u00f3 que una persona cumplir\u00e1 la labor de administrador a cargo de los ingresos y gastos de ambos adultos mayores, dando cuenta de ello en las revisiones de la causa que se realizar\u00e1n cada tres meses. De igual manera, se orden\u00f3 oficiar a la Corporaci\u00f3n de Asistencia Judicial Local, para que efect\u00fae las presentaciones pertinentes, tendientes a resolver la curadur\u00eda de ambos adultos mayores y una vez que aquella quede conferida cesar\u00e1n las facultades de esta administradora provisional.<\/p>\n<p class=\"v1MsoNormal\" style=\"text-align: justify;\"><b>Defensa Jur\u00eddica Integral del Adulto Mayor<\/b><\/p>\n<p class=\"v1MsoNormal\" style=\"text-align: justify;\">La abogada Mildred Vasquinzay Tapia, quien representa a los adultos mayores a trav\u00e9s del Programa Defensa Jur\u00eddica Integral de la Corporaci\u00f3n de Asistencia Judicial Biobio, valor\u00f3 el trabajo colaborativo de las instituciones e hizo un llamado a la comunidad regional para que en caso de tener alguna situaci\u00f3n similar se contacten. \u00abNosotros tenemos casos en Chile Chico, en Guaitecas, en Puerto Cisnes y en Cochrane, y esta abogada representa a las personas mayores que son v\u00edctimas de distintos tipos de violencias, entre ellas, la f\u00edsica, la sicol\u00f3gica y de abusos patrimoniales o de violencia econ\u00f3mica que tambi\u00e9n se da mucho en la regi\u00f3n\u00bb.<\/p>\n<\/div><\/section><\/div><div  style='height:50px' class='hr hr-invisible   avia-builder-el-6  el_after_av_one_full  el_before_av_social_share '><span class='hr-inner ' ><span class='hr-inner-style'><\/span><\/span><\/div><\/p>\n<div  class='av-social-sharing-box  avia-builder-el-7  el_after_av_hr  el_before_av_hr  '><div class='av-share-box'><h5 class='av-share-link-description av-no-toc '>Compartir esta noticia<\/h5><ul class='av-share-box-list noLightbox'><li class='av-share-link av-social-link-facebook' ><a target=\"_blank\" aria-label=\"Compartir en Facebook\" href='https:\/\/www.facebook.com\/sharer.php?u=https:\/\/radiorevelacionfm.cl\/?p=23911&#038;t=Juzgado%20de%20Familia%20de%20Puerto%20Cisnes%20ordena%20que%20hijos%20se%20hagan%20responsables%20del%20cuidado%20de%20sus%20padres%20adultos%20mayores%20en%20situaci%C3%B3n%20de%20abandono' aria-hidden='false' data-av_icon='\ue8f3' data-av_iconfont='entypo-fontello' title='' data-avia-related-tooltip='Compartir en Facebook' rel=\"noopener\"><span class='avia_hidden_link_text'>Compartir en Facebook<\/span><\/a><\/li><li class='av-share-link av-social-link-twitter' ><a target=\"_blank\" aria-label=\"Compartir en Twitter\" href='https:\/\/twitter.com\/share?text=Juzgado%20de%20Familia%20de%20Puerto%20Cisnes%20ordena%20que%20hijos%20se%20hagan%20responsables%20del%20cuidado%20de%20sus%20padres%20adultos%20mayores%20en%20situaci%C3%B3n%20de%20abandono&#038;url=https:\/\/radiorevelacionfm.cl\/?p=23911' aria-hidden='false' data-av_icon='\ue8f1' data-av_iconfont='entypo-fontello' title='' data-avia-related-tooltip='Compartir en Twitter' rel=\"noopener\"><span class='avia_hidden_link_text'>Compartir en Twitter<\/span><\/a><\/li><li class='av-share-link av-social-link-whatsapp' ><a target=\"_blank\" aria-label=\"Compartir en Whatsapp\" href='https:\/\/api.whatsapp.com\/send?text=https:\/\/radiorevelacionfm.cl\/?p=23911' aria-hidden='false' data-av_icon='\uf232' data-av_iconfont='entypo-fontello' title='' data-avia-related-tooltip='Compartir en Whatsapp' rel=\"noopener\"><span class='avia_hidden_link_text'>Compartir en Whatsapp<\/span><\/a><\/li><li class='av-share-link av-social-link-linkedin' ><a target=\"_blank\" aria-label=\"Compartir en LinkedIn\" href='https:\/\/linkedin.com\/shareArticle?mini=true&#038;title=Juzgado%20de%20Familia%20de%20Puerto%20Cisnes%20ordena%20que%20hijos%20se%20hagan%20responsables%20del%20cuidado%20de%20sus%20padres%20adultos%20mayores%20en%20situaci%C3%B3n%20de%20abandono&#038;url=https:\/\/radiorevelacionfm.cl\/?p=23911' aria-hidden='false' data-av_icon='\ue8fc' data-av_iconfont='entypo-fontello' title='' data-avia-related-tooltip='Compartir en LinkedIn' rel=\"noopener\"><span class='avia_hidden_link_text'>Compartir en LinkedIn<\/span><\/a><\/li><li class='av-share-link av-social-link-mail' ><a  aria-label=\"Compartir por correo\" href='mailto:?subject=Juzgado%20de%20Familia%20de%20Puerto%20Cisnes%20ordena%20que%20hijos%20se%20hagan%20responsables%20del%20cuidado%20de%20sus%20padres%20adultos%20mayores%20en%20situaci%C3%B3n%20de%20abandono&#038;body=https:\/\/radiorevelacionfm.cl\/?p=23911' aria-hidden='false' data-av_icon='\ue805' data-av_iconfont='entypo-fontello' title='' data-avia-related-tooltip='Compartir por correo'><span class='avia_hidden_link_text'>Compartir por correo<\/span><\/a><\/li><\/ul><\/div><\/div>\n<div  style='height:50px' class='hr hr-invisible   avia-builder-el-8  el_after_av_social_share  el_before_av_comments_list '><span class='hr-inner ' ><span class='hr-inner-style'><\/span><\/span><\/div>\n<div  class='av-buildercomment  av-blog-meta-html-info-disabled av-blog-meta-tag-disabled  '><\/div>\n","protected":false},"excerpt":{"rendered":"","protected":false},"author":1,"featured_media":23912,"comment_status":"open","ping_status":"open","sticky":false,"template":"","format":"standard","meta":{"footnotes":""},"categories":[55],"tags":[],"class_list":["post-23911","post","type-post","status-publish","format-standard","has-post-thumbnail","hentry","category-justicia"],"jetpack_featured_media_url":"https:\/\/radiorevelacionfm.cl\/wp-content\/uploads\/2022\/11\/puerto-cisnes-tribunal-1-1_optimized-1.jpg","_links":{"self":[{"href":"https:\/\/radiorevelacionfm.cl\/index.php?rest_route=\/wp\/v2\/posts\/23911","targetHints":{"allow":["GET"]}}],"collection":[{"href":"https:\/\/radiorevelacionfm.cl\/index.php?rest_route=\/wp\/v2\/posts"}],"about":[{"href":"https:\/\/radiorevelacionfm.cl\/index.php?rest_route=\/wp\/v2\/types\/post"}],"author":[{"embeddable":true,"href":"https:\/\/radiorevelacionfm.cl\/index.php?rest_route=\/wp\/v2\/users\/1"}],"replies":[{"embeddable":true,"href":"https:\/\/radiorevelacionfm.cl\/index.php?rest_route=%2Fwp%2Fv2%2Fcomments&post=23911"}],"version-history":[{"count":2,"href":"https:\/\/radiorevelacionfm.cl\/index.php?rest_route=\/wp\/v2\/posts\/23911\/revisions"}],"predecessor-version":[{"id":23914,"href":"https:\/\/radiorevelacionfm.cl\/index.php?rest_route=\/wp\/v2\/posts\/23911\/revisions\/23914"}],"wp:featuredmedia":[{"embeddable":true,"href":"https:\/\/radiorevelacionfm.cl\/index.php?rest_route=\/wp\/v2\/media\/23912"}],"wp:attachment":[{"href":"https:\/\/radiorevelacionfm.cl\/index.php?rest_route=%2Fwp%2Fv2%2Fmedia&parent=23911"}],"wp:term":[{"taxonomy":"category","embeddable":true,"href":"https:\/\/radiorevelacionfm.cl\/index.php?rest_route=%2Fwp%2Fv2%2Fcategories&post=23911"},{"taxonomy":"post_tag","embeddable":true,"href":"https:\/\/radiorevelacionfm.cl\/index.php?rest_route=%2Fwp%2Fv2%2Ftags&post=23911"}],"curies":[{"name":"wp","href":"https:\/\/api.w.org\/{rel}","templated":true}]}}