{"id":23903,"date":"2022-11-07T21:33:33","date_gmt":"2022-11-08T00:33:33","guid":{"rendered":"https:\/\/radiorevelacionfm.cl\/?p=23903"},"modified":"2022-11-07T21:33:33","modified_gmt":"2022-11-08T00:33:33","slug":"carabineros-con-apoyo-de-bomberos-rescato-a-ciudadano-desde-las-aguas-del-rio-aysen","status":"publish","type":"post","link":"https:\/\/radiorevelacionfm.cl\/?p=23903","title":{"rendered":"Carabineros con apoyo de Bomberos rescat\u00f3 a ciudadano desde las aguas del r\u00edo Ays\u00e9n"},"content":{"rendered":"<div class=\"flex_column av_one_full  flex_column_div av-zero-column-padding first  avia-builder-el-0  el_before_av_one_full  avia-builder-el-first  \" style='border-radius:0px; '><div  class='avia-image-container  av-styling-    avia-builder-el-1  avia-builder-el-no-sibling  avia-align-center '  itemprop=\"image\" itemscope=\"itemscope\" itemtype=\"https:\/\/schema.org\/ImageObject\"  ><div class='avia-image-container-inner'><div class='avia-image-overlay-wrap'><img decoding=\"async\" class='wp-image-23905 avia-img-lazy-loading-not-23905 avia_image' src=\"https:\/\/radiorevelacionfm.cl\/wp-content\/uploads\/2022\/11\/carabineros-aysen14-1_optimized-1.jpg\" alt='' title='carabineros-aysen14-(1)_optimized (1)' height=\"750\" width=\"1000\"  itemprop=\"thumbnailUrl\" srcset=\"https:\/\/radiorevelacionfm.cl\/wp-content\/uploads\/2022\/11\/carabineros-aysen14-1_optimized-1.jpg 1000w, https:\/\/radiorevelacionfm.cl\/wp-content\/uploads\/2022\/11\/carabineros-aysen14-1_optimized-1-300x225.jpg 300w, https:\/\/radiorevelacionfm.cl\/wp-content\/uploads\/2022\/11\/carabineros-aysen14-1_optimized-1-768x576.jpg 768w, https:\/\/radiorevelacionfm.cl\/wp-content\/uploads\/2022\/11\/carabineros-aysen14-1_optimized-1-705x529.jpg 705w, https:\/\/radiorevelacionfm.cl\/wp-content\/uploads\/2022\/11\/carabineros-aysen14-1_optimized-1-600x450.jpg 600w\" sizes=\"(max-width: 1000px) 100vw, 1000px\" \/><\/div><\/div><\/div><\/div><div class=\"flex_column av_one_full  flex_column_div av-zero-column-padding first  avia-builder-el-2  el_after_av_one_full  el_before_av_one_full  column-top-margin\" style='border-radius:0px; '><section class=\"av_textblock_section \"  itemscope=\"itemscope\" itemtype=\"https:\/\/schema.org\/BlogPosting\" itemprop=\"blogPost\" ><div class='avia_textblock  '   itemprop=\"text\" ><p style=\"text-align: center;\"><span style=\"font-size: 18pt;\"><b>Carabineros con apoyo de Bomberos rescat\u00f3 a ciudadano desde las aguas del r\u00edo Ays\u00e9n<\/b><\/span><\/p>\n<div id=\"gtx-trans\" style=\"position: absolute; left: -50px; top: 4.31534px;\">\n<div class=\"gtx-trans-icon\"><\/div>\n<\/div>\n<\/div><\/section><\/div><div class=\"flex_column av_one_full  flex_column_div av-zero-column-padding first  avia-builder-el-4  el_after_av_one_full  el_before_av_hr  column-top-margin\" style='border-radius:0px; '><section class=\"av_textblock_section \"  itemscope=\"itemscope\" itemtype=\"https:\/\/schema.org\/BlogPosting\" itemprop=\"blogPost\" ><div class='avia_textblock  '   itemprop=\"text\" ><p class=\"v1MsoNormal\" style=\"text-align: justify;\">El Jefe de la XI Zona Ays\u00e9n, General Patricio Santos Poblete, resalt\u00f3 el compromiso de la Instituci\u00f3n con la comunidad.<\/p>\n<p class=\"v1MsoNormal\" style=\"text-align: justify;\">Asimismo destac\u00f3 el trabajo preventivo con el comercio, sumado a la detenci\u00f3n de un sujeto por mantener una orden judicial pendiente por robo en lugar no habitado en la comuna de Osorno, quien hab\u00eda cometido un delito similar en la comuna de Coyhaique.<\/p>\n<p class=\"v1MsoNormal\" style=\"text-align: justify;\">Durante el comit\u00e9 policial de los d\u00edas lunes, Carabineros \u2013en dependencias de la Delegaci\u00f3n Regional Presidencial Ays\u00e9n- realiz\u00f3 un recuento de la labor y destac\u00f3 el rescate de una persona desde las aguas del r\u00edo Ays\u00e9n, el trabajo con la c\u00e1mara de comercio de Coyhaique para prevenir la ocurrencia de delitos y la detenci\u00f3n de un sujeto por orden judicial pendiente de un tribunal de Osorno tras un delito cometido en una multitienda, mismo hecho perpetrado en Coyhaique.<\/p>\n<p class=\"v1MsoNormal\" style=\"text-align: justify;\">El Jefe de la XI Zona de Carabineros Ays\u00e9n, General Patricio Santos Poblete, resalt\u00f3 la acci\u00f3n heroica efectuada alrededor de las 05:00 horas del domingo por parte de Carabineros de la 2da. Comisar\u00eda de Puerto Ays\u00e9n, en el d\u00eda en que se conmemor\u00f3 los 57 a\u00f1os del fallecimiento del Teniente Hern\u00e1n Merino Correa h\u00e9roe del siglo XX luego de los tr\u00e1gicos sucesos de Laguna del Desierto.<\/p>\n<p class=\"v1MsoNormal\" style=\"text-align: justify;\">\u00abDos carabineros que ayer fueron alertados por la comunidad sobre un ciudadano que se hab\u00eda arrojado al r\u00edo Ays\u00e9n, no dudaron dos segundos y se lanzaron al r\u00edo y lograron rescatar a esta persona con apoyo de Bomberos\u00bb, expres\u00f3 el Oficial General.<\/p>\n<p class=\"v1MsoNormal\" style=\"text-align: justify;\">El General Santos indic\u00f3 que esta acci\u00f3n efectuada en las g\u00e9lidas aguas, la salud del personal fue igualmente chequeada en el hospital local, verificando que estos se encuentran en buenas condiciones.<\/p>\n<p class=\"v1MsoNormal\" style=\"text-align: justify;\">Ante dicha actuaci\u00f3n, Carabineros dispuso una felicitaci\u00f3n especial en su respectiva hoja de vida del personal en virtud de esta meritoria acci\u00f3n que permiti\u00f3 salvar con vida a este ciudadano.<\/p>\n<p class=\"v1MsoNormal\" style=\"text-align: justify;\">\u00abLos carabineros han demostrado una vez m\u00e1s el compromiso que tienen con la comunidad y que va m\u00e1s all\u00e1 de la persecuci\u00f3n de delitos, va efectivamente en atender las necesidades de las personas y resguardar la vida a toda circunstancia\u00bb, expres\u00f3 el General Patricio Santos.<\/p>\n<p class=\"v1MsoNormal\" style=\"text-align: justify;\"><b>Trabajo con el comercio<\/b><\/p>\n<p class=\"v1MsoNormal\" style=\"text-align: justify;\">En otro \u00e1mbito, el Jefe de la XI Zona de Carabineros Ays\u00e9n, a\u00f1adi\u00f3 que se han desarrollado reuniones con la presidenta de la C\u00e1mara de Comercio de Coyhaique, Daisy Mondelo, sumado al desarrollo de servicios focalizados orientados a prevenir y controlar la comisi\u00f3n de delitos.<\/p>\n<p class=\"v1MsoNormal\" style=\"text-align: justify;\">\u00abHacemos un llamado al comercio \u2013independiente de la merma o p\u00e9rdida que tenga- efect\u00fae las denuncias, porque en la medida en que conozcamos los hechos vamos a poder focalizar en el tiempo y en el espacio el registro delictual, de tal forma de poder prestar servicios policiales que sean eficientes\u00bb, indic\u00f3.<\/p>\n<p class=\"v1MsoNormal\" style=\"text-align: justify;\">Asimismo el General Santos indic\u00f3 que pr\u00f3ximamente ser\u00e1n levantadas las encuestas de victimizaci\u00f3n \u2013que se desarrollan a nivel nacional- pero para las comunas de la Regi\u00f3n de Ays\u00e9n, tarea que se desarrollar\u00e1 a trav\u00e9s de las Oficinas de Integraci\u00f3n Comunitaria de Carabineros, con la finalidad de tener certeza respectos de los delitos, independiente de la cuant\u00eda, y poder ajustar la oferta policial a esas necesidades.<\/p>\n<p class=\"v1MsoNormal\" style=\"text-align: justify;\">\u00abCarabineros previene controlando. A la fecha llevamos cerca de 97 mil controles a raz\u00f3n de 2.100 controles semanales, que nos permiten advertir personas con \u00f3rdenes de arresto y en funci\u00f3n de ello sacarlas de circulaci\u00f3n\u00bb, expres\u00f3 el Jefe de Zona de Carabineros Ays\u00e9n.<\/p>\n<p class=\"v1MsoNormal\" style=\"text-align: justify;\"><b>Orden judicial<\/b><\/p>\n<p class=\"v1MsoNormal\" style=\"text-align: justify;\">En tal sentido el General Santos aludi\u00f3 a un control efectuado por Carabineros de Coyhaique el mi\u00e9rcoles de la semana reci\u00e9n pasada \u2013en el sector multitiendas- logrando la detenci\u00f3n de una persona por orden de arresto por el delito de robo en lugar no habitado en la comuna de Osorno, pudiendo igualmente \u2013tras la verificaci\u00f3n de antecedentes- constatar que el individuo acababa de cometer un il\u00edcito similar en una multitienda de la ciudad, siendo puesto a disposici\u00f3n de los organismos jurisdiccionales respectivos.<\/p>\n<p class=\"v1MsoNormal\" style=\"text-align: justify;\">El sujeto, quien registra 74 detenciones previas -13 de ellas ocurridas durante el presente a\u00f1o- fue sorprendido por el personal con numerosas especies en su poder.<\/p>\n<p class=\"v1MsoNormal\" style=\"text-align: justify;\">Carabineros reiter\u00f3 el llamado a la comunidad a denunciar los delitos a trav\u00e9s del fono emergencias 133 o bien a trav\u00e9s del plan cuadrante de seguridad preventiva.<\/p>\n<\/div><\/section><\/div><div  style='height:50px' class='hr hr-invisible   avia-builder-el-6  el_after_av_one_full  el_before_av_social_share '><span class='hr-inner ' ><span class='hr-inner-style'><\/span><\/span><\/div><\/p>\n<div  class='av-social-sharing-box  avia-builder-el-7  el_after_av_hr  el_before_av_hr  '><div class='av-share-box'><h5 class='av-share-link-description av-no-toc '>Compartir esta noticia<\/h5><ul class='av-share-box-list noLightbox'><li class='av-share-link av-social-link-facebook' ><a target=\"_blank\" aria-label=\"Compartir en Facebook\" href='https:\/\/www.facebook.com\/sharer.php?u=https:\/\/radiorevelacionfm.cl\/?p=23903&#038;t=Carabineros%20con%20apoyo%20de%20Bomberos%20rescat%C3%B3%20a%20ciudadano%20desde%20las%20aguas%20del%20r%C3%ADo%20Ays%C3%A9n' aria-hidden='false' data-av_icon='\ue8f3' data-av_iconfont='entypo-fontello' title='' data-avia-related-tooltip='Compartir en Facebook' rel=\"noopener\"><span class='avia_hidden_link_text'>Compartir en Facebook<\/span><\/a><\/li><li class='av-share-link av-social-link-twitter' ><a target=\"_blank\" aria-label=\"Compartir en Twitter\" href='https:\/\/twitter.com\/share?text=Carabineros%20con%20apoyo%20de%20Bomberos%20rescat%C3%B3%20a%20ciudadano%20desde%20las%20aguas%20del%20r%C3%ADo%20Ays%C3%A9n&#038;url=https:\/\/radiorevelacionfm.cl\/?p=23903' aria-hidden='false' data-av_icon='\ue8f1' data-av_iconfont='entypo-fontello' title='' data-avia-related-tooltip='Compartir en Twitter' rel=\"noopener\"><span class='avia_hidden_link_text'>Compartir en Twitter<\/span><\/a><\/li><li class='av-share-link av-social-link-whatsapp' ><a target=\"_blank\" aria-label=\"Compartir en Whatsapp\" href='https:\/\/api.whatsapp.com\/send?text=https:\/\/radiorevelacionfm.cl\/?p=23903' aria-hidden='false' data-av_icon='\uf232' data-av_iconfont='entypo-fontello' title='' data-avia-related-tooltip='Compartir en Whatsapp' rel=\"noopener\"><span class='avia_hidden_link_text'>Compartir en Whatsapp<\/span><\/a><\/li><li class='av-share-link av-social-link-linkedin' ><a target=\"_blank\" aria-label=\"Compartir en LinkedIn\" href='https:\/\/linkedin.com\/shareArticle?mini=true&#038;title=Carabineros%20con%20apoyo%20de%20Bomberos%20rescat%C3%B3%20a%20ciudadano%20desde%20las%20aguas%20del%20r%C3%ADo%20Ays%C3%A9n&#038;url=https:\/\/radiorevelacionfm.cl\/?p=23903' aria-hidden='false' data-av_icon='\ue8fc' data-av_iconfont='entypo-fontello' title='' data-avia-related-tooltip='Compartir en LinkedIn' rel=\"noopener\"><span class='avia_hidden_link_text'>Compartir en LinkedIn<\/span><\/a><\/li><li class='av-share-link av-social-link-mail' ><a  aria-label=\"Compartir por correo\" href='mailto:?subject=Carabineros%20con%20apoyo%20de%20Bomberos%20rescat%C3%B3%20a%20ciudadano%20desde%20las%20aguas%20del%20r%C3%ADo%20Ays%C3%A9n&#038;body=https:\/\/radiorevelacionfm.cl\/?p=23903' aria-hidden='false' data-av_icon='\ue805' data-av_iconfont='entypo-fontello' title='' data-avia-related-tooltip='Compartir por correo'><span class='avia_hidden_link_text'>Compartir por correo<\/span><\/a><\/li><\/ul><\/div><\/div>\n<div  style='height:50px' class='hr hr-invisible   avia-builder-el-8  el_after_av_social_share  el_before_av_comments_list '><span class='hr-inner ' ><span class='hr-inner-style'><\/span><\/span><\/div>\n<div  class='av-buildercomment  av-blog-meta-html-info-disabled av-blog-meta-tag-disabled  '><\/div>\n","protected":false},"excerpt":{"rendered":"","protected":false},"author":1,"featured_media":23905,"comment_status":"open","ping_status":"open","sticky":false,"template":"","format":"standard","meta":{"footnotes":""},"categories":[36],"tags":[],"class_list":["post-23903","post","type-post","status-publish","format-standard","has-post-thumbnail","hentry","category-policial"],"jetpack_featured_media_url":"https:\/\/radiorevelacionfm.cl\/wp-content\/uploads\/2022\/11\/carabineros-aysen14-1_optimized-1.jpg","_links":{"self":[{"href":"https:\/\/radiorevelacionfm.cl\/index.php?rest_route=\/wp\/v2\/posts\/23903","targetHints":{"allow":["GET"]}}],"collection":[{"href":"https:\/\/radiorevelacionfm.cl\/index.php?rest_route=\/wp\/v2\/posts"}],"about":[{"href":"https:\/\/radiorevelacionfm.cl\/index.php?rest_route=\/wp\/v2\/types\/post"}],"author":[{"embeddable":true,"href":"https:\/\/radiorevelacionfm.cl\/index.php?rest_route=\/wp\/v2\/users\/1"}],"replies":[{"embeddable":true,"href":"https:\/\/radiorevelacionfm.cl\/index.php?rest_route=%2Fwp%2Fv2%2Fcomments&post=23903"}],"version-history":[{"count":2,"href":"https:\/\/radiorevelacionfm.cl\/index.php?rest_route=\/wp\/v2\/posts\/23903\/revisions"}],"predecessor-version":[{"id":23907,"href":"https:\/\/radiorevelacionfm.cl\/index.php?rest_route=\/wp\/v2\/posts\/23903\/revisions\/23907"}],"wp:featuredmedia":[{"embeddable":true,"href":"https:\/\/radiorevelacionfm.cl\/index.php?rest_route=\/wp\/v2\/media\/23905"}],"wp:attachment":[{"href":"https:\/\/radiorevelacionfm.cl\/index.php?rest_route=%2Fwp%2Fv2%2Fmedia&parent=23903"}],"wp:term":[{"taxonomy":"category","embeddable":true,"href":"https:\/\/radiorevelacionfm.cl\/index.php?rest_route=%2Fwp%2Fv2%2Fcategories&post=23903"},{"taxonomy":"post_tag","embeddable":true,"href":"https:\/\/radiorevelacionfm.cl\/index.php?rest_route=%2Fwp%2Fv2%2Ftags&post=23903"}],"curies":[{"name":"wp","href":"https:\/\/api.w.org\/{rel}","templated":true}]}}