{"id":23896,"date":"2022-11-08T10:04:47","date_gmt":"2022-11-08T13:04:47","guid":{"rendered":"https:\/\/radiorevelacionfm.cl\/?p=23896"},"modified":"2022-11-08T10:04:47","modified_gmt":"2022-11-08T13:04:47","slug":"avance-de-conectividad-para-el-sector-el-avellano-finalizan-trabajos-de-conservacion-y-apertura-de-caminos","status":"publish","type":"post","link":"https:\/\/radiorevelacionfm.cl\/?p=23896","title":{"rendered":"Avance de conectividad para el sector El Avellano: Finalizan trabajos de conservaci\u00f3n y apertura de caminos"},"content":{"rendered":"<div class=\"flex_column av_one_full  flex_column_div av-zero-column-padding first  avia-builder-el-0  el_before_av_one_full  avia-builder-el-first  \" style='border-radius:0px; '><div  class='avia-image-container  av-styling-    avia-builder-el-1  avia-builder-el-no-sibling  avia-align-center '  itemprop=\"image\" itemscope=\"itemscope\" itemtype=\"https:\/\/schema.org\/ImageObject\"  ><div class='avia-image-container-inner'><div class='avia-image-overlay-wrap'><img decoding=\"async\" class='wp-image-23897 avia-img-lazy-loading-not-23897 avia_image' src=\"https:\/\/radiorevelacionfm.cl\/wp-content\/uploads\/2022\/11\/foto-avellano-0-1-1.jpg\" alt='' title='foto avellano 0 (1) (1)' height=\"600\" width=\"788\"  itemprop=\"thumbnailUrl\" srcset=\"https:\/\/radiorevelacionfm.cl\/wp-content\/uploads\/2022\/11\/foto-avellano-0-1-1.jpg 788w, https:\/\/radiorevelacionfm.cl\/wp-content\/uploads\/2022\/11\/foto-avellano-0-1-1-300x228.jpg 300w, https:\/\/radiorevelacionfm.cl\/wp-content\/uploads\/2022\/11\/foto-avellano-0-1-1-768x585.jpg 768w, https:\/\/radiorevelacionfm.cl\/wp-content\/uploads\/2022\/11\/foto-avellano-0-1-1-705x537.jpg 705w, https:\/\/radiorevelacionfm.cl\/wp-content\/uploads\/2022\/11\/foto-avellano-0-1-1-600x457.jpg 600w\" sizes=\"(max-width: 788px) 100vw, 788px\" \/><\/div><\/div><\/div><\/div>\n<div class=\"flex_column av_one_full  flex_column_div av-zero-column-padding first  avia-builder-el-2  el_after_av_one_full  el_before_av_one_full  column-top-margin\" style='border-radius:0px; '><section class=\"av_textblock_section \"  itemscope=\"itemscope\" itemtype=\"https:\/\/schema.org\/BlogPosting\" itemprop=\"blogPost\" ><div class='avia_textblock  '   itemprop=\"text\" ><p style=\"text-align: center;\"><span style=\"font-size: 18pt;\"><strong>Avance de conectividad para el sector El Avellano: Finalizan trabajos de conservaci\u00f3n y apertura de caminos<\/strong><\/span><\/p>\n<div id=\"gtx-trans\" style=\"position: absolute; left: -50px; top: 4.31534px;\">\n<div class=\"gtx-trans-icon\"><\/div>\n<\/div>\n<\/div><\/section><\/div><div class=\"flex_column av_one_full  flex_column_div av-zero-column-padding first  avia-builder-el-4  el_after_av_one_full  el_before_av_hr  column-top-margin\" style='border-radius:0px; '><section class=\"av_textblock_section \"  itemscope=\"itemscope\" itemtype=\"https:\/\/schema.org\/BlogPosting\" itemprop=\"blogPost\" ><div class='avia_textblock  '   itemprop=\"text\" ><p style=\"font-weight: 400; text-align: justify;\">Luego de m\u00e1s de seis meses sin conexi\u00f3n terrestre y lacustre en el sector El Avellano, equipo municipal de la Ilustre Municipalidad de R\u00edo Ib\u00e1\u00f1ez, junto a la Delegaci\u00f3n Presidencial Provincial General Carrera, coordinaron la primera navegaci\u00f3n hasta la zona para avanzar en trabajos de conservaci\u00f3n y apertura de caminos.<\/p>\n<p style=\"font-weight: 400; text-align: justify;\">Durante 14 d\u00edas funcionarios municipales de R\u00edo Ib\u00e1\u00f1ez trabajaron con maquinaria pesada, con el objetivo de abrir un camino vehicular para los vecinos y vecinas del sector, el cual conecta los campos de la comunidad, con el embarcadero en la costa del Lago General Carrera.<\/p>\n<p style=\"font-weight: 400; text-align: justify;\">El presidente del comit\u00e9 campesino sector El Avellano, Carlos Rubilar, afirma que \u201ceste camino es super importante, ya que los vecinos podr\u00e1n llevar sus cosas en veh\u00edculos desde la costa hasta sus casas (\u2026) A caballo demoraban 4 a 5 horas y ahora podr\u00e1n hacer este trayecto en menos de dos horas\u201d.<\/p>\n<p style=\"font-weight: 400; text-align: justify;\">El Avellano es una de las zonas m\u00e1s aisladas de la comuna de R\u00edo Ib\u00e1\u00f1ez y durante este invierno, producto de las fallas mec\u00e1nicas de las barcazas y el cierre de caminos por las inclemencias clim\u00e1ticas, los campesinos de la zona no pudieron trasladar forraje y concentrado para sus animales, e incluso debieron racionar sus propios insumos.<\/p>\n<p style=\"font-weight: 400; text-align: justify;\">\u201cCulminamos una campa\u00f1a de trabajo de nuestra maquinaria municipal en el sector El Avellano, donde trasladamos a tres operadores de maquinaria pesada del municipio, dos maquinarias y un cami\u00f3n tolva, que estuvieron trabajando por casi 15 d\u00edas con dirigentes y vecinos del sector\u201d describe el alcalde de la comuna de R\u00edo Ib\u00e1\u00f1ez, Macelo Santana Vargas.<\/p>\n<p style=\"font-weight: 400; text-align: justify;\">Los vecinos y vecinas de la zona agradecieron la gesti\u00f3n que permiti\u00f3 la disposici\u00f3n de una barcaza ante la necesidad de recuperar la conectividad terrestre, la cual se suma a una serie de esfuerzos municipales que buscaron ayudar a las familias, tal como fue la entrega de 100 sacos de concentrado para animales y v\u00edveres para los residentes en el mes de septiembre.<\/p>\n<p style=\"font-weight: 400; text-align: justify;\">A pesar de los esfuerzos, a\u00fan no se obtiene una soluci\u00f3n concreta ante la desconectividad lacustre que afecta a los pobladores del Avellano desde el mes de mayo. Los vecinos esperan que se retome el viaje mensual de la barcaza, la cual les permite transportar a sus animales y tambi\u00e9n abastecerse de insumos y alimentaci\u00f3n.<\/p>\n<\/div><\/section><\/div><\/p>\n<div  style='height:50px' class='hr hr-invisible   avia-builder-el-6  el_after_av_one_full  el_before_av_social_share '><span class='hr-inner ' ><span class='hr-inner-style'><\/span><\/span><\/div>\n<div  class='av-social-sharing-box  avia-builder-el-7  el_after_av_hr  el_before_av_hr  '><div class='av-share-box'><h5 class='av-share-link-description av-no-toc '>Compartir esta noticia<\/h5><ul class='av-share-box-list noLightbox'><li class='av-share-link av-social-link-facebook' ><a target=\"_blank\" aria-label=\"Compartir en Facebook\" href='https:\/\/www.facebook.com\/sharer.php?u=https:\/\/radiorevelacionfm.cl\/?p=23896&#038;t=Avance%20de%20conectividad%20para%20el%20sector%20El%20Avellano%3A%20Finalizan%20trabajos%20de%20conservaci%C3%B3n%20y%20apertura%20de%20caminos' aria-hidden='false' data-av_icon='\ue8f3' data-av_iconfont='entypo-fontello' title='' data-avia-related-tooltip='Compartir en Facebook' rel=\"noopener\"><span class='avia_hidden_link_text'>Compartir en Facebook<\/span><\/a><\/li><li class='av-share-link av-social-link-twitter' ><a target=\"_blank\" aria-label=\"Compartir en Twitter\" href='https:\/\/twitter.com\/share?text=Avance%20de%20conectividad%20para%20el%20sector%20El%20Avellano%3A%20Finalizan%20trabajos%20de%20conservaci%C3%B3n%20y%20apertura%20de%20caminos&#038;url=https:\/\/radiorevelacionfm.cl\/?p=23896' aria-hidden='false' data-av_icon='\ue8f1' data-av_iconfont='entypo-fontello' title='' data-avia-related-tooltip='Compartir en Twitter' rel=\"noopener\"><span class='avia_hidden_link_text'>Compartir en Twitter<\/span><\/a><\/li><li class='av-share-link av-social-link-whatsapp' ><a target=\"_blank\" aria-label=\"Compartir en Whatsapp\" href='https:\/\/api.whatsapp.com\/send?text=https:\/\/radiorevelacionfm.cl\/?p=23896' aria-hidden='false' data-av_icon='\uf232' data-av_iconfont='entypo-fontello' title='' data-avia-related-tooltip='Compartir en Whatsapp' rel=\"noopener\"><span class='avia_hidden_link_text'>Compartir en Whatsapp<\/span><\/a><\/li><li class='av-share-link av-social-link-linkedin' ><a target=\"_blank\" aria-label=\"Compartir en LinkedIn\" href='https:\/\/linkedin.com\/shareArticle?mini=true&#038;title=Avance%20de%20conectividad%20para%20el%20sector%20El%20Avellano%3A%20Finalizan%20trabajos%20de%20conservaci%C3%B3n%20y%20apertura%20de%20caminos&#038;url=https:\/\/radiorevelacionfm.cl\/?p=23896' aria-hidden='false' data-av_icon='\ue8fc' data-av_iconfont='entypo-fontello' title='' data-avia-related-tooltip='Compartir en LinkedIn' rel=\"noopener\"><span class='avia_hidden_link_text'>Compartir en LinkedIn<\/span><\/a><\/li><li class='av-share-link av-social-link-mail' ><a  aria-label=\"Compartir por correo\" href='mailto:?subject=Avance%20de%20conectividad%20para%20el%20sector%20El%20Avellano%3A%20Finalizan%20trabajos%20de%20conservaci%C3%B3n%20y%20apertura%20de%20caminos&#038;body=https:\/\/radiorevelacionfm.cl\/?p=23896' aria-hidden='false' data-av_icon='\ue805' data-av_iconfont='entypo-fontello' title='' data-avia-related-tooltip='Compartir por correo'><span class='avia_hidden_link_text'>Compartir por correo<\/span><\/a><\/li><\/ul><\/div><\/div>\n<div  style='height:50px' class='hr hr-invisible   avia-builder-el-8  el_after_av_social_share  el_before_av_comments_list '><span class='hr-inner ' ><span class='hr-inner-style'><\/span><\/span><\/div>\n<div  class='av-buildercomment  av-blog-meta-html-info-disabled av-blog-meta-tag-disabled  '><\/div>\n","protected":false},"excerpt":{"rendered":"","protected":false},"author":1,"featured_media":23897,"comment_status":"open","ping_status":"open","sticky":false,"template":"","format":"standard","meta":{"footnotes":""},"categories":[38],"tags":[],"class_list":["post-23896","post","type-post","status-publish","format-standard","has-post-thumbnail","hentry","category-regional"],"jetpack_featured_media_url":"https:\/\/radiorevelacionfm.cl\/wp-content\/uploads\/2022\/11\/foto-avellano-0-1-1.jpg","_links":{"self":[{"href":"https:\/\/radiorevelacionfm.cl\/index.php?rest_route=\/wp\/v2\/posts\/23896","targetHints":{"allow":["GET"]}}],"collection":[{"href":"https:\/\/radiorevelacionfm.cl\/index.php?rest_route=\/wp\/v2\/posts"}],"about":[{"href":"https:\/\/radiorevelacionfm.cl\/index.php?rest_route=\/wp\/v2\/types\/post"}],"author":[{"embeddable":true,"href":"https:\/\/radiorevelacionfm.cl\/index.php?rest_route=\/wp\/v2\/users\/1"}],"replies":[{"embeddable":true,"href":"https:\/\/radiorevelacionfm.cl\/index.php?rest_route=%2Fwp%2Fv2%2Fcomments&post=23896"}],"version-history":[{"count":3,"href":"https:\/\/radiorevelacionfm.cl\/index.php?rest_route=\/wp\/v2\/posts\/23896\/revisions"}],"predecessor-version":[{"id":23910,"href":"https:\/\/radiorevelacionfm.cl\/index.php?rest_route=\/wp\/v2\/posts\/23896\/revisions\/23910"}],"wp:featuredmedia":[{"embeddable":true,"href":"https:\/\/radiorevelacionfm.cl\/index.php?rest_route=\/wp\/v2\/media\/23897"}],"wp:attachment":[{"href":"https:\/\/radiorevelacionfm.cl\/index.php?rest_route=%2Fwp%2Fv2%2Fmedia&parent=23896"}],"wp:term":[{"taxonomy":"category","embeddable":true,"href":"https:\/\/radiorevelacionfm.cl\/index.php?rest_route=%2Fwp%2Fv2%2Fcategories&post=23896"},{"taxonomy":"post_tag","embeddable":true,"href":"https:\/\/radiorevelacionfm.cl\/index.php?rest_route=%2Fwp%2Fv2%2Ftags&post=23896"}],"curies":[{"name":"wp","href":"https:\/\/api.w.org\/{rel}","templated":true}]}}