{"id":23892,"date":"2022-11-08T09:38:18","date_gmt":"2022-11-08T12:38:18","guid":{"rendered":"https:\/\/radiorevelacionfm.cl\/?p=23892"},"modified":"2022-11-08T09:38:18","modified_gmt":"2022-11-08T12:38:18","slug":"realizaran-simulacro-internacional-de-salud-publica-en-aysen","status":"publish","type":"post","link":"https:\/\/radiorevelacionfm.cl\/?p=23892","title":{"rendered":"Realizar\u00e1n simulacro internacional de salud p\u00fablica en Ays\u00e9n"},"content":{"rendered":"<div class=\"flex_column av_one_full  flex_column_div av-zero-column-padding first  avia-builder-el-0  el_before_av_one_full  avia-builder-el-first  \" style='border-radius:0px; '><div  class='avia-image-container  av-styling-    avia-builder-el-1  avia-builder-el-no-sibling  avia-align-center '  itemprop=\"image\" itemscope=\"itemscope\" itemtype=\"https:\/\/schema.org\/ImageObject\"  ><div class='avia-image-container-inner'><div class='avia-image-overlay-wrap'><img decoding=\"async\" class='wp-image-23893 avia-img-lazy-loading-not-23893 avia_image' src=\"https:\/\/radiorevelacionfm.cl\/wp-content\/uploads\/2022\/11\/ejercicio-simulacro-1_optimized.jpg\" alt='' title='ejercicio-simulacro-(1)_optimized' height=\"600\" width=\"942\"  itemprop=\"thumbnailUrl\" srcset=\"https:\/\/radiorevelacionfm.cl\/wp-content\/uploads\/2022\/11\/ejercicio-simulacro-1_optimized.jpg 942w, https:\/\/radiorevelacionfm.cl\/wp-content\/uploads\/2022\/11\/ejercicio-simulacro-1_optimized-300x191.jpg 300w, https:\/\/radiorevelacionfm.cl\/wp-content\/uploads\/2022\/11\/ejercicio-simulacro-1_optimized-768x489.jpg 768w, https:\/\/radiorevelacionfm.cl\/wp-content\/uploads\/2022\/11\/ejercicio-simulacro-1_optimized-705x449.jpg 705w, https:\/\/radiorevelacionfm.cl\/wp-content\/uploads\/2022\/11\/ejercicio-simulacro-1_optimized-600x382.jpg 600w\" sizes=\"(max-width: 942px) 100vw, 942px\" \/><\/div><\/div><\/div><\/div><div class=\"flex_column av_one_full  flex_column_div av-zero-column-padding first  avia-builder-el-2  el_after_av_one_full  el_before_av_one_full  column-top-margin\" style='border-radius:0px; '><section class=\"av_textblock_section \"  itemscope=\"itemscope\" itemtype=\"https:\/\/schema.org\/BlogPosting\" itemprop=\"blogPost\" ><div class='avia_textblock  '   itemprop=\"text\" ><p style=\"text-align: center;\"><strong><span style=\"font-size: 18pt;\">Realizar\u00e1n simulacro internacional de salud p\u00fablica en Ays\u00e9n<\/span><\/strong><\/p>\n<div id=\"gtx-trans\" style=\"position: absolute; left: -50px; top: 4.31534px;\">\n<div class=\"gtx-trans-icon\"><\/div>\n<\/div>\n<\/div><\/section><\/div><div class=\"flex_column av_one_full  flex_column_div av-zero-column-padding first  avia-builder-el-4  el_after_av_one_full  el_before_av_hr  column-top-margin\" style='border-radius:0px; '><section class=\"av_textblock_section \"  itemscope=\"itemscope\" itemtype=\"https:\/\/schema.org\/BlogPosting\" itemprop=\"blogPost\" ><div class='avia_textblock  '   itemprop=\"text\" ><p style=\"text-align: justify;\">Para el pr\u00f3ximo jueves 24 de noviembre se encuentra contemplado la realizaci\u00f3n de un simulacro de Emergencia de Salud P\u00fablica de Importancia Internacional (ESPII) en la regi\u00f3n de Ays\u00e9n, ocasi\u00f3n donde se pondr\u00e1n a prueba los mecanismos de respuesta ante emergencias sanitarias, para lo cual se est\u00e1n desarrollando diversas reuniones de coordinaci\u00f3n a trav\u00e9s de distintos organismos p\u00fablicos, con la finalidad que este ejercicio se desarrolle de la mejor forma, con el m\u00ednimo impacto en el funcionamiento de los servicios de atenci\u00f3n y respuesta p\u00fablica de emergencias.<\/p>\n<p style=\"text-align: justify;\">La informaci\u00f3n la dio a conocer la Seremi de Salud Ays\u00e9n, Carmen Monsalve, quien entreg\u00f3 m\u00e1s antecedentes sobre esta materia.\u00a0 \u201cQueremos informar que el 24 de noviembre se llevar\u00e1 a cabo en la regi\u00f3n de Ays\u00e9n un simulacro de Emergencia de Salud P\u00fablica de Inter\u00e9s Internacional, este simulacro ser\u00e1 liderado por el Ministerio de Salud, la Organizaci\u00f3n Panamericana de la Salud (OPS) y vamos a contar con expertos de nivel internacional, es por eso que en esos d\u00edas, la comunidad va a ver despliegue de actividades en los escenarios donde se va a llevar a cabo este simulacro que es en Puerto Chacabuco y el aeropuerto de Balmaceda\u201d.\u00a0 En este contexto, la autoridad sanitaria hizo un \u00a0llamado a la comunidad a estar informada, debido a la movilizaci\u00f3n de recursos y personas que se registrar\u00e1 durante el jueves 24 de noviembre, donde el principal objetivo del simulacro es evaluar las capacidades de la red, y buscar todas las oportunidades de mejora para responder de una manera eficiente ante este tipo de hechos.<\/p>\n<p style=\"text-align: justify;\">Coordinaciones para este simulacro, que tambi\u00e9n son analizadas desde una perspectiva de operatividad, como lo manifest\u00f3 el Director (s) del Servicio de Salud Ays\u00e9n, Mauricio Cort\u00e9s.\u00a0 \u201cEste simulacro es muy importante, m\u00e1s a\u00fan cuando se va a contar con observadores internacionales, lo que nos va a permitir saber c\u00f3mo estamos preparados como red para hacer frente a emergencias sanitarias, actualmente estamos en reuniones de coordinaci\u00f3n con los diferentes equipos para poder prepararnos para este simulacro, confiamos en la capacidad t\u00e9cnica de nuestros funcionarios para atender cualquier emergencia sanitaria\u201d.<\/p>\n<p style=\"text-align: justify;\">Finalmente, cabe reiterar que en esta actividad, se contar\u00e1 con observadores de distintos pa\u00edses y autoridades sectoriales, que junto con supervisar el desarrollo del ejercicio, se interiorizar\u00e1n de los protocolos sanitarios que se aplican en situaciones de Emergencias de Salud P\u00fablica de Importancia Internacional, por lo tanto, se invita a la comunidad a informarse sobre este simulacro por los canales oficiales del Servicio de Salud Ays\u00e9n y la Seremi de Salud.<\/p>\n<\/div><\/section><\/div><div  style='height:50px' class='hr hr-invisible   avia-builder-el-6  el_after_av_one_full  el_before_av_social_share '><span class='hr-inner ' ><span class='hr-inner-style'><\/span><\/span><\/div><\/p>\n<div  class='av-social-sharing-box  avia-builder-el-7  el_after_av_hr  el_before_av_hr  '><div class='av-share-box'><h5 class='av-share-link-description av-no-toc '>Compartir esta noticia<\/h5><ul class='av-share-box-list noLightbox'><li class='av-share-link av-social-link-facebook' ><a target=\"_blank\" aria-label=\"Compartir en Facebook\" href='https:\/\/www.facebook.com\/sharer.php?u=https:\/\/radiorevelacionfm.cl\/?p=23892&#038;t=Realizar%C3%A1n%20simulacro%20internacional%20de%20salud%20p%C3%BAblica%20en%20Ays%C3%A9n' aria-hidden='false' data-av_icon='\ue8f3' data-av_iconfont='entypo-fontello' title='' data-avia-related-tooltip='Compartir en Facebook' rel=\"noopener\"><span class='avia_hidden_link_text'>Compartir en Facebook<\/span><\/a><\/li><li class='av-share-link av-social-link-twitter' ><a target=\"_blank\" aria-label=\"Compartir en Twitter\" href='https:\/\/twitter.com\/share?text=Realizar%C3%A1n%20simulacro%20internacional%20de%20salud%20p%C3%BAblica%20en%20Ays%C3%A9n&#038;url=https:\/\/radiorevelacionfm.cl\/?p=23892' aria-hidden='false' data-av_icon='\ue8f1' data-av_iconfont='entypo-fontello' title='' data-avia-related-tooltip='Compartir en Twitter' rel=\"noopener\"><span class='avia_hidden_link_text'>Compartir en Twitter<\/span><\/a><\/li><li class='av-share-link av-social-link-whatsapp' ><a target=\"_blank\" aria-label=\"Compartir en Whatsapp\" href='https:\/\/api.whatsapp.com\/send?text=https:\/\/radiorevelacionfm.cl\/?p=23892' aria-hidden='false' data-av_icon='\uf232' data-av_iconfont='entypo-fontello' title='' data-avia-related-tooltip='Compartir en Whatsapp' rel=\"noopener\"><span class='avia_hidden_link_text'>Compartir en Whatsapp<\/span><\/a><\/li><li class='av-share-link av-social-link-linkedin' ><a target=\"_blank\" aria-label=\"Compartir en LinkedIn\" href='https:\/\/linkedin.com\/shareArticle?mini=true&#038;title=Realizar%C3%A1n%20simulacro%20internacional%20de%20salud%20p%C3%BAblica%20en%20Ays%C3%A9n&#038;url=https:\/\/radiorevelacionfm.cl\/?p=23892' aria-hidden='false' data-av_icon='\ue8fc' data-av_iconfont='entypo-fontello' title='' data-avia-related-tooltip='Compartir en LinkedIn' rel=\"noopener\"><span class='avia_hidden_link_text'>Compartir en LinkedIn<\/span><\/a><\/li><li class='av-share-link av-social-link-mail' ><a  aria-label=\"Compartir por correo\" href='mailto:?subject=Realizar%C3%A1n%20simulacro%20internacional%20de%20salud%20p%C3%BAblica%20en%20Ays%C3%A9n&#038;body=https:\/\/radiorevelacionfm.cl\/?p=23892' aria-hidden='false' data-av_icon='\ue805' data-av_iconfont='entypo-fontello' title='' data-avia-related-tooltip='Compartir por correo'><span class='avia_hidden_link_text'>Compartir por correo<\/span><\/a><\/li><\/ul><\/div><\/div>\n<div  style='height:50px' class='hr hr-invisible   avia-builder-el-8  el_after_av_social_share  el_before_av_comments_list '><span class='hr-inner ' ><span class='hr-inner-style'><\/span><\/span><\/div>\n<div  class='av-buildercomment  av-blog-meta-html-info-disabled av-blog-meta-tag-disabled  '><\/div>\n","protected":false},"excerpt":{"rendered":"","protected":false},"author":1,"featured_media":23893,"comment_status":"open","ping_status":"open","sticky":false,"template":"","format":"standard","meta":{"footnotes":""},"categories":[46],"tags":[],"class_list":["post-23892","post","type-post","status-publish","format-standard","has-post-thumbnail","hentry","category-salud"],"jetpack_featured_media_url":"https:\/\/radiorevelacionfm.cl\/wp-content\/uploads\/2022\/11\/ejercicio-simulacro-1_optimized.jpg","_links":{"self":[{"href":"https:\/\/radiorevelacionfm.cl\/index.php?rest_route=\/wp\/v2\/posts\/23892","targetHints":{"allow":["GET"]}}],"collection":[{"href":"https:\/\/radiorevelacionfm.cl\/index.php?rest_route=\/wp\/v2\/posts"}],"about":[{"href":"https:\/\/radiorevelacionfm.cl\/index.php?rest_route=\/wp\/v2\/types\/post"}],"author":[{"embeddable":true,"href":"https:\/\/radiorevelacionfm.cl\/index.php?rest_route=\/wp\/v2\/users\/1"}],"replies":[{"embeddable":true,"href":"https:\/\/radiorevelacionfm.cl\/index.php?rest_route=%2Fwp%2Fv2%2Fcomments&post=23892"}],"version-history":[{"count":2,"href":"https:\/\/radiorevelacionfm.cl\/index.php?rest_route=\/wp\/v2\/posts\/23892\/revisions"}],"predecessor-version":[{"id":23908,"href":"https:\/\/radiorevelacionfm.cl\/index.php?rest_route=\/wp\/v2\/posts\/23892\/revisions\/23908"}],"wp:featuredmedia":[{"embeddable":true,"href":"https:\/\/radiorevelacionfm.cl\/index.php?rest_route=\/wp\/v2\/media\/23893"}],"wp:attachment":[{"href":"https:\/\/radiorevelacionfm.cl\/index.php?rest_route=%2Fwp%2Fv2%2Fmedia&parent=23892"}],"wp:term":[{"taxonomy":"category","embeddable":true,"href":"https:\/\/radiorevelacionfm.cl\/index.php?rest_route=%2Fwp%2Fv2%2Fcategories&post=23892"},{"taxonomy":"post_tag","embeddable":true,"href":"https:\/\/radiorevelacionfm.cl\/index.php?rest_route=%2Fwp%2Fv2%2Ftags&post=23892"}],"curies":[{"name":"wp","href":"https:\/\/api.w.org\/{rel}","templated":true}]}}