{"id":23889,"date":"2022-11-07T18:27:42","date_gmt":"2022-11-07T21:27:42","guid":{"rendered":"https:\/\/radiorevelacionfm.cl\/?p=23889"},"modified":"2022-11-07T18:27:42","modified_gmt":"2022-11-07T21:27:42","slug":"invitan-a-la-comunidad-a-abrir-sus-puertas-a-encuestadores-de-casen-2022","status":"publish","type":"post","link":"https:\/\/radiorevelacionfm.cl\/?p=23889","title":{"rendered":"Invitan a la comunidad a \u201cabrir sus puertas\u201d a encuestadores de Casen 2022"},"content":{"rendered":"<div class=\"flex_column av_one_full  flex_column_div av-zero-column-padding first  avia-builder-el-0  el_before_av_one_full  avia-builder-el-first  \" style='border-radius:0px; '><div  class='avia-image-container  av-styling-    avia-builder-el-1  avia-builder-el-no-sibling  avia-align-center '  itemprop=\"image\" itemscope=\"itemscope\" itemtype=\"https:\/\/schema.org\/ImageObject\"  ><div class='avia-image-container-inner'><div class='avia-image-overlay-wrap'><img decoding=\"async\" class='wp-image-23890 avia-img-lazy-loading-not-23890 avia_image' src=\"https:\/\/radiorevelacionfm.cl\/wp-content\/uploads\/2022\/11\/seremi-Karina-Acevedo-1-1.jpg\" alt='' title='seremi Karina Acevedo (1) (1)' height=\"600\" width=\"1059\"  itemprop=\"thumbnailUrl\" srcset=\"https:\/\/radiorevelacionfm.cl\/wp-content\/uploads\/2022\/11\/seremi-Karina-Acevedo-1-1.jpg 1059w, https:\/\/radiorevelacionfm.cl\/wp-content\/uploads\/2022\/11\/seremi-Karina-Acevedo-1-1-300x170.jpg 300w, https:\/\/radiorevelacionfm.cl\/wp-content\/uploads\/2022\/11\/seremi-Karina-Acevedo-1-1-1030x584.jpg 1030w, https:\/\/radiorevelacionfm.cl\/wp-content\/uploads\/2022\/11\/seremi-Karina-Acevedo-1-1-768x435.jpg 768w, https:\/\/radiorevelacionfm.cl\/wp-content\/uploads\/2022\/11\/seremi-Karina-Acevedo-1-1-705x399.jpg 705w, https:\/\/radiorevelacionfm.cl\/wp-content\/uploads\/2022\/11\/seremi-Karina-Acevedo-1-1-600x340.jpg 600w\" sizes=\"(max-width: 1059px) 100vw, 1059px\" \/><\/div><\/div><\/div><\/div><div class=\"flex_column av_one_full  flex_column_div av-zero-column-padding first  avia-builder-el-2  el_after_av_one_full  el_before_av_one_full  column-top-margin\" style='border-radius:0px; '><section class=\"av_textblock_section \"  itemscope=\"itemscope\" itemtype=\"https:\/\/schema.org\/BlogPosting\" itemprop=\"blogPost\" ><div class='avia_textblock  '   itemprop=\"text\" ><p style=\"text-align: center;\"><strong><span style=\"font-size: 18pt;\">Invitan a la comunidad a \u201cabrir sus puertas\u201d a encuestadores de Casen 2022<\/span><\/strong><\/p>\n<div id=\"gtx-trans\" style=\"position: absolute; left: -50px; top: 4.31534px;\">\n<div class=\"gtx-trans-icon\"><\/div>\n<\/div>\n<\/div><\/section><\/div><div class=\"flex_column av_one_full  flex_column_div av-zero-column-padding first  avia-builder-el-4  el_after_av_one_full  el_before_av_hr  column-top-margin\" style='border-radius:0px; '><section class=\"av_textblock_section \"  itemscope=\"itemscope\" itemtype=\"https:\/\/schema.org\/BlogPosting\" itemprop=\"blogPost\" ><div class='avia_textblock  '   itemprop=\"text\" ><p style=\"text-align: justify;\">Con el prop\u00f3sito de informar e invitar a la comunidad a participar y abrir las puertas de sus casas a encuestadores del Centro de Microdatos de Universidad de Chile, la Seremi de Desarrollo Social y Familia, Karina Acevedo, dio a conocer la nueva versi\u00f3n de la Encuesta Casen 2022. Iniciativa que en la regi\u00f3n abarcar\u00e1 a 2070 viviendas, y que tiene por objetivo conocer la situaci\u00f3n de los hogares y de la poblaci\u00f3n y evaluar el impacto de la pol\u00edtica social.<\/p>\n<p style=\"text-align: justify;\">Seg\u00fan explic\u00f3 Karina Acevedo, la encuesta Casen, es el instrumento oficial para medir la pobreza por ingresos y la pobreza multidimensional en Chile, la cual mide las carencias de los hogares en dimensiones como: educaci\u00f3n, salud, trabajo, y seguridad social; vivienda y entorno; y redes y cohesi\u00f3n social. En esta versi\u00f3n se retoma el trabajo de campo presencial y se aplicar\u00e1 a todas las regiones del pa\u00eds, hasta el 31 de enero de 2023, permitir\u00e1 adem\u00e1s contar con una nueva medici\u00f3n de pobreza por ingresos y pobreza multidimensional, que no pudo ser calculada en 2020, producto de las restricciones de la Pandemia, ya que se aplic\u00f3 un cuestionario reducido y de forma telef\u00f3nica.<\/p>\n<p style=\"text-align: justify;\">La Seremi de Desarrollo Social de Ays\u00e9n, se\u00f1al\u00f3 que \u201ca contar del 1 de noviembre, la Universidad de Chile tiene la gran misi\u00f3n de levantar la Encuesta Casen 2022, va a recorrer todo el territorio nacional y nuestra regi\u00f3n, va a estar visitando algunos hogares, y queremos hacer una invitaci\u00f3n muy especial, a toda nuestra gente de la regi\u00f3n de Ays\u00e9n, a que est\u00e9 atento a que pueda abrir sus puertas y pueda entregar la informaci\u00f3n a quienes son los encuestadores, que est\u00e1n identificados, con una credencial, de la Universidad de Chile, aparecen sus datos, nombre, Rut. Esperamos que puedan entregar sus datos para poder participar de esta encuesta y as\u00ed como Ministerio de Desarrollo Social y Familia, poder generar una pol\u00edtica p\u00fablica acorde a lo que tenemos en el territorio a nuestra realidad regional\u201d.<\/p>\n<p style=\"text-align: justify;\">La muestra objetivo de la Casen 2022 es de 71.028 viviendas, las que fueron seleccionadas de forma aleatoria y para lograr este objetivo se contempla un sobre muestreo de 106.856 viviendas. Otro aspecto que mencion\u00f3, la autoridad sectorial, tiene relaci\u00f3n con los encuestadores, quienes portar\u00e1n una credencial, con nombre, RUT, y fotograf\u00eda que lo identifica como integrante del equipo del centro Microdatos de la Universidad de Chile, quienes deseen corroborar la informaci\u00f3n del encuestador, podr\u00e1n consultar el RUT, en la secci\u00f3n \u201cEncuestadores\u201d; de la p\u00e1gina: <a href=\"http:\/\/www.microdatos.cl\">www.microdatos.cl<\/a>; o <a href=\"http:\/\/www.casen2022.cl\">www.casen2022.cl<\/a>. Los resultados se dar\u00e1n a conocer en el mes de julio del a\u00f1o 2023.<\/p>\n<p style=\"text-align: justify;\"><strong>\u00a0<\/strong><\/p>\n<\/div><\/section><\/div><div  style='height:50px' class='hr hr-invisible   avia-builder-el-6  el_after_av_one_full  el_before_av_social_share '><span class='hr-inner ' ><span class='hr-inner-style'><\/span><\/span><\/div><\/p>\n<div  class='av-social-sharing-box  avia-builder-el-7  el_after_av_hr  el_before_av_hr  '><div class='av-share-box'><h5 class='av-share-link-description av-no-toc '>Compartir esta noticia<\/h5><ul class='av-share-box-list noLightbox'><li class='av-share-link av-social-link-facebook' ><a target=\"_blank\" aria-label=\"Compartir en Facebook\" href='https:\/\/www.facebook.com\/sharer.php?u=https:\/\/radiorevelacionfm.cl\/?p=23889&#038;t=Invitan%20a%20la%20comunidad%20a%20%E2%80%9Cabrir%20sus%20puertas%E2%80%9D%20a%20encuestadores%20de%20Casen%202022' aria-hidden='false' data-av_icon='\ue8f3' data-av_iconfont='entypo-fontello' title='' data-avia-related-tooltip='Compartir en Facebook' rel=\"noopener\"><span class='avia_hidden_link_text'>Compartir en Facebook<\/span><\/a><\/li><li class='av-share-link av-social-link-twitter' ><a target=\"_blank\" aria-label=\"Compartir en Twitter\" href='https:\/\/twitter.com\/share?text=Invitan%20a%20la%20comunidad%20a%20%E2%80%9Cabrir%20sus%20puertas%E2%80%9D%20a%20encuestadores%20de%20Casen%202022&#038;url=https:\/\/radiorevelacionfm.cl\/?p=23889' aria-hidden='false' data-av_icon='\ue8f1' data-av_iconfont='entypo-fontello' title='' data-avia-related-tooltip='Compartir en Twitter' rel=\"noopener\"><span class='avia_hidden_link_text'>Compartir en Twitter<\/span><\/a><\/li><li class='av-share-link av-social-link-whatsapp' ><a target=\"_blank\" aria-label=\"Compartir en Whatsapp\" href='https:\/\/api.whatsapp.com\/send?text=https:\/\/radiorevelacionfm.cl\/?p=23889' aria-hidden='false' data-av_icon='\uf232' data-av_iconfont='entypo-fontello' title='' data-avia-related-tooltip='Compartir en Whatsapp' rel=\"noopener\"><span class='avia_hidden_link_text'>Compartir en Whatsapp<\/span><\/a><\/li><li class='av-share-link av-social-link-linkedin' ><a target=\"_blank\" aria-label=\"Compartir en LinkedIn\" href='https:\/\/linkedin.com\/shareArticle?mini=true&#038;title=Invitan%20a%20la%20comunidad%20a%20%E2%80%9Cabrir%20sus%20puertas%E2%80%9D%20a%20encuestadores%20de%20Casen%202022&#038;url=https:\/\/radiorevelacionfm.cl\/?p=23889' aria-hidden='false' data-av_icon='\ue8fc' data-av_iconfont='entypo-fontello' title='' data-avia-related-tooltip='Compartir en LinkedIn' rel=\"noopener\"><span class='avia_hidden_link_text'>Compartir en LinkedIn<\/span><\/a><\/li><li class='av-share-link av-social-link-mail' ><a  aria-label=\"Compartir por correo\" href='mailto:?subject=Invitan%20a%20la%20comunidad%20a%20%E2%80%9Cabrir%20sus%20puertas%E2%80%9D%20a%20encuestadores%20de%20Casen%202022&#038;body=https:\/\/radiorevelacionfm.cl\/?p=23889' aria-hidden='false' data-av_icon='\ue805' data-av_iconfont='entypo-fontello' title='' data-avia-related-tooltip='Compartir por correo'><span class='avia_hidden_link_text'>Compartir por correo<\/span><\/a><\/li><\/ul><\/div><\/div>\n<div  style='height:50px' class='hr hr-invisible   avia-builder-el-8  el_after_av_social_share  el_before_av_comments_list '><span class='hr-inner ' ><span class='hr-inner-style'><\/span><\/span><\/div>\n<div  class='av-buildercomment  av-blog-meta-html-info-disabled av-blog-meta-tag-disabled  '><\/div>\n","protected":false},"excerpt":{"rendered":"","protected":false},"author":1,"featured_media":23890,"comment_status":"open","ping_status":"open","sticky":false,"template":"","format":"standard","meta":{"footnotes":""},"categories":[38],"tags":[],"class_list":["post-23889","post","type-post","status-publish","format-standard","has-post-thumbnail","hentry","category-regional"],"jetpack_featured_media_url":"https:\/\/radiorevelacionfm.cl\/wp-content\/uploads\/2022\/11\/seremi-Karina-Acevedo-1-1.jpg","_links":{"self":[{"href":"https:\/\/radiorevelacionfm.cl\/index.php?rest_route=\/wp\/v2\/posts\/23889","targetHints":{"allow":["GET"]}}],"collection":[{"href":"https:\/\/radiorevelacionfm.cl\/index.php?rest_route=\/wp\/v2\/posts"}],"about":[{"href":"https:\/\/radiorevelacionfm.cl\/index.php?rest_route=\/wp\/v2\/types\/post"}],"author":[{"embeddable":true,"href":"https:\/\/radiorevelacionfm.cl\/index.php?rest_route=\/wp\/v2\/users\/1"}],"replies":[{"embeddable":true,"href":"https:\/\/radiorevelacionfm.cl\/index.php?rest_route=%2Fwp%2Fv2%2Fcomments&post=23889"}],"version-history":[{"count":2,"href":"https:\/\/radiorevelacionfm.cl\/index.php?rest_route=\/wp\/v2\/posts\/23889\/revisions"}],"predecessor-version":[{"id":23895,"href":"https:\/\/radiorevelacionfm.cl\/index.php?rest_route=\/wp\/v2\/posts\/23889\/revisions\/23895"}],"wp:featuredmedia":[{"embeddable":true,"href":"https:\/\/radiorevelacionfm.cl\/index.php?rest_route=\/wp\/v2\/media\/23890"}],"wp:attachment":[{"href":"https:\/\/radiorevelacionfm.cl\/index.php?rest_route=%2Fwp%2Fv2%2Fmedia&parent=23889"}],"wp:term":[{"taxonomy":"category","embeddable":true,"href":"https:\/\/radiorevelacionfm.cl\/index.php?rest_route=%2Fwp%2Fv2%2Fcategories&post=23889"},{"taxonomy":"post_tag","embeddable":true,"href":"https:\/\/radiorevelacionfm.cl\/index.php?rest_route=%2Fwp%2Fv2%2Ftags&post=23889"}],"curies":[{"name":"wp","href":"https:\/\/api.w.org\/{rel}","templated":true}]}}