{"id":23884,"date":"2022-11-07T17:05:59","date_gmt":"2022-11-07T20:05:59","guid":{"rendered":"https:\/\/radiorevelacionfm.cl\/?p=23884"},"modified":"2022-11-07T17:05:59","modified_gmt":"2022-11-07T20:05:59","slug":"trabajo-conjunto-entre-hospitales-de-coyhaique-y-aysen-permitira-disminuir-lista-de-espera-quirurgica","status":"publish","type":"post","link":"https:\/\/radiorevelacionfm.cl\/?p=23884","title":{"rendered":"Trabajo conjunto entre Hospitales de Coyhaique y Ays\u00e9n permitir\u00e1 disminuir lista de espera quir\u00fargica"},"content":{"rendered":"<div class=\"flex_column av_one_full  flex_column_div av-zero-column-padding first  avia-builder-el-0  el_before_av_one_full  avia-builder-el-first  \" style='border-radius:0px; '><div  class='avia-image-container  av-styling-    avia-builder-el-1  avia-builder-el-no-sibling  avia-align-center '  itemprop=\"image\" itemscope=\"itemscope\" itemtype=\"https:\/\/schema.org\/ImageObject\"  ><div class='avia-image-container-inner'><div class='avia-image-overlay-wrap'><img decoding=\"async\" class='wp-image-23886 avia-img-lazy-loading-not-23886 avia_image' src=\"https:\/\/radiorevelacionfm.cl\/wp-content\/uploads\/2022\/11\/mg_0033-1_optimized.jpg\" alt='' title='_mg_0033-(1)_optimized' height=\"600\" width=\"900\"  itemprop=\"thumbnailUrl\" srcset=\"https:\/\/radiorevelacionfm.cl\/wp-content\/uploads\/2022\/11\/mg_0033-1_optimized.jpg 900w, https:\/\/radiorevelacionfm.cl\/wp-content\/uploads\/2022\/11\/mg_0033-1_optimized-300x200.jpg 300w, https:\/\/radiorevelacionfm.cl\/wp-content\/uploads\/2022\/11\/mg_0033-1_optimized-768x512.jpg 768w, https:\/\/radiorevelacionfm.cl\/wp-content\/uploads\/2022\/11\/mg_0033-1_optimized-705x470.jpg 705w, https:\/\/radiorevelacionfm.cl\/wp-content\/uploads\/2022\/11\/mg_0033-1_optimized-600x400.jpg 600w\" sizes=\"(max-width: 900px) 100vw, 900px\" \/><\/div><\/div><\/div><\/div><div class=\"flex_column av_one_full  flex_column_div av-zero-column-padding first  avia-builder-el-2  el_after_av_one_full  el_before_av_one_full  column-top-margin\" style='border-radius:0px; '><section class=\"av_textblock_section \"  itemscope=\"itemscope\" itemtype=\"https:\/\/schema.org\/BlogPosting\" itemprop=\"blogPost\" ><div class='avia_textblock  '   itemprop=\"text\" ><p style=\"text-align: center;\"><strong><span style=\"font-size: 18pt;\">Trabajo conjunto entre Hospitales de Coyhaique y Ays\u00e9n permitir\u00e1 disminuir lista de espera quir\u00fargica<\/span><\/strong><\/p>\n<div id=\"gtx-trans\" style=\"position: absolute; left: -50px; top: 4.31534px;\">\n<div class=\"gtx-trans-icon\"><\/div>\n<\/div>\n<\/div><\/section><\/div><div class=\"flex_column av_one_full  flex_column_div av-zero-column-padding first  avia-builder-el-4  el_after_av_one_full  el_before_av_hr  column-top-margin\" style='border-radius:0px; '><section class=\"av_textblock_section \"  itemscope=\"itemscope\" itemtype=\"https:\/\/schema.org\/BlogPosting\" itemprop=\"blogPost\" ><div class='avia_textblock  '   itemprop=\"text\" ><p class=\"v1MsoNormal\" style=\"text-align: justify;\">Una de las principales estrategias promovidas por el Ministerio de Salud es buscar las f\u00f3rmulas y mecanismos que permitan avanzar de manera concreta y real en la disminuci\u00f3n de las listas de espera en todo el pa\u00eds.<\/p>\n<p class=\"v1MsoNormal\" style=\"text-align: justify;\">A nivel regional el Servicio de Salud Ays\u00e9n ha logrado coordinar acciones con el Hospital Regional Coyhaique (HRC) y el Hospital de Puerto Ays\u00e9n (HPA) para abordar la lista quir\u00fargica de personas que llevan m\u00e1s de dos a\u00f1os esperando por una intervenci\u00f3n.<\/p>\n<p class=\"v1MsoNormal\" style=\"text-align: justify;\">\u00abEstamos buscando ayudar a la gesti\u00f3n de la lista de espera quir\u00fargica, de pacientes que tienen m\u00e1s de dos a\u00f1os en esta n\u00f3mina, y cuya prioridad es resolverlo antes del 31 de diciembre de 2022. Esto adem\u00e1s nos permite explorar nuevas alternativas en la carpeta de prestaciones\u00bb explic\u00f3 el Doctor Dar\u00edo Posada, Director (s) del Hospital de Puerto Ays\u00e9n.<\/p>\n<p class=\"v1MsoNormal\" style=\"text-align: justify;\">Estas intervenciones quir\u00fargicas se desarrollar\u00edan en el Hospital Porte\u00f1o, recinto de mediana complejidad que cuenta con los pabellones m\u00e1s modernos de la regi\u00f3n y donde perfectamente se pueden resolver un n\u00famero considerable de operaciones de personas que han esperado por a\u00f1os.<\/p>\n<p class=\"v1MsoNormal\" style=\"text-align: justify;\">\u00abContamos con dos pabellones en el HPA: un pabell\u00f3n inclusivo pedi\u00e1trico y otro pabell\u00f3n utilizado por las otras especialidades. Contamos con siete especialidades m\u00e9dicas, un equipo de t\u00e9cnicos, enfermeros y anestesi\u00f3logos altamente capacitados y contamos con los m\u00e1s altos est\u00e1ndares de calidad\u00bb agreg\u00f3 Viviana Varia, Enfermera Universitaria de Pabell\u00f3n del HPA.<\/p>\n<p class=\"v1MsoNormal\" style=\"text-align: justify;\">Estas intervenciones ser\u00e1n desarrolladas en el Hospital de Puerto Ays\u00e9n con apoyo de especialistas del Hospital Regional Coyhaique.<\/p>\n<p class=\"v1MsoNormal\" style=\"text-align: justify;\">\u00abHemos comprometido trabajar de manera mancomunada entre ambos hospitales en la resoluci\u00f3n de distintas patolog\u00edas quir\u00fargicas. Especialistas del HRC van a ir al Servicio de Pabell\u00f3n del Hospital de Puerto Ays\u00e9n para colaborar con los m\u00e9dicos. Esperamos que las personas que est\u00e1n esperando cirug\u00edas de \u00abmenor complejidad\u00bb puedan ser resueltas con esta iniciativa\u00bb se\u00f1al\u00f3 el Subdirector M\u00e9dico del Hospital Regional Coyhaique, Dr. Pedro Pablo Pinto Guerrero.<\/p>\n<p class=\"v1MsoNormal\" style=\"text-align: justify;\">Este tipo de iniciativas se enmarca en el llamado desde el Ministerio de Salud a abordar las listas de espera considerando para ello las necesidades propias de cada territorio.<\/p>\n<p class=\"v1MsoNormal\" style=\"text-align: justify;\">\u00abEstamos muy preocupados en el dise\u00f1o de estrategias para cumplir con el mandato de nuestro gobierno de reducir ostensiblemente las listas de espera. Hemos realizado reuniones con nuestros recintos asistenciales para coordinar acciones que permitan resolver la lista de espera quir\u00fargica y abordar los temas de Salud que aquejan a nuestra comunidad\u00bb agreg\u00f3 el Subdirector de Gesti\u00f3n Asistencial del Servicio de Salud, Hern\u00e1n Barrientos Hern\u00e1ndez.<\/p>\n<p class=\"v1MsoNormal\" style=\"text-align: justify;\">En este trabajo coordinado entre los dos principales establecimientos de nuestra Red Asistencial, se buscar\u00e1 abordar patolog\u00edas traumatol\u00f3gicas, urol\u00f3gicas y otras como hernias y v\u00e1rices.<\/p>\n<div style=\"text-align: justify;\"><\/div>\n<\/div><\/section><\/div><div  style='height:50px' class='hr hr-invisible   avia-builder-el-6  el_after_av_one_full  el_before_av_social_share '><span class='hr-inner ' ><span class='hr-inner-style'><\/span><\/span><\/div><\/p>\n<div  class='av-social-sharing-box  avia-builder-el-7  el_after_av_hr  el_before_av_hr  '><div class='av-share-box'><h5 class='av-share-link-description av-no-toc '>Compartir esta noticia<\/h5><ul class='av-share-box-list noLightbox'><li class='av-share-link av-social-link-facebook' ><a target=\"_blank\" aria-label=\"Compartir en Facebook\" href='https:\/\/www.facebook.com\/sharer.php?u=https:\/\/radiorevelacionfm.cl\/?p=23884&#038;t=Trabajo%20conjunto%20entre%20Hospitales%20de%20Coyhaique%20y%20Ays%C3%A9n%20permitir%C3%A1%20disminuir%20lista%20de%20espera%20quir%C3%BArgica' aria-hidden='false' data-av_icon='\ue8f3' data-av_iconfont='entypo-fontello' title='' data-avia-related-tooltip='Compartir en Facebook' rel=\"noopener\"><span class='avia_hidden_link_text'>Compartir en Facebook<\/span><\/a><\/li><li class='av-share-link av-social-link-twitter' ><a target=\"_blank\" aria-label=\"Compartir en Twitter\" href='https:\/\/twitter.com\/share?text=Trabajo%20conjunto%20entre%20Hospitales%20de%20Coyhaique%20y%20Ays%C3%A9n%20permitir%C3%A1%20disminuir%20lista%20de%20espera%20quir%C3%BArgica&#038;url=https:\/\/radiorevelacionfm.cl\/?p=23884' aria-hidden='false' data-av_icon='\ue8f1' data-av_iconfont='entypo-fontello' title='' data-avia-related-tooltip='Compartir en Twitter' rel=\"noopener\"><span class='avia_hidden_link_text'>Compartir en Twitter<\/span><\/a><\/li><li class='av-share-link av-social-link-whatsapp' ><a target=\"_blank\" aria-label=\"Compartir en Whatsapp\" href='https:\/\/api.whatsapp.com\/send?text=https:\/\/radiorevelacionfm.cl\/?p=23884' aria-hidden='false' data-av_icon='\uf232' data-av_iconfont='entypo-fontello' title='' data-avia-related-tooltip='Compartir en Whatsapp' rel=\"noopener\"><span class='avia_hidden_link_text'>Compartir en Whatsapp<\/span><\/a><\/li><li class='av-share-link av-social-link-linkedin' ><a target=\"_blank\" aria-label=\"Compartir en LinkedIn\" href='https:\/\/linkedin.com\/shareArticle?mini=true&#038;title=Trabajo%20conjunto%20entre%20Hospitales%20de%20Coyhaique%20y%20Ays%C3%A9n%20permitir%C3%A1%20disminuir%20lista%20de%20espera%20quir%C3%BArgica&#038;url=https:\/\/radiorevelacionfm.cl\/?p=23884' aria-hidden='false' data-av_icon='\ue8fc' data-av_iconfont='entypo-fontello' title='' data-avia-related-tooltip='Compartir en LinkedIn' rel=\"noopener\"><span class='avia_hidden_link_text'>Compartir en LinkedIn<\/span><\/a><\/li><li class='av-share-link av-social-link-mail' ><a  aria-label=\"Compartir por correo\" href='mailto:?subject=Trabajo%20conjunto%20entre%20Hospitales%20de%20Coyhaique%20y%20Ays%C3%A9n%20permitir%C3%A1%20disminuir%20lista%20de%20espera%20quir%C3%BArgica&#038;body=https:\/\/radiorevelacionfm.cl\/?p=23884' aria-hidden='false' data-av_icon='\ue805' data-av_iconfont='entypo-fontello' title='' data-avia-related-tooltip='Compartir por correo'><span class='avia_hidden_link_text'>Compartir por correo<\/span><\/a><\/li><\/ul><\/div><\/div>\n<div  style='height:50px' class='hr hr-invisible   avia-builder-el-8  el_after_av_social_share  el_before_av_comments_list '><span class='hr-inner ' ><span class='hr-inner-style'><\/span><\/span><\/div>\n<div  class='av-buildercomment  av-blog-meta-html-info-disabled av-blog-meta-tag-disabled  '><\/div>\n","protected":false},"excerpt":{"rendered":"","protected":false},"author":1,"featured_media":23886,"comment_status":"open","ping_status":"open","sticky":false,"template":"","format":"standard","meta":{"footnotes":""},"categories":[46],"tags":[],"class_list":["post-23884","post","type-post","status-publish","format-standard","has-post-thumbnail","hentry","category-salud"],"jetpack_featured_media_url":"https:\/\/radiorevelacionfm.cl\/wp-content\/uploads\/2022\/11\/mg_0033-1_optimized.jpg","_links":{"self":[{"href":"https:\/\/radiorevelacionfm.cl\/index.php?rest_route=\/wp\/v2\/posts\/23884","targetHints":{"allow":["GET"]}}],"collection":[{"href":"https:\/\/radiorevelacionfm.cl\/index.php?rest_route=\/wp\/v2\/posts"}],"about":[{"href":"https:\/\/radiorevelacionfm.cl\/index.php?rest_route=\/wp\/v2\/types\/post"}],"author":[{"embeddable":true,"href":"https:\/\/radiorevelacionfm.cl\/index.php?rest_route=\/wp\/v2\/users\/1"}],"replies":[{"embeddable":true,"href":"https:\/\/radiorevelacionfm.cl\/index.php?rest_route=%2Fwp%2Fv2%2Fcomments&post=23884"}],"version-history":[{"count":2,"href":"https:\/\/radiorevelacionfm.cl\/index.php?rest_route=\/wp\/v2\/posts\/23884\/revisions"}],"predecessor-version":[{"id":23888,"href":"https:\/\/radiorevelacionfm.cl\/index.php?rest_route=\/wp\/v2\/posts\/23884\/revisions\/23888"}],"wp:featuredmedia":[{"embeddable":true,"href":"https:\/\/radiorevelacionfm.cl\/index.php?rest_route=\/wp\/v2\/media\/23886"}],"wp:attachment":[{"href":"https:\/\/radiorevelacionfm.cl\/index.php?rest_route=%2Fwp%2Fv2%2Fmedia&parent=23884"}],"wp:term":[{"taxonomy":"category","embeddable":true,"href":"https:\/\/radiorevelacionfm.cl\/index.php?rest_route=%2Fwp%2Fv2%2Fcategories&post=23884"},{"taxonomy":"post_tag","embeddable":true,"href":"https:\/\/radiorevelacionfm.cl\/index.php?rest_route=%2Fwp%2Fv2%2Ftags&post=23884"}],"curies":[{"name":"wp","href":"https:\/\/api.w.org\/{rel}","templated":true}]}}