{"id":23879,"date":"2022-11-07T15:56:27","date_gmt":"2022-11-07T18:56:27","guid":{"rendered":"https:\/\/radiorevelacionfm.cl\/?p=23879"},"modified":"2022-11-07T15:56:27","modified_gmt":"2022-11-07T18:56:27","slug":"acuerdos-binacionales-entre-chile-y-argentina-buscan-reforzar-asistencias-medicas-ante-emergencias-en-zonas-fronterizas","status":"publish","type":"post","link":"https:\/\/radiorevelacionfm.cl\/?p=23879","title":{"rendered":"Acuerdos Binacionales entre Chile y Argentina buscan reforzar asistencias m\u00e9dicas ante emergencias en zonas fronterizas"},"content":{"rendered":"<div class=\"flex_column av_one_full  flex_column_div av-zero-column-padding first  avia-builder-el-0  el_before_av_one_full  avia-builder-el-first  \" style='border-radius:0px; '><div  class='avia-image-container  av-styling-    avia-builder-el-1  avia-builder-el-no-sibling  avia-align-center '  itemprop=\"image\" itemscope=\"itemscope\" itemtype=\"https:\/\/schema.org\/ImageObject\"  ><div class='avia-image-container-inner'><div class='avia-image-overlay-wrap'><img decoding=\"async\" class='wp-image-23880 avia-img-lazy-loading-not-23880 avia_image' src=\"https:\/\/radiorevelacionfm.cl\/wp-content\/uploads\/2022\/11\/encuentro-binacional-1-1.jpeg\" alt='' title='encuentro binacional (1) (1)' height=\"600\" width=\"1067\"  itemprop=\"thumbnailUrl\" srcset=\"https:\/\/radiorevelacionfm.cl\/wp-content\/uploads\/2022\/11\/encuentro-binacional-1-1.jpeg 1067w, https:\/\/radiorevelacionfm.cl\/wp-content\/uploads\/2022\/11\/encuentro-binacional-1-1-300x169.jpeg 300w, https:\/\/radiorevelacionfm.cl\/wp-content\/uploads\/2022\/11\/encuentro-binacional-1-1-1030x579.jpeg 1030w, https:\/\/radiorevelacionfm.cl\/wp-content\/uploads\/2022\/11\/encuentro-binacional-1-1-768x432.jpeg 768w, https:\/\/radiorevelacionfm.cl\/wp-content\/uploads\/2022\/11\/encuentro-binacional-1-1-705x396.jpeg 705w, https:\/\/radiorevelacionfm.cl\/wp-content\/uploads\/2022\/11\/encuentro-binacional-1-1-600x337.jpeg 600w\" sizes=\"(max-width: 1067px) 100vw, 1067px\" \/><\/div><\/div><\/div><\/div><div class=\"flex_column av_one_full  flex_column_div av-zero-column-padding first  avia-builder-el-2  el_after_av_one_full  el_before_av_one_full  column-top-margin\" style='border-radius:0px; '><section class=\"av_textblock_section \"  itemscope=\"itemscope\" itemtype=\"https:\/\/schema.org\/BlogPosting\" itemprop=\"blogPost\" ><div class='avia_textblock  '   itemprop=\"text\" ><p style=\"text-align: center;\"><span style=\"font-size: 18pt;\"><strong>Acuerdos Binacionales entre Chile y Argentina buscan reforzar asistencias m\u00e9dicas ante emergencias en zonas fronterizas<\/strong><\/span><\/p>\n<div id=\"gtx-trans\" style=\"position: absolute; left: -50px; top: 4.31534px;\">\n<div class=\"gtx-trans-icon\"><\/div>\n<\/div>\n<\/div><\/section><\/div><div class=\"flex_column av_one_full  flex_column_div av-zero-column-padding first  avia-builder-el-4  el_after_av_one_full  el_before_av_hr  column-top-margin\" style='border-radius:0px; '><section class=\"av_textblock_section \"  itemscope=\"itemscope\" itemtype=\"https:\/\/schema.org\/BlogPosting\" itemprop=\"blogPost\" ><div class='avia_textblock  '   itemprop=\"text\" ><p style=\"text-align: justify;\">Por espacio de dos d\u00edas, en la ciudad Argentina de Ushuaia, se llev\u00f3 a cabo el 28\u00b0 Encuentro del Comit\u00e9 de Integraci\u00f3n Austral que agrup\u00f3 a autoridades y representantes sociales de las regiones de Ays\u00e9n y Magallanes, adem\u00e1s de las provincias trasandinas de Chubut, Santa Cruz y Tierra del Fuego, Ant\u00e1rtida e islas del Atl\u00e1ntico Sur.\u00a0 Oportunidad donde junto al trabajo de distintas comisiones, fue en el \u00e1rea de la salud donde se materializaron acciones que buscar\u00e1n potenciar la respuesta de ambos pa\u00edses frente a situaciones de emergencia o de trabajo colaborativo en vigilancia epidemiol\u00f3gica.<\/p>\n<p style=\"text-align: justify;\">As\u00ed lo manifest\u00f3 el Coordinador de Asuntos Internacionales de MINSAL, Jos\u00e9 Luis Dur\u00e1n, quien junto con destacar las buenas relaciones internacionales entre ambos pa\u00edses, recalc\u00f3 las coordinaciones frente a escenarios de urgencia o emergencia en salud.\u00a0 \u201cLa reuni\u00f3n del comit\u00e9 de integraci\u00f3n austral, es una instancia relevante para las relaciones internacionales a nivel fronterizo entre las regiones chilenas y provincias argentinas. Yo resaltar\u00eda el inter\u00e9s de regiones chilenas y provincias argentinas para difundir instrumentos que se han venido trabajando por a\u00f1os, por ejemplo, el procedimiento simplificado para la coordinaci\u00f3n de la asistencia m\u00e9dica primaria entre Chile y Argentina. Esto permite dar prioridad de paso en sectores fronterizos para que las ambulancias puedan asistir a pacientes que frente a urgencias o emergencias requieran atenci\u00f3n inmediata y posterior derivaci\u00f3n hacia al recinto hospitalario que se encuentre m\u00e1s cercano al punto del accidente. Otro aspecto importante es que se comparti\u00f3 los avances de un mapa de capacidades m\u00e9dicas, que es una foto de los recintos hospitalarios y sus distancias georeferenciadas, lo que permite una mayor derivaci\u00f3n insitu para quienes se encuentren a cargo de derivar a los pacientes,\u201d puntualiz\u00f3.<\/p>\n<p style=\"text-align: justify;\">Un hecho que fue destacado por la Seremi de Salud Ays\u00e9n, Carmen Monsalve, quien resalt\u00f3 los alcances que se producen en este tipo de jornadas para fortalecer el trabajo colaborativo en favor de las propias comunidades. \u201cLo que ocurri\u00f3 en Ushuaia fue de suma importancia para toda la zona sur austral que reuni\u00f3 a la regi\u00f3n de Ays\u00e9n, Magallanes y las provincias de Argentina, donde producto del aislamiento geogr\u00e1fico que impacta a ambos pa\u00edses, debemos desarrollar pol\u00edticas p\u00fablicas que beneficien a todas nuestras comunidades especialmente en el \u00e1mbito de la salud p\u00fablica. Tal como nos lo ha mandatado nuestro Presidente Gabriel Boric, debemos promover el trabajo colaborativo y de hermandad con nuestros vecinos de Argentina, donde a trav\u00e9s de estos encuentros binacionales tenemos la oportunidad de fomentar acciones que promuevan la vida sana, el deporte y la recreaci\u00f3n, adem\u00e1s de las coordinaciones frente a situaciones que comprometan la seguridad y la vida de todas las familias de nuestra Patagonia, es por eso que en esta actividad se acord\u00f3 seguir mejorando las coordinaciones de asistencias m\u00e9dicas en situaciones de emergencia, reforzar la vigilancia epidemiol\u00f3gica con pertinencia geogr\u00e1fica, fortalecer los protocolos para el transporte de cargas peligrosas en fronteras y de control sanitario fronterizo, entre importantes materias.\u00a0 Todas estas acciones, con el \u00fanico fin de seguir acercando y mejorando la salud para nuestras comunidades\u201d.<\/p>\n<p style=\"text-align: justify;\">En esta oportunidad, el Director Nacional de Fiscalizaci\u00f3n, Habilitaci\u00f3n y Sanidad de Fronteras de Argentina, Doctor Fabi\u00e1n Bas\u00edlico, quien adem\u00e1s fue el Presidente de la Subcomisi\u00f3n de Salud, valor\u00f3 este tipo de encuentros en favor de las comunidades fronterizas.\u00a0 \u201cFue una jornada muy positiva donde se trabaj\u00f3 regionalmente, donde participaron los pares nuestros de Santa Cruz y Tierra del Fuego, donde todos los temas que se abordaron fueron para hacer m\u00e1s f\u00e1cil la vida de las personas, trabajamos protocolos y todo lo que tiene que ver con situaciones de urgencia en el caso de complicaciones que puedan existir en ciudades argentinas o chilenas, donde uno de los compromisos es hacer seguimiento a los acuerdos realizados en estas materias\u201d.<\/p>\n<p style=\"text-align: justify;\">Trabajo entre ambos pa\u00edses, que permite seguir afianzando las acciones colaborativas en el cono sur de la Patagonia, como lo se\u00f1al\u00f3 la Seremi de Salud en Magallanes, Francisca Sanfuentes, quien explic\u00f3 que \u201cha sido una instancia muy importante para nosotros, porque despu\u00e9s de 4 a\u00f1os podemos reencontrarnos, conversar sobre los aprendizajes y desaf\u00edos que nos ha dejado la pandemia. Y por otra parte, establecer equipos y contactos para continuar trabajando en forma m\u00e1s constante y desde lo operativo y lo pr\u00e1ctico en distintas \u00e1reas que resultan de mucha relevancia para nuestras regiones. Para nosotros hay \u00e1reas relevantes que tienen que ver con el manejo y el abordaje de las situaciones de urgencia y emergencia que se produzcan en las distintas zonas de nuestro territorio, que por su extensi\u00f3n y aislamiento, revisten complejidades importantes. Ese es un tema fundamental para nosotros, y tambi\u00e9n la coordinaci\u00f3n para trasmitirnos y compartir informaci\u00f3n sobre vigilancia epidemiol\u00f3gica\u201d.<\/p>\n<p style=\"text-align: justify;\">Finalmente, cabe se\u00f1alar que el pr\u00f3ximo encuentro de fronteras se desarrollar\u00e1 durante el a\u00f1o 2023 en la ciudad de Punta Arenas, lugar donde se analizar\u00e1n los avances de los acuerdos de cada subcomisi\u00f3n.<\/p>\n<\/div><\/section><\/div><div  style='height:50px' class='hr hr-invisible   avia-builder-el-6  el_after_av_one_full  el_before_av_social_share '><span class='hr-inner ' ><span class='hr-inner-style'><\/span><\/span><\/div><\/p>\n<div  class='av-social-sharing-box  avia-builder-el-7  el_after_av_hr  el_before_av_hr  '><div class='av-share-box'><h5 class='av-share-link-description av-no-toc '>Compartir esta noticia<\/h5><ul class='av-share-box-list noLightbox'><li class='av-share-link av-social-link-facebook' ><a target=\"_blank\" aria-label=\"Compartir en Facebook\" href='https:\/\/www.facebook.com\/sharer.php?u=https:\/\/radiorevelacionfm.cl\/?p=23879&#038;t=Acuerdos%20Binacionales%20entre%20Chile%20y%20Argentina%20buscan%20reforzar%20asistencias%20m%C3%A9dicas%20ante%20emergencias%20en%20zonas%20fronterizas' aria-hidden='false' data-av_icon='\ue8f3' data-av_iconfont='entypo-fontello' title='' data-avia-related-tooltip='Compartir en Facebook' rel=\"noopener\"><span class='avia_hidden_link_text'>Compartir en Facebook<\/span><\/a><\/li><li class='av-share-link av-social-link-twitter' ><a target=\"_blank\" aria-label=\"Compartir en Twitter\" href='https:\/\/twitter.com\/share?text=Acuerdos%20Binacionales%20entre%20Chile%20y%20Argentina%20buscan%20reforzar%20asistencias%20m%C3%A9dicas%20ante%20emergencias%20en%20zonas%20fronterizas&#038;url=https:\/\/radiorevelacionfm.cl\/?p=23879' aria-hidden='false' data-av_icon='\ue8f1' data-av_iconfont='entypo-fontello' title='' data-avia-related-tooltip='Compartir en Twitter' rel=\"noopener\"><span class='avia_hidden_link_text'>Compartir en Twitter<\/span><\/a><\/li><li class='av-share-link av-social-link-whatsapp' ><a target=\"_blank\" aria-label=\"Compartir en Whatsapp\" href='https:\/\/api.whatsapp.com\/send?text=https:\/\/radiorevelacionfm.cl\/?p=23879' aria-hidden='false' data-av_icon='\uf232' data-av_iconfont='entypo-fontello' title='' data-avia-related-tooltip='Compartir en Whatsapp' rel=\"noopener\"><span class='avia_hidden_link_text'>Compartir en Whatsapp<\/span><\/a><\/li><li class='av-share-link av-social-link-linkedin' ><a target=\"_blank\" aria-label=\"Compartir en LinkedIn\" href='https:\/\/linkedin.com\/shareArticle?mini=true&#038;title=Acuerdos%20Binacionales%20entre%20Chile%20y%20Argentina%20buscan%20reforzar%20asistencias%20m%C3%A9dicas%20ante%20emergencias%20en%20zonas%20fronterizas&#038;url=https:\/\/radiorevelacionfm.cl\/?p=23879' aria-hidden='false' data-av_icon='\ue8fc' data-av_iconfont='entypo-fontello' title='' data-avia-related-tooltip='Compartir en LinkedIn' rel=\"noopener\"><span class='avia_hidden_link_text'>Compartir en LinkedIn<\/span><\/a><\/li><li class='av-share-link av-social-link-mail' ><a  aria-label=\"Compartir por correo\" href='mailto:?subject=Acuerdos%20Binacionales%20entre%20Chile%20y%20Argentina%20buscan%20reforzar%20asistencias%20m%C3%A9dicas%20ante%20emergencias%20en%20zonas%20fronterizas&#038;body=https:\/\/radiorevelacionfm.cl\/?p=23879' aria-hidden='false' data-av_icon='\ue805' data-av_iconfont='entypo-fontello' title='' data-avia-related-tooltip='Compartir por correo'><span class='avia_hidden_link_text'>Compartir por correo<\/span><\/a><\/li><\/ul><\/div><\/div>\n<div  style='height:50px' class='hr hr-invisible   avia-builder-el-8  el_after_av_social_share  el_before_av_comments_list '><span class='hr-inner ' ><span class='hr-inner-style'><\/span><\/span><\/div>\n<div  class='av-buildercomment  av-blog-meta-html-info-disabled av-blog-meta-tag-disabled  '><\/div>\n","protected":false},"excerpt":{"rendered":"","protected":false},"author":1,"featured_media":23880,"comment_status":"open","ping_status":"open","sticky":false,"template":"","format":"standard","meta":{"footnotes":""},"categories":[46],"tags":[],"class_list":["post-23879","post","type-post","status-publish","format-standard","has-post-thumbnail","hentry","category-salud"],"jetpack_featured_media_url":"https:\/\/radiorevelacionfm.cl\/wp-content\/uploads\/2022\/11\/encuentro-binacional-1-1.jpeg","_links":{"self":[{"href":"https:\/\/radiorevelacionfm.cl\/index.php?rest_route=\/wp\/v2\/posts\/23879","targetHints":{"allow":["GET"]}}],"collection":[{"href":"https:\/\/radiorevelacionfm.cl\/index.php?rest_route=\/wp\/v2\/posts"}],"about":[{"href":"https:\/\/radiorevelacionfm.cl\/index.php?rest_route=\/wp\/v2\/types\/post"}],"author":[{"embeddable":true,"href":"https:\/\/radiorevelacionfm.cl\/index.php?rest_route=\/wp\/v2\/users\/1"}],"replies":[{"embeddable":true,"href":"https:\/\/radiorevelacionfm.cl\/index.php?rest_route=%2Fwp%2Fv2%2Fcomments&post=23879"}],"version-history":[{"count":2,"href":"https:\/\/radiorevelacionfm.cl\/index.php?rest_route=\/wp\/v2\/posts\/23879\/revisions"}],"predecessor-version":[{"id":23883,"href":"https:\/\/radiorevelacionfm.cl\/index.php?rest_route=\/wp\/v2\/posts\/23879\/revisions\/23883"}],"wp:featuredmedia":[{"embeddable":true,"href":"https:\/\/radiorevelacionfm.cl\/index.php?rest_route=\/wp\/v2\/media\/23880"}],"wp:attachment":[{"href":"https:\/\/radiorevelacionfm.cl\/index.php?rest_route=%2Fwp%2Fv2%2Fmedia&parent=23879"}],"wp:term":[{"taxonomy":"category","embeddable":true,"href":"https:\/\/radiorevelacionfm.cl\/index.php?rest_route=%2Fwp%2Fv2%2Fcategories&post=23879"},{"taxonomy":"post_tag","embeddable":true,"href":"https:\/\/radiorevelacionfm.cl\/index.php?rest_route=%2Fwp%2Fv2%2Ftags&post=23879"}],"curies":[{"name":"wp","href":"https:\/\/api.w.org\/{rel}","templated":true}]}}