{"id":23871,"date":"2022-11-07T11:58:30","date_gmt":"2022-11-07T14:58:30","guid":{"rendered":"https:\/\/radiorevelacionfm.cl\/?p=23871"},"modified":"2022-11-07T11:58:30","modified_gmt":"2022-11-07T14:58:30","slug":"realizan-plaza-de-justicia-y-derechos-humanos-en-villa-ortega","status":"publish","type":"post","link":"https:\/\/radiorevelacionfm.cl\/?p=23871","title":{"rendered":"Realizan Plaza de Justicia y Derechos Humanos en Villa Ortega"},"content":{"rendered":"<div class=\"flex_column av_one_full  flex_column_div av-zero-column-padding first  avia-builder-el-0  el_before_av_one_full  avia-builder-el-first  \" style='border-radius:0px; '><div  class='avia-image-container  av-styling-    avia-builder-el-1  avia-builder-el-no-sibling  avia-align-center '  itemprop=\"image\" itemscope=\"itemscope\" itemtype=\"https:\/\/schema.org\/ImageObject\"  ><div class='avia-image-container-inner'><div class='avia-image-overlay-wrap'><img decoding=\"async\" class='wp-image-23872 avia-img-lazy-loading-not-23872 avia_image' src=\"https:\/\/radiorevelacionfm.cl\/wp-content\/uploads\/2022\/11\/plaza-villa-ortega-1-1-1.jpg\" alt='' title='plaza villa ortega 1 (1) (1)' height=\"600\" width=\"790\"  itemprop=\"thumbnailUrl\" srcset=\"https:\/\/radiorevelacionfm.cl\/wp-content\/uploads\/2022\/11\/plaza-villa-ortega-1-1-1.jpg 790w, https:\/\/radiorevelacionfm.cl\/wp-content\/uploads\/2022\/11\/plaza-villa-ortega-1-1-1-300x228.jpg 300w, https:\/\/radiorevelacionfm.cl\/wp-content\/uploads\/2022\/11\/plaza-villa-ortega-1-1-1-768x583.jpg 768w, https:\/\/radiorevelacionfm.cl\/wp-content\/uploads\/2022\/11\/plaza-villa-ortega-1-1-1-705x535.jpg 705w, https:\/\/radiorevelacionfm.cl\/wp-content\/uploads\/2022\/11\/plaza-villa-ortega-1-1-1-600x456.jpg 600w\" sizes=\"(max-width: 790px) 100vw, 790px\" \/><\/div><\/div><\/div><\/div><div class=\"flex_column av_one_full  flex_column_div av-zero-column-padding first  avia-builder-el-2  el_after_av_one_full  el_before_av_one_full  column-top-margin\" style='border-radius:0px; '><section class=\"av_textblock_section \"  itemscope=\"itemscope\" itemtype=\"https:\/\/schema.org\/BlogPosting\" itemprop=\"blogPost\" ><div class='avia_textblock  '   itemprop=\"text\" ><p style=\"text-align: center;\"><span style=\"font-size: 18pt;\"><strong>Realizan Plaza de Justicia y Derechos Humanos en Villa Ortega<\/strong><\/span><\/p>\n<div id=\"gtx-trans\" style=\"position: absolute; left: -50px; top: 4.31534px;\">\n<div class=\"gtx-trans-icon\"><\/div>\n<\/div>\n<\/div><\/section><\/div><div class=\"flex_column av_one_full  flex_column_div av-zero-column-padding first  avia-builder-el-4  el_after_av_one_full  el_before_av_hr  column-top-margin\" style='border-radius:0px; '><section class=\"av_textblock_section \"  itemscope=\"itemscope\" itemtype=\"https:\/\/schema.org\/BlogPosting\" itemprop=\"blogPost\" ><div class='avia_textblock  '   itemprop=\"text\" ><p style=\"text-align: justify;\">Una nueva Plaza de Justicia y Derechos Humanos se llev\u00f3 a cabo el pasado jueves en Villa Ortega, instancia que reuni\u00f3 a todos los servicios del sector Justicia, adem\u00e1s de Prodemu, Conaf, Indap y el Departamento de Tr\u00e1nsito de la Municipalidad de Coyhaique, los que se dieron cita en la Escuela Pablo Neruda de la localidad, para atender las consultas y requerimientos de los vecinos del sector, acercando as\u00ed la Justicia a la gente.<\/p>\n<p style=\"text-align: justify;\">En la oportunidad, la presidenta de la Junta de Vecinos, Isabel Huichalao explic\u00f3 que \u201cquiero agradecer por gestionar esta actividad que es tan importante para nosotros, ya que, si bien no estamos tan lejos de Coyhaique, sirve para que la gente se evite el viaje y poder hacer sus tr\u00e1mites y consultas a todos los servicios que estuvieron presente en esta oportunidad\u201d.<\/p>\n<p style=\"text-align: justify;\">Por su parte, el Seremi de Justicia y Derechos Humanos Samuel Navarro Castro se\u00f1al\u00f3 que \u00a0\u201cjunto al equipo de la Serem\u00eda y acompa\u00f1ados de los servicios del sector Justicia y otros servicios invitados pudimos desarrollar en la localidad de Villa Ortega una nueva Plaza de Justicia y Derechos Humanos, donde en coordinaci\u00f3n con la junta de vecinos local pudimos llevar a los servicios a terreno para el acceso de la comunidad de Villa Ortega, estuvieron presente el Servicio de Registro Civil, Corporaci\u00f3n de Asistencia Judicial, Defensor\u00eda Penal P\u00fablica, Gendarmer\u00eda de Chile y otros servicios p\u00fablicos, la comunidad estaba muy agradecida por la presencia en terreno de los funcionarios p\u00fablicos, lo que les permite acceder a\u00a0 estos servicios, que de otra forma tienen que desplazarse a Coyhaique, a la ciudad, gastar tiempo y dinero, esto se enmarca en el trabajo permanente que estamos desarrollando desde la Serem\u00eda de Justicia y Derechos Humanos y cumpliendo el mandato del Presidente Gabriel Boric de estar en terreno atendiendo los requerimientos y necesidades de la gente\u201d.<\/p>\n<p style=\"text-align: justify;\">Finalmente, cabe mencionar que los vecinos de Villa Ortega pudieron realizar tr\u00e1mites tales como renovaci\u00f3n de c\u00e9dulas de identidad, solicitar claves \u00fanicas, realizar consultas jur\u00eddicas, entre otros tr\u00e1mites.<\/p>\n<\/div><\/section><\/div><div  style='height:50px' class='hr hr-invisible   avia-builder-el-6  el_after_av_one_full  el_before_av_social_share '><span class='hr-inner ' ><span class='hr-inner-style'><\/span><\/span><\/div><\/p>\n<div  class='av-social-sharing-box  avia-builder-el-7  el_after_av_hr  el_before_av_hr  '><div class='av-share-box'><h5 class='av-share-link-description av-no-toc '>Compartir esta noticia<\/h5><ul class='av-share-box-list noLightbox'><li class='av-share-link av-social-link-facebook' ><a target=\"_blank\" aria-label=\"Compartir en Facebook\" href='https:\/\/www.facebook.com\/sharer.php?u=https:\/\/radiorevelacionfm.cl\/?p=23871&#038;t=Realizan%20Plaza%20de%20Justicia%20y%20Derechos%20Humanos%20en%20Villa%20Ortega' aria-hidden='false' data-av_icon='\ue8f3' data-av_iconfont='entypo-fontello' title='' data-avia-related-tooltip='Compartir en Facebook' rel=\"noopener\"><span class='avia_hidden_link_text'>Compartir en Facebook<\/span><\/a><\/li><li class='av-share-link av-social-link-twitter' ><a target=\"_blank\" aria-label=\"Compartir en Twitter\" href='https:\/\/twitter.com\/share?text=Realizan%20Plaza%20de%20Justicia%20y%20Derechos%20Humanos%20en%20Villa%20Ortega&#038;url=https:\/\/radiorevelacionfm.cl\/?p=23871' aria-hidden='false' data-av_icon='\ue8f1' data-av_iconfont='entypo-fontello' title='' data-avia-related-tooltip='Compartir en Twitter' rel=\"noopener\"><span class='avia_hidden_link_text'>Compartir en Twitter<\/span><\/a><\/li><li class='av-share-link av-social-link-whatsapp' ><a target=\"_blank\" aria-label=\"Compartir en Whatsapp\" href='https:\/\/api.whatsapp.com\/send?text=https:\/\/radiorevelacionfm.cl\/?p=23871' aria-hidden='false' data-av_icon='\uf232' data-av_iconfont='entypo-fontello' title='' data-avia-related-tooltip='Compartir en Whatsapp' rel=\"noopener\"><span class='avia_hidden_link_text'>Compartir en Whatsapp<\/span><\/a><\/li><li class='av-share-link av-social-link-linkedin' ><a target=\"_blank\" aria-label=\"Compartir en LinkedIn\" href='https:\/\/linkedin.com\/shareArticle?mini=true&#038;title=Realizan%20Plaza%20de%20Justicia%20y%20Derechos%20Humanos%20en%20Villa%20Ortega&#038;url=https:\/\/radiorevelacionfm.cl\/?p=23871' aria-hidden='false' data-av_icon='\ue8fc' data-av_iconfont='entypo-fontello' title='' data-avia-related-tooltip='Compartir en LinkedIn' rel=\"noopener\"><span class='avia_hidden_link_text'>Compartir en LinkedIn<\/span><\/a><\/li><li class='av-share-link av-social-link-mail' ><a  aria-label=\"Compartir por correo\" href='mailto:?subject=Realizan%20Plaza%20de%20Justicia%20y%20Derechos%20Humanos%20en%20Villa%20Ortega&#038;body=https:\/\/radiorevelacionfm.cl\/?p=23871' aria-hidden='false' data-av_icon='\ue805' data-av_iconfont='entypo-fontello' title='' data-avia-related-tooltip='Compartir por correo'><span class='avia_hidden_link_text'>Compartir por correo<\/span><\/a><\/li><\/ul><\/div><\/div>\n<div  style='height:50px' class='hr hr-invisible   avia-builder-el-8  el_after_av_social_share  el_before_av_comments_list '><span class='hr-inner ' ><span class='hr-inner-style'><\/span><\/span><\/div>\n<div  class='av-buildercomment  av-blog-meta-html-info-disabled av-blog-meta-tag-disabled  '><\/div>\n","protected":false},"excerpt":{"rendered":"","protected":false},"author":1,"featured_media":23872,"comment_status":"open","ping_status":"open","sticky":false,"template":"","format":"standard","meta":{"footnotes":""},"categories":[55],"tags":[],"class_list":["post-23871","post","type-post","status-publish","format-standard","has-post-thumbnail","hentry","category-justicia"],"jetpack_featured_media_url":"https:\/\/radiorevelacionfm.cl\/wp-content\/uploads\/2022\/11\/plaza-villa-ortega-1-1-1.jpg","_links":{"self":[{"href":"https:\/\/radiorevelacionfm.cl\/index.php?rest_route=\/wp\/v2\/posts\/23871","targetHints":{"allow":["GET"]}}],"collection":[{"href":"https:\/\/radiorevelacionfm.cl\/index.php?rest_route=\/wp\/v2\/posts"}],"about":[{"href":"https:\/\/radiorevelacionfm.cl\/index.php?rest_route=\/wp\/v2\/types\/post"}],"author":[{"embeddable":true,"href":"https:\/\/radiorevelacionfm.cl\/index.php?rest_route=\/wp\/v2\/users\/1"}],"replies":[{"embeddable":true,"href":"https:\/\/radiorevelacionfm.cl\/index.php?rest_route=%2Fwp%2Fv2%2Fcomments&post=23871"}],"version-history":[{"count":2,"href":"https:\/\/radiorevelacionfm.cl\/index.php?rest_route=\/wp\/v2\/posts\/23871\/revisions"}],"predecessor-version":[{"id":23874,"href":"https:\/\/radiorevelacionfm.cl\/index.php?rest_route=\/wp\/v2\/posts\/23871\/revisions\/23874"}],"wp:featuredmedia":[{"embeddable":true,"href":"https:\/\/radiorevelacionfm.cl\/index.php?rest_route=\/wp\/v2\/media\/23872"}],"wp:attachment":[{"href":"https:\/\/radiorevelacionfm.cl\/index.php?rest_route=%2Fwp%2Fv2%2Fmedia&parent=23871"}],"wp:term":[{"taxonomy":"category","embeddable":true,"href":"https:\/\/radiorevelacionfm.cl\/index.php?rest_route=%2Fwp%2Fv2%2Fcategories&post=23871"},{"taxonomy":"post_tag","embeddable":true,"href":"https:\/\/radiorevelacionfm.cl\/index.php?rest_route=%2Fwp%2Fv2%2Ftags&post=23871"}],"curies":[{"name":"wp","href":"https:\/\/api.w.org\/{rel}","templated":true}]}}