{"id":23866,"date":"2022-11-07T10:17:02","date_gmt":"2022-11-07T13:17:02","guid":{"rendered":"https:\/\/radiorevelacionfm.cl\/?p=23866"},"modified":"2022-11-07T10:17:02","modified_gmt":"2022-11-07T13:17:02","slug":"aeropuertos-de-balmaceda-y-punta-arenas-han-movilizado-mas-de-500-mil-pasajeros-en-conjunto-durante-2022","status":"publish","type":"post","link":"https:\/\/radiorevelacionfm.cl\/?p=23866","title":{"rendered":"Aeropuertos de Balmaceda y Punta Arenas han movilizado m\u00e1s de 500 mil pasajeros en conjunto durante 2022"},"content":{"rendered":"<div class=\"flex_column av_one_full  flex_column_div av-zero-column-padding first  avia-builder-el-0  el_before_av_one_full  avia-builder-el-first  \" style='border-radius:0px; '><div  class='avia-image-container  av-styling-    avia-builder-el-1  avia-builder-el-no-sibling  avia-align-center '  itemprop=\"image\" itemscope=\"itemscope\" itemtype=\"https:\/\/schema.org\/ImageObject\"  ><div class='avia-image-container-inner'><div class='avia-image-overlay-wrap'><img decoding=\"async\" class='wp-image-23868 avia-img-lazy-loading-not-23868 avia_image' src=\"https:\/\/radiorevelacionfm.cl\/wp-content\/uploads\/2022\/11\/aeropuerto-balmaceda4_optimized.jpg\" alt='' title='aeropuerto-balmaceda4_optimized' height=\"600\" width=\"800\"  itemprop=\"thumbnailUrl\" srcset=\"https:\/\/radiorevelacionfm.cl\/wp-content\/uploads\/2022\/11\/aeropuerto-balmaceda4_optimized.jpg 800w, https:\/\/radiorevelacionfm.cl\/wp-content\/uploads\/2022\/11\/aeropuerto-balmaceda4_optimized-300x225.jpg 300w, https:\/\/radiorevelacionfm.cl\/wp-content\/uploads\/2022\/11\/aeropuerto-balmaceda4_optimized-768x576.jpg 768w, https:\/\/radiorevelacionfm.cl\/wp-content\/uploads\/2022\/11\/aeropuerto-balmaceda4_optimized-705x529.jpg 705w, https:\/\/radiorevelacionfm.cl\/wp-content\/uploads\/2022\/11\/aeropuerto-balmaceda4_optimized-600x450.jpg 600w\" sizes=\"(max-width: 800px) 100vw, 800px\" \/><\/div><\/div><\/div><\/div><div class=\"flex_column av_one_full  flex_column_div av-zero-column-padding first  avia-builder-el-2  el_after_av_one_full  el_before_av_one_full  column-top-margin\" style='border-radius:0px; '><section class=\"av_textblock_section \"  itemscope=\"itemscope\" itemtype=\"https:\/\/schema.org\/BlogPosting\" itemprop=\"blogPost\" ><div class='avia_textblock  '   itemprop=\"text\" ><p style=\"text-align: center;\"><strong><span style=\"font-size: 18pt;\">Aeropuertos de Balmaceda y Punta Arenas han movilizado m\u00e1s de 500 mil pasajeros en conjunto durante 2022<\/span><\/strong><\/p>\n<div id=\"gtx-trans\" style=\"position: absolute; left: -50px; top: 4.31534px;\">\n<div class=\"gtx-trans-icon\"><\/div>\n<\/div>\n<\/div><\/section><\/div><div class=\"flex_column av_one_full  flex_column_div av-zero-column-padding first  avia-builder-el-4  el_after_av_one_full  el_before_av_hr  column-top-margin\" style='border-radius:0px; '><section class=\"av_textblock_section \"  itemscope=\"itemscope\" itemtype=\"https:\/\/schema.org\/BlogPosting\" itemprop=\"blogPost\" ><div class='avia_textblock  '   itemprop=\"text\" ><p class=\"v1MsoNormal\" style=\"text-align: justify;\">Un favorable a\u00f1o, en t\u00e9rminos de operaciones y pasajeros embarcados, han podido tener el Aeropuerto Internacional Presidente Carlos Ib\u00e1\u00f1ez del Campo de Punta Arenas y el Aer\u00f3dromo Balmaceda, ambos operados por la Red Aeroportuaria Austral, empresa concesionaria de ambos recintos.<\/p>\n<p class=\"v1MsoNormal\" style=\"text-align: justify;\">Estos dos puntos a\u00e9reos, claves en la conexi\u00f3n de las regiones de Magallanes y Ays\u00e9n, parecen poco a poco ir retomando sus niveles operativos previos a la pandemia, luego de una prolongada reducci\u00f3n de la actividad aeroportuaria y tur\u00edstica, tanto a nivel nacional como mundial.<\/p>\n<p class=\"v1MsoNormal\" style=\"text-align: justify;\">Por ejemplo, entre enero y septiembre de este a\u00f1o el aeropuerto ubicado en la capital de la Regi\u00f3n de Magallanes ha logrado embarcar\u00a0362.809 pasajeros, una cifra que aumenta considerando el a\u00f1o m\u00f3vil (octubre de 2021 a septiembre de este a\u00f1o), donde el total crece a 483.484 pasajeros embarcados.<\/p>\n<p class=\"v1MsoNormal\" style=\"text-align: justify;\">\u201cCada vez nos acercamos m\u00e1s al hito de alcanzar los 600 mil pasajeros embarcados; creemos que estamos pr\u00f3ximos a conseguirlo, y con ello gatillar el inicio de la etapa de construcci\u00f3n de las obras de ampliaci\u00f3n del Aeropuerto Presidente Carlos Ib\u00e1\u00f1ez del Campo\u201d, explica Renato V\u00e1squez, gerente de operaciones del recinto magall\u00e1nico.<\/p>\n<p class=\"v1MsoNormal\" style=\"text-align: justify;\">En el mismo periodo, adem\u00e1s, el terminal a\u00e9reo puntarenense, que la semana pasada recibi\u00f3 la visita del nuevo director general de Concesiones del Ministerio de Obras P\u00fablicas (MOP), Juan Manuel S\u00e1nchez.<\/p>\n<p class=\"v1MsoNormal\" style=\"text-align: justify;\"><strong>BALMACEDA<\/strong><\/p>\n<p class=\"v1MsoNormal\" style=\"text-align: justify;\">Un poco m\u00e1s al norte, en el Aer\u00f3dromo Balmaceda\u00a0en los primeros nueve meses de 2022, se embarcaron 218.792 pasajeros, casi 100 mil m\u00e1s que en el mismo periodo de 2021, comprobando la franca recuperaci\u00f3n que la actividad ha podido tener en este importante punto de conexi\u00f3n a\u00e9rea nacional.<\/p>\n<p class=\"v1MsoNormal\" style=\"text-align: justify;\">Solo en septiembre se completaron 21.589 pasajeros que se embarcaron en el principal recinto a\u00e9reo de Ays\u00e9n y 158 operaciones a\u00e9reas, lo que posibilit\u00f3 al recinto completar un total de 1.575 operaciones en lo que va de a\u00f1o.<\/p>\n<p class=\"v1MsoNormal\" style=\"text-align: justify;\">Seg\u00fan Lino Iturra, gerente de operaciones, \u201cse espera una mayor normalizaci\u00f3n para llegar a los niveles que hab\u00eda previos a la pandemia durante los pr\u00f3ximos meses, considerando el alza en reservas hoteleras y servicios de Rent a Car que ha habido en la Regi\u00f3n, lo que augura mayores flujos tur\u00edsticos\u201d.<\/p>\n<p class=\"v1MsoNormal\" style=\"text-align: justify;\">En paralelo, la Red Aeroportuaria Austral avanza en el desarrollo de los proyectos de ingenier\u00eda asociados a la futura construcci\u00f3n del nuevo terminal a\u00e9reo de Ays\u00e9n, lo que permite proyectar el inicio de obras dentro de 2023.<\/p>\n<\/div><\/section><\/div><div  style='height:50px' class='hr hr-invisible   avia-builder-el-6  el_after_av_one_full  el_before_av_social_share '><span class='hr-inner ' ><span class='hr-inner-style'><\/span><\/span><\/div><\/p>\n<div  class='av-social-sharing-box  avia-builder-el-7  el_after_av_hr  el_before_av_hr  '><div class='av-share-box'><h5 class='av-share-link-description av-no-toc '>Compartir esta noticia<\/h5><ul class='av-share-box-list noLightbox'><li class='av-share-link av-social-link-facebook' ><a target=\"_blank\" aria-label=\"Compartir en Facebook\" href='https:\/\/www.facebook.com\/sharer.php?u=https:\/\/radiorevelacionfm.cl\/?p=23866&#038;t=Aeropuertos%20de%20Balmaceda%20y%20Punta%20Arenas%20han%20movilizado%20m%C3%A1s%20de%20500%20mil%20pasajeros%20en%20conjunto%20durante%202022' aria-hidden='false' data-av_icon='\ue8f3' data-av_iconfont='entypo-fontello' title='' data-avia-related-tooltip='Compartir en Facebook' rel=\"noopener\"><span class='avia_hidden_link_text'>Compartir en Facebook<\/span><\/a><\/li><li class='av-share-link av-social-link-twitter' ><a target=\"_blank\" aria-label=\"Compartir en Twitter\" href='https:\/\/twitter.com\/share?text=Aeropuertos%20de%20Balmaceda%20y%20Punta%20Arenas%20han%20movilizado%20m%C3%A1s%20de%20500%20mil%20pasajeros%20en%20conjunto%20durante%202022&#038;url=https:\/\/radiorevelacionfm.cl\/?p=23866' aria-hidden='false' data-av_icon='\ue8f1' data-av_iconfont='entypo-fontello' title='' data-avia-related-tooltip='Compartir en Twitter' rel=\"noopener\"><span class='avia_hidden_link_text'>Compartir en Twitter<\/span><\/a><\/li><li class='av-share-link av-social-link-whatsapp' ><a target=\"_blank\" aria-label=\"Compartir en Whatsapp\" href='https:\/\/api.whatsapp.com\/send?text=https:\/\/radiorevelacionfm.cl\/?p=23866' aria-hidden='false' data-av_icon='\uf232' data-av_iconfont='entypo-fontello' title='' data-avia-related-tooltip='Compartir en Whatsapp' rel=\"noopener\"><span class='avia_hidden_link_text'>Compartir en Whatsapp<\/span><\/a><\/li><li class='av-share-link av-social-link-linkedin' ><a target=\"_blank\" aria-label=\"Compartir en LinkedIn\" href='https:\/\/linkedin.com\/shareArticle?mini=true&#038;title=Aeropuertos%20de%20Balmaceda%20y%20Punta%20Arenas%20han%20movilizado%20m%C3%A1s%20de%20500%20mil%20pasajeros%20en%20conjunto%20durante%202022&#038;url=https:\/\/radiorevelacionfm.cl\/?p=23866' aria-hidden='false' data-av_icon='\ue8fc' data-av_iconfont='entypo-fontello' title='' data-avia-related-tooltip='Compartir en LinkedIn' rel=\"noopener\"><span class='avia_hidden_link_text'>Compartir en LinkedIn<\/span><\/a><\/li><li class='av-share-link av-social-link-mail' ><a  aria-label=\"Compartir por correo\" href='mailto:?subject=Aeropuertos%20de%20Balmaceda%20y%20Punta%20Arenas%20han%20movilizado%20m%C3%A1s%20de%20500%20mil%20pasajeros%20en%20conjunto%20durante%202022&#038;body=https:\/\/radiorevelacionfm.cl\/?p=23866' aria-hidden='false' data-av_icon='\ue805' data-av_iconfont='entypo-fontello' title='' data-avia-related-tooltip='Compartir por correo'><span class='avia_hidden_link_text'>Compartir por correo<\/span><\/a><\/li><\/ul><\/div><\/div>\n<div  style='height:50px' class='hr hr-invisible   avia-builder-el-8  el_after_av_social_share  el_before_av_comments_list '><span class='hr-inner ' ><span class='hr-inner-style'><\/span><\/span><\/div>\n<div  class='av-buildercomment  av-blog-meta-html-info-disabled av-blog-meta-tag-disabled  '><\/div>\n","protected":false},"excerpt":{"rendered":"","protected":false},"author":1,"featured_media":23868,"comment_status":"open","ping_status":"open","sticky":false,"template":"","format":"standard","meta":{"footnotes":""},"categories":[38],"tags":[],"class_list":["post-23866","post","type-post","status-publish","format-standard","has-post-thumbnail","hentry","category-regional"],"jetpack_featured_media_url":"https:\/\/radiorevelacionfm.cl\/wp-content\/uploads\/2022\/11\/aeropuerto-balmaceda4_optimized.jpg","_links":{"self":[{"href":"https:\/\/radiorevelacionfm.cl\/index.php?rest_route=\/wp\/v2\/posts\/23866","targetHints":{"allow":["GET"]}}],"collection":[{"href":"https:\/\/radiorevelacionfm.cl\/index.php?rest_route=\/wp\/v2\/posts"}],"about":[{"href":"https:\/\/radiorevelacionfm.cl\/index.php?rest_route=\/wp\/v2\/types\/post"}],"author":[{"embeddable":true,"href":"https:\/\/radiorevelacionfm.cl\/index.php?rest_route=\/wp\/v2\/users\/1"}],"replies":[{"embeddable":true,"href":"https:\/\/radiorevelacionfm.cl\/index.php?rest_route=%2Fwp%2Fv2%2Fcomments&post=23866"}],"version-history":[{"count":2,"href":"https:\/\/radiorevelacionfm.cl\/index.php?rest_route=\/wp\/v2\/posts\/23866\/revisions"}],"predecessor-version":[{"id":23870,"href":"https:\/\/radiorevelacionfm.cl\/index.php?rest_route=\/wp\/v2\/posts\/23866\/revisions\/23870"}],"wp:featuredmedia":[{"embeddable":true,"href":"https:\/\/radiorevelacionfm.cl\/index.php?rest_route=\/wp\/v2\/media\/23868"}],"wp:attachment":[{"href":"https:\/\/radiorevelacionfm.cl\/index.php?rest_route=%2Fwp%2Fv2%2Fmedia&parent=23866"}],"wp:term":[{"taxonomy":"category","embeddable":true,"href":"https:\/\/radiorevelacionfm.cl\/index.php?rest_route=%2Fwp%2Fv2%2Fcategories&post=23866"},{"taxonomy":"post_tag","embeddable":true,"href":"https:\/\/radiorevelacionfm.cl\/index.php?rest_route=%2Fwp%2Fv2%2Ftags&post=23866"}],"curies":[{"name":"wp","href":"https:\/\/api.w.org\/{rel}","templated":true}]}}