{"id":23858,"date":"2022-11-07T09:19:05","date_gmt":"2022-11-07T12:19:05","guid":{"rendered":"https:\/\/radiorevelacionfm.cl\/?p=23858"},"modified":"2022-11-07T09:19:05","modified_gmt":"2022-11-07T12:19:05","slug":"impulsan-desarrollo-turistico-y-potencian-conectividad-maritima-con-nuevo-borde-costero-inaugurado-en-puerto-cisnes","status":"publish","type":"post","link":"https:\/\/radiorevelacionfm.cl\/?p=23858","title":{"rendered":"Impulsan desarrollo tur\u00edstico y potencian conectividad mar\u00edtima con nuevo borde costero inaugurado en Puerto Cisnes"},"content":{"rendered":"<div class=\"flex_column av_one_full  flex_column_div av-zero-column-padding first  avia-builder-el-0  el_before_av_one_full  avia-builder-el-first  \" style='border-radius:0px; '><div  class='avia-image-container  av-styling-    avia-builder-el-1  avia-builder-el-no-sibling  avia-align-center '  itemprop=\"image\" itemscope=\"itemscope\" itemtype=\"https:\/\/schema.org\/ImageObject\"  ><div class='avia-image-container-inner'><div class='avia-image-overlay-wrap'><img decoding=\"async\" class='wp-image-23859 avia-img-lazy-loading-not-23859 avia_image' src=\"https:\/\/radiorevelacionfm.cl\/wp-content\/uploads\/2022\/11\/bcostero-cisnes-corte-cinta-1_optimized.jpg\" alt='' title='bcostero-cisnes-corte-cinta-(1)_optimized' height=\"600\" width=\"1074\"  itemprop=\"thumbnailUrl\" srcset=\"https:\/\/radiorevelacionfm.cl\/wp-content\/uploads\/2022\/11\/bcostero-cisnes-corte-cinta-1_optimized.jpg 1074w, https:\/\/radiorevelacionfm.cl\/wp-content\/uploads\/2022\/11\/bcostero-cisnes-corte-cinta-1_optimized-300x168.jpg 300w, https:\/\/radiorevelacionfm.cl\/wp-content\/uploads\/2022\/11\/bcostero-cisnes-corte-cinta-1_optimized-1030x575.jpg 1030w, https:\/\/radiorevelacionfm.cl\/wp-content\/uploads\/2022\/11\/bcostero-cisnes-corte-cinta-1_optimized-768x429.jpg 768w, https:\/\/radiorevelacionfm.cl\/wp-content\/uploads\/2022\/11\/bcostero-cisnes-corte-cinta-1_optimized-705x394.jpg 705w, https:\/\/radiorevelacionfm.cl\/wp-content\/uploads\/2022\/11\/bcostero-cisnes-corte-cinta-1_optimized-600x335.jpg 600w\" sizes=\"(max-width: 1074px) 100vw, 1074px\" \/><\/div><\/div><\/div><\/div>\n<div class=\"flex_column av_one_full  flex_column_div av-zero-column-padding first  avia-builder-el-2  el_after_av_one_full  el_before_av_one_full  column-top-margin\" style='border-radius:0px; '><section class=\"av_textblock_section \"  itemscope=\"itemscope\" itemtype=\"https:\/\/schema.org\/BlogPosting\" itemprop=\"blogPost\" ><div class='avia_textblock  '   itemprop=\"text\" ><p style=\"text-align: center;\"><strong><span style=\"font-size: 18pt;\">Impulsan desarrollo tur\u00edstico y potencian conectividad mar\u00edtima con nuevo borde costero inaugurado en Puerto Cisnes<\/span><\/strong><\/p>\n<div id=\"gtx-trans\" style=\"position: absolute; left: -50px; top: 4.31534px;\">\n<div class=\"gtx-trans-icon\"><\/div>\n<\/div>\n<\/div><\/section><\/div>\n<div class=\"flex_column av_one_full  flex_column_div av-zero-column-padding first  avia-builder-el-4  el_after_av_one_full  el_before_av_hr  column-top-margin\" style='border-radius:0px; '><section class=\"av_textblock_section \"  itemscope=\"itemscope\" itemtype=\"https:\/\/schema.org\/BlogPosting\" itemprop=\"blogPost\" ><div class='avia_textblock  '   itemprop=\"text\" ><p style=\"text-align: justify;\">\u201cEs un gran adelanto para nuestro pueblo\u201d, \u201ces una gran ayuda para nuestros vecinos que vienen de localidades m\u00e1s chicas como Gaviota, Gala, Melimoyu, entonces es un gran aporte\u201d, \u201cla Costanera qued\u00f3 preciosa, maravillosa, encuentro que es algo muy hermoso que va a quedar para nuestro pueblo y tambi\u00e9n me da alegr\u00eda, porque van a haber puestos para que los artesanos puedan vender todo lo que se hace ac\u00e1 en Cisnes, la artesan\u00eda local y van a haber m\u00e1s espacios tur\u00edsticos tambi\u00e9n para que la gente nos venga a visitar y nos venga a conocer\u201d, estas son algunas de las opiniones de vecinos de Puerto Cisnes, acerca de las nuevas obras realizadas por la Direcci\u00f3n Regional de Obras Portuarias del MOP.<\/p>\n<p style=\"text-align: justify;\">Hasta Puerto Cisnes viajaron este fin de semana el Secretario Regional Ministerial de Obras P\u00fablicas Patricio Sanhueza Ulloa, el Director Regional de Obras Portuarias del MOP \u00c1lvaro D\u00edaz, el Delegado Presidencial Regional Subrogante Samuel Navarro y la Gobernadora de la Regi\u00f3n de Ays\u00e9n, Andrea Mac\u00edas Palma para inaugurar el Borde Costero de Puerto Cisnes junto a la comunidad, al Alcalde de la Municipalidad de Cisnes Francisco Roncagliolo y a Consejeros Regionales y Concejales por la comuna.<\/p>\n<p style=\"text-align: justify;\">El Delegado Presidencial Regional subrogante Samuel Navarro, en la ocasi\u00f3n se\u00f1al\u00f3: \u201cEstamos hoy d\u00eda en Puerto Cisnes entregando este Borde Costero que viene a significar hacer justicia territorial. Aportar en este Borde Costero sobretodo en una localidad como Puerto Cisnes, aporta tambi\u00e9n a la descentralizaci\u00f3n, a la calidad de vida y estamos haciendo justicia social y aumentando la calidad de vida no s\u00f3lo de la comunidad que vive ac\u00e1, sino tambi\u00e9n de quienes visitan Puerto Cisnes. Este Borde Costero cuenta adem\u00e1s con juegos infantiles, cuenta con rampa de acceso para los pescadores artesanales, cuenta con puestos para comerciantes, tiene un sector para que se mantenga la minga que se hace regularmente todos los a\u00f1os en Puerto Cisnes, por lo tanto este es un proyecto participativo que no solamente entrega a la comunidad un espacio abierto, un espacio p\u00fablico, sino tambi\u00e9n entrega un beneficio a toda la comuna de Puerto Cisnes con esta gran obra\u201d.<\/p>\n<p style=\"text-align: justify;\">\u201cEsta es una gran inversi\u00f3n cercana a los $7 mil millones que sumada a la construcci\u00f3n del Terminal de Pasajeros en donde la inversi\u00f3n es del orden de los $2 mil millones adicionales, se alcanzan los $ 9 mil millones de pesos de inversi\u00f3n de la Direcci\u00f3n Regional de Obras Portuarias del MOP en la comuna de Cisnes, y es una obra que tiene mucho que ver con el sello que queremos dar, nosotros tomamos la posta, de una infraestructura de buena vecindad. Estamos entregando una infraestructura que no solamente cumple su rol principal que es la protecci\u00f3n de la erosi\u00f3n producto de las olas en la Bah\u00eda, sino adem\u00e1s estamos entregando una obra que va a dar espacios recreativos, espacios c\u00edvicos con juegos infantiles, m\u00e1quinas de ejercicio, un mirador, zonas para que la pesca artesanal pueda operar con 40 sitios para botes en rampa de varado y tambi\u00e9n escuchamos a la comunidad y modificamos el Dise\u00f1o as\u00ed que tambi\u00e9n consideramos las operaciones de la autoridad mar\u00edtima, algo muy bonito tambi\u00e9n que se consider\u00f3 fue la rampa para que se contin\u00fae desarrollando de una manera normal y mejor incluso la Fiesta Costumbrista, la Fiesta del Pescado Frito y la Minga, y tenemos espacio tambi\u00e9n para la artesan\u00eda. Hoy d\u00eda la comunidad est\u00e1 disfrutando, hemos visto a ni\u00f1os patinando, ni\u00f1os en bicicleta, la gente disfrutando del \u00e1rea de juegos y de ejercicios, as\u00ed que es una gran obra que nos enorgullece como gobierno de Gabriel Boric inaugurar y esta es la senda en la que vamos a continuar. Tenemos muchas m\u00e1s obras en nuestra cartera de proyectos, tenemos otro Borde Costero para esta misma comuna, as\u00ed que esperamos lograr comenzar esas obras el pr\u00f3ximo a\u00f1o\u201d, afirm\u00f3 el Secretario Regional Ministerial de Obras P\u00fablicas Patricio Sanhueza Ulloa.<\/p>\n<p style=\"text-align: justify;\">Este trabajo mancomunado con la comunidad y sus representantes hoy ha dado como resultado una obra que contribuir\u00e1 a mejorar la conectividad mar\u00edtima de la regi\u00f3n de Ays\u00e9n, as\u00ed lo refrend\u00f3 Ingrid Adasme, quien represent\u00f3 a la Junta de Vecinos n\u00famero 8 Barrio Central de Puerto Cisnes: \u201cEsta obra es muy importante porque hace muchos a\u00f1os se ven\u00eda esperando esta Costanera para nuestro Barrio y obviamente para el turismo, las personas, para los ni\u00f1os, para recrearse. Es muy importante esta conectividad que vamos a tener hoy en d\u00eda ac\u00e1, en Puerto Cisnes y esperemos que todos nuestros vecinos cuidemos estas obras, las protejamos y como dijo el Seremi que nuestro espacio sea de cada uno de nuestros vecinos y que los protejamos y cuidemos\u201d.<\/p>\n<p style=\"text-align: justify;\">Por su parte, el Alcalde de la comuna de Cisnes, Francisco Roncagliolo destac\u00f3: \u201cEstoy muy contento con el resultado de esta obra la que por fin se est\u00e1 entregando a la comunidad y va de la mano de un desaf\u00edo que se plante\u00f3 hace mucho tiempo y que trabajando mancomunadamente con el Ministerio de Obras P\u00fablicas a trav\u00e9s de la Direcci\u00f3n de Obras Portuarias y los equipos nuestros de Secplan y la Direcci\u00f3n de Obras pudimos llegar a una obra como esta, la que va a permitir cambiar la cara a Puerto Cisnes. Tambi\u00e9n hay que decir que, esta obra una de las cosas importantes que logr\u00f3 fue que nos ense\u00f1\u00f3 a trabajar en pandemia porque esta obra se ejecut\u00f3 en pandemia y con eso tambi\u00e9n mantuvimos la reactivaci\u00f3n econ\u00f3mica en un momento muy complejo para nuestra comuna, y en donde la empresa estuvo funcionando sin mayores complicaciones, gener\u00f3 movimiento\u00a0 econ\u00f3mico local y tambi\u00e9n nos ense\u00f1\u00f3 para poder trabajar en otras obras en distintos puntos de la comuna, as\u00ed que por lo mismo esta obra ha sido integral. Hoy d\u00eda tambi\u00e9n se da un paso en nuestro objetivo local que es tener un Puerto Cisnes caminable. Buscamos que Puerto Cisnes se pueda caminar y esta obra tiene casi un 1,5 kil\u00f3metros para poder transitar, se suma a la costanera sur y tambi\u00e9n se suma al Parque Urbano y a toda la Red de Pasarelas que hemos hecho dentro de la localidad\u201d.<\/p>\n<p style=\"text-align: justify;\">Como Estado de Chile tenemos un rol muy importante, porque no s\u00f3lo contribuimos con los recursos necesarios para la materializaci\u00f3n de esta obra a trav\u00e9s del Ministerio de Obras P\u00fablicas, sino tambi\u00e9n aportamos como Estado para mejorar la calidad de vida de las personas, para que tengan un buen y mejor vivir. As\u00ed lo afirm\u00f3 tambi\u00e9n la Gobernadora Regional Andrea Mac\u00edas, quien en la oportunidad se\u00f1al\u00f3: \u201cMuy contenta de estar participando en esta actividad como Gobierno Regional y su Consejo, acompa\u00f1ando una tremenda inversi\u00f3n sectorial que viene a cambiar la calidad de vida y la cara de Puerto Cisnes, pero tambi\u00e9n es una oportunidad para toda la comuna y la regi\u00f3n. Puerto Cisnes es una localidad que se ha ido transformando en un Puerto Estrat\u00e9gico y tambi\u00e9n y eso supone grandes desaf\u00edos, as\u00ed que comprometernos con ese trabajo colaborativo para seguir avanzando, para poder seguir entregando a toda la gente de nuestra regi\u00f3n mejores oportunidades y sin duda impactar en su calidad de vida\u201d.<\/p>\n<p style=\"text-align: justify;\"><strong><u>VISITA A MEMORIAL DEL PROFESOR JORGE VILUGR\u00d3N REYES<\/u><\/strong><\/p>\n<p style=\"text-align: justify;\">Una vez finalizada la ceremonia, las autoridades y representantes de la comunidad se dirigieron hasta el memorial del profesor Jorge Orlando Vilugr\u00f3n Reyes, ubicado en el muelle de Puerto Cisnes, en donde dejaron una ofrenda floral y mantener viva la memoria de aquellas personas que fueron ejecutados pol\u00edticos en la dictadura militar, como lo fue el profesor de 27 a\u00f1os Jorge Vilugr\u00f3n quien fue secuestrado, fusilado y su cuerpo fue lanzado al mar en octubre de 1973.<\/p>\n<p style=\"text-align: justify;\">Al respecto, Valeria Vera, profesora desde el a\u00f1o 1971 en Puerto Cisnes se\u00f1al\u00f3 \u201cesto tiene un significado muy importante para nosotros como comunidad, porque nosotros tuvimos que ser part\u00edcipes en el a\u00f1o 1973. Es algo muy doloroso para nuestra comunidad que hayan asesinado a un profesor que realmente el \u00fanico deseo que ten\u00eda era educar y no hacer da\u00f1o a nadie. Es muy importante que se mantenga viva la memoria para que as\u00ed los dem\u00e1s est\u00e9n en antecedentes de que estas cosas que sucedieron en ese \u00e9poca no se vuelvan a repetir nunca m\u00e1s en nuestro pa\u00eds\u201d.<\/p>\n<\/div><\/section><\/div><div  style='height:50px' class='hr hr-invisible   avia-builder-el-6  el_after_av_one_full  el_before_av_social_share '><span class='hr-inner ' ><span class='hr-inner-style'><\/span><\/span><\/div><\/p>\n<div  class='av-social-sharing-box  avia-builder-el-7  el_after_av_hr  el_before_av_hr  '><div class='av-share-box'><h5 class='av-share-link-description av-no-toc '>Compartir esta noticia<\/h5><ul class='av-share-box-list noLightbox'><li class='av-share-link av-social-link-facebook' ><a target=\"_blank\" aria-label=\"Compartir en Facebook\" href='https:\/\/www.facebook.com\/sharer.php?u=https:\/\/radiorevelacionfm.cl\/?p=23858&#038;t=Impulsan%20desarrollo%20tur%C3%ADstico%20y%20potencian%20conectividad%20mar%C3%ADtima%20con%20nuevo%20borde%20costero%20inaugurado%20en%20Puerto%20Cisnes' aria-hidden='false' data-av_icon='\ue8f3' data-av_iconfont='entypo-fontello' title='' data-avia-related-tooltip='Compartir en Facebook' rel=\"noopener\"><span class='avia_hidden_link_text'>Compartir en Facebook<\/span><\/a><\/li><li class='av-share-link av-social-link-twitter' ><a target=\"_blank\" aria-label=\"Compartir en Twitter\" href='https:\/\/twitter.com\/share?text=Impulsan%20desarrollo%20tur%C3%ADstico%20y%20potencian%20conectividad%20mar%C3%ADtima%20con%20nuevo%20borde%20costero%20inaugurado%20en%20Puerto%20Cisnes&#038;url=https:\/\/radiorevelacionfm.cl\/?p=23858' aria-hidden='false' data-av_icon='\ue8f1' data-av_iconfont='entypo-fontello' title='' data-avia-related-tooltip='Compartir en Twitter' rel=\"noopener\"><span class='avia_hidden_link_text'>Compartir en Twitter<\/span><\/a><\/li><li class='av-share-link av-social-link-whatsapp' ><a target=\"_blank\" aria-label=\"Compartir en Whatsapp\" href='https:\/\/api.whatsapp.com\/send?text=https:\/\/radiorevelacionfm.cl\/?p=23858' aria-hidden='false' data-av_icon='\uf232' data-av_iconfont='entypo-fontello' title='' data-avia-related-tooltip='Compartir en Whatsapp' rel=\"noopener\"><span class='avia_hidden_link_text'>Compartir en Whatsapp<\/span><\/a><\/li><li class='av-share-link av-social-link-linkedin' ><a target=\"_blank\" aria-label=\"Compartir en LinkedIn\" href='https:\/\/linkedin.com\/shareArticle?mini=true&#038;title=Impulsan%20desarrollo%20tur%C3%ADstico%20y%20potencian%20conectividad%20mar%C3%ADtima%20con%20nuevo%20borde%20costero%20inaugurado%20en%20Puerto%20Cisnes&#038;url=https:\/\/radiorevelacionfm.cl\/?p=23858' aria-hidden='false' data-av_icon='\ue8fc' data-av_iconfont='entypo-fontello' title='' data-avia-related-tooltip='Compartir en LinkedIn' rel=\"noopener\"><span class='avia_hidden_link_text'>Compartir en LinkedIn<\/span><\/a><\/li><li class='av-share-link av-social-link-mail' ><a  aria-label=\"Compartir por correo\" href='mailto:?subject=Impulsan%20desarrollo%20tur%C3%ADstico%20y%20potencian%20conectividad%20mar%C3%ADtima%20con%20nuevo%20borde%20costero%20inaugurado%20en%20Puerto%20Cisnes&#038;body=https:\/\/radiorevelacionfm.cl\/?p=23858' aria-hidden='false' data-av_icon='\ue805' data-av_iconfont='entypo-fontello' title='' data-avia-related-tooltip='Compartir por correo'><span class='avia_hidden_link_text'>Compartir por correo<\/span><\/a><\/li><\/ul><\/div><\/div>\n<div  style='height:50px' class='hr hr-invisible   avia-builder-el-8  el_after_av_social_share  el_before_av_comments_list '><span class='hr-inner ' ><span class='hr-inner-style'><\/span><\/span><\/div>\n<div  class='av-buildercomment  av-blog-meta-html-info-disabled av-blog-meta-tag-disabled  '><\/div>\n","protected":false},"excerpt":{"rendered":"","protected":false},"author":1,"featured_media":23859,"comment_status":"open","ping_status":"open","sticky":false,"template":"","format":"standard","meta":{"footnotes":""},"categories":[38],"tags":[],"class_list":["post-23858","post","type-post","status-publish","format-standard","has-post-thumbnail","hentry","category-regional"],"jetpack_featured_media_url":"https:\/\/radiorevelacionfm.cl\/wp-content\/uploads\/2022\/11\/bcostero-cisnes-corte-cinta-1_optimized.jpg","_links":{"self":[{"href":"https:\/\/radiorevelacionfm.cl\/index.php?rest_route=\/wp\/v2\/posts\/23858","targetHints":{"allow":["GET"]}}],"collection":[{"href":"https:\/\/radiorevelacionfm.cl\/index.php?rest_route=\/wp\/v2\/posts"}],"about":[{"href":"https:\/\/radiorevelacionfm.cl\/index.php?rest_route=\/wp\/v2\/types\/post"}],"author":[{"embeddable":true,"href":"https:\/\/radiorevelacionfm.cl\/index.php?rest_route=\/wp\/v2\/users\/1"}],"replies":[{"embeddable":true,"href":"https:\/\/radiorevelacionfm.cl\/index.php?rest_route=%2Fwp%2Fv2%2Fcomments&post=23858"}],"version-history":[{"count":3,"href":"https:\/\/radiorevelacionfm.cl\/index.php?rest_route=\/wp\/v2\/posts\/23858\/revisions"}],"predecessor-version":[{"id":23864,"href":"https:\/\/radiorevelacionfm.cl\/index.php?rest_route=\/wp\/v2\/posts\/23858\/revisions\/23864"}],"wp:featuredmedia":[{"embeddable":true,"href":"https:\/\/radiorevelacionfm.cl\/index.php?rest_route=\/wp\/v2\/media\/23859"}],"wp:attachment":[{"href":"https:\/\/radiorevelacionfm.cl\/index.php?rest_route=%2Fwp%2Fv2%2Fmedia&parent=23858"}],"wp:term":[{"taxonomy":"category","embeddable":true,"href":"https:\/\/radiorevelacionfm.cl\/index.php?rest_route=%2Fwp%2Fv2%2Fcategories&post=23858"},{"taxonomy":"post_tag","embeddable":true,"href":"https:\/\/radiorevelacionfm.cl\/index.php?rest_route=%2Fwp%2Fv2%2Ftags&post=23858"}],"curies":[{"name":"wp","href":"https:\/\/api.w.org\/{rel}","templated":true}]}}