{"id":23851,"date":"2022-11-06T19:42:58","date_gmt":"2022-11-06T22:42:58","guid":{"rendered":"https:\/\/radiorevelacionfm.cl\/?p=23851"},"modified":"2022-11-06T19:42:58","modified_gmt":"2022-11-06T22:42:58","slug":"mindep-aysen-e-ind-entregan-implementacion-deportiva-a-mujeres-privadas-de-libertad","status":"publish","type":"post","link":"https:\/\/radiorevelacionfm.cl\/?p=23851","title":{"rendered":"Mindep Ays\u00e9n e IND entregan implementaci\u00f3n deportiva a mujeres privadas de libertad"},"content":{"rendered":"<div class=\"flex_column av_one_full  flex_column_div av-zero-column-padding first  avia-builder-el-0  el_before_av_one_full  avia-builder-el-first  \" style='border-radius:0px; '><div  class='avia-image-container  av-styling-    avia-builder-el-1  avia-builder-el-no-sibling  avia-align-center '  itemprop=\"image\" itemscope=\"itemscope\" itemtype=\"https:\/\/schema.org\/ImageObject\"  ><div class='avia-image-container-inner'><div class='avia-image-overlay-wrap'><img decoding=\"async\" class='wp-image-23852 avia-img-lazy-loading-not-23852 avia_image' src=\"https:\/\/radiorevelacionfm.cl\/wp-content\/uploads\/2022\/11\/10-4-1-1.jpeg\" alt='' title='10 (4) (1) (1)' height=\"600\" width=\"800\"  itemprop=\"thumbnailUrl\" srcset=\"https:\/\/radiorevelacionfm.cl\/wp-content\/uploads\/2022\/11\/10-4-1-1.jpeg 800w, https:\/\/radiorevelacionfm.cl\/wp-content\/uploads\/2022\/11\/10-4-1-1-300x225.jpeg 300w, https:\/\/radiorevelacionfm.cl\/wp-content\/uploads\/2022\/11\/10-4-1-1-768x576.jpeg 768w, https:\/\/radiorevelacionfm.cl\/wp-content\/uploads\/2022\/11\/10-4-1-1-705x529.jpeg 705w, https:\/\/radiorevelacionfm.cl\/wp-content\/uploads\/2022\/11\/10-4-1-1-600x450.jpeg 600w\" sizes=\"(max-width: 800px) 100vw, 800px\" \/><\/div><\/div><\/div><\/div><div class=\"flex_column av_one_full  flex_column_div av-zero-column-padding first  avia-builder-el-2  el_after_av_one_full  el_before_av_one_full  column-top-margin\" style='border-radius:0px; '><section class=\"av_textblock_section \"  itemscope=\"itemscope\" itemtype=\"https:\/\/schema.org\/BlogPosting\" itemprop=\"blogPost\" ><div class='avia_textblock  '   itemprop=\"text\" ><p style=\"text-align: center;\"><span style=\"font-size: 18pt;\"><b>Mindep Ays\u00e9n e IND entregan implementaci\u00f3n deportiva a mujeres privadas de libertad<\/b><\/span><\/p>\n<div id=\"gtx-trans\" style=\"position: absolute; left: -50px; top: 4.31534px;\">\n<div class=\"gtx-trans-icon\"><\/div>\n<\/div>\n<\/div><\/section><\/div><div class=\"flex_column av_one_full  flex_column_div av-zero-column-padding first  avia-builder-el-4  el_after_av_one_full  el_before_av_hr  column-top-margin\" style='border-radius:0px; '><section class=\"av_textblock_section \"  itemscope=\"itemscope\" itemtype=\"https:\/\/schema.org\/BlogPosting\" itemprop=\"blogPost\" ><div class='avia_textblock  '   itemprop=\"text\" ><div style=\"text-align: justify;\">\n<div style=\"text-align: justify;\">Este fin de semana se realiz\u00f3 la entrega de material deportivo en el Centro de Cumplimiento Penitenciario de Coyhaique, actividad que adem\u00e1s incluy\u00f3 una inducci\u00f3n en el uso del mismo y una clase de zumba dirigidas por la Secretaria Regional Ministerial del Deportes Mar\u00eda Eugenia Dur\u00e1n Jara junto a la monitora Madona Sandoval.<\/div>\n<div><\/div>\n<\/div>\n<div style=\"text-align: justify;\">\n<p>La entrega de implementaci\u00f3n \u00a0forma parte del Componente Deporte para Personas Privadas de Libertad del Instituto Nacional de Deportes, que busca otorgar acceso a la actividad f\u00edsica y recreativa de la poblaci\u00f3n penal femenina, se coordin\u00f3 a trav\u00e9s de Gendarmer\u00eda de Chile y cont\u00f3 con la asistencia de la Comandante Ingrid Almonacid Jefe de Unidad Penal y Michael Jaque coordinador de Deportes de Gendarmer\u00eda.<\/p>\n<p>Al respecto la Seremi de Deportes se\u00f1al\u00f3 \u00abcomo Gobierno de Chile estamos comprometidos con acercar el deporte, la actividad f\u00edsica y la vida sana a los sectores m\u00e1s marginados de la poblaci\u00f3n, pues estamos convencidos que para fortalecer la reinserci\u00f3n de estas personas en la sociedad nuestra cartera tiene mucho que aportar. Las mujeres privadas de libertad tambi\u00e9n son sujetos de derecho, ellas ya fueron juzgadas y en consecuencia cumplen sus sentencias en la c\u00e1rcel de acuerdo a lo dictaminado por ley, por lo que aprovechar el poder de transformaci\u00f3n que tiene el deporte en la entrega de valores tan necesarios para formar mejores personas, es una buena forma de evolucionar como sociedad\u00bb. Finalmente, \u00a0la autoridad deportiva agreg\u00f3 \u00abdebemos ser capaces de trabajar como un equipo, sin dejar a nadie atr\u00e1s, todas y todos somos importantes porque todas y todos, formamos parte de esta sociedad\u00bb<\/p>\n<p>11 kits deportivos, fueron entregados, directamente a las participantes \u00a0por la actual Seremi de deportes junto con una inducci\u00f3n para que les puedan dar un uso correcto. Cada Kit est\u00e1 compuesto de balones de Pilates, mat y cilindros de yoga, bandas el\u00e1sticas, balones de b\u00e1squetbol y ejercitador de muslos y brazos.<\/p>\n<\/div>\n<div style=\"text-align: justify;\"><\/div>\n<\/div><\/section><\/div><div  style='height:50px' class='hr hr-invisible   avia-builder-el-6  el_after_av_one_full  el_before_av_social_share '><span class='hr-inner ' ><span class='hr-inner-style'><\/span><\/span><\/div><\/p>\n<div  class='av-social-sharing-box  avia-builder-el-7  el_after_av_hr  el_before_av_hr  '><div class='av-share-box'><h5 class='av-share-link-description av-no-toc '>Compartir esta noticia<\/h5><ul class='av-share-box-list noLightbox'><li class='av-share-link av-social-link-facebook' ><a target=\"_blank\" aria-label=\"Compartir en Facebook\" href='https:\/\/www.facebook.com\/sharer.php?u=https:\/\/radiorevelacionfm.cl\/?p=23851&#038;t=Mindep%20Ays%C3%A9n%20e%20IND%20entregan%20implementaci%C3%B3n%20deportiva%20a%20mujeres%20privadas%20de%20libertad' aria-hidden='false' data-av_icon='\ue8f3' data-av_iconfont='entypo-fontello' title='' data-avia-related-tooltip='Compartir en Facebook' rel=\"noopener\"><span class='avia_hidden_link_text'>Compartir en Facebook<\/span><\/a><\/li><li class='av-share-link av-social-link-twitter' ><a target=\"_blank\" aria-label=\"Compartir en Twitter\" href='https:\/\/twitter.com\/share?text=Mindep%20Ays%C3%A9n%20e%20IND%20entregan%20implementaci%C3%B3n%20deportiva%20a%20mujeres%20privadas%20de%20libertad&#038;url=https:\/\/radiorevelacionfm.cl\/?p=23851' aria-hidden='false' data-av_icon='\ue8f1' data-av_iconfont='entypo-fontello' title='' data-avia-related-tooltip='Compartir en Twitter' rel=\"noopener\"><span class='avia_hidden_link_text'>Compartir en Twitter<\/span><\/a><\/li><li class='av-share-link av-social-link-whatsapp' ><a target=\"_blank\" aria-label=\"Compartir en Whatsapp\" href='https:\/\/api.whatsapp.com\/send?text=https:\/\/radiorevelacionfm.cl\/?p=23851' aria-hidden='false' data-av_icon='\uf232' data-av_iconfont='entypo-fontello' title='' data-avia-related-tooltip='Compartir en Whatsapp' rel=\"noopener\"><span class='avia_hidden_link_text'>Compartir en Whatsapp<\/span><\/a><\/li><li class='av-share-link av-social-link-linkedin' ><a target=\"_blank\" aria-label=\"Compartir en LinkedIn\" href='https:\/\/linkedin.com\/shareArticle?mini=true&#038;title=Mindep%20Ays%C3%A9n%20e%20IND%20entregan%20implementaci%C3%B3n%20deportiva%20a%20mujeres%20privadas%20de%20libertad&#038;url=https:\/\/radiorevelacionfm.cl\/?p=23851' aria-hidden='false' data-av_icon='\ue8fc' data-av_iconfont='entypo-fontello' title='' data-avia-related-tooltip='Compartir en LinkedIn' rel=\"noopener\"><span class='avia_hidden_link_text'>Compartir en LinkedIn<\/span><\/a><\/li><li class='av-share-link av-social-link-mail' ><a  aria-label=\"Compartir por correo\" href='mailto:?subject=Mindep%20Ays%C3%A9n%20e%20IND%20entregan%20implementaci%C3%B3n%20deportiva%20a%20mujeres%20privadas%20de%20libertad&#038;body=https:\/\/radiorevelacionfm.cl\/?p=23851' aria-hidden='false' data-av_icon='\ue805' data-av_iconfont='entypo-fontello' title='' data-avia-related-tooltip='Compartir por correo'><span class='avia_hidden_link_text'>Compartir por correo<\/span><\/a><\/li><\/ul><\/div><\/div>\n<div  style='height:50px' class='hr hr-invisible   avia-builder-el-8  el_after_av_social_share  el_before_av_comments_list '><span class='hr-inner ' ><span class='hr-inner-style'><\/span><\/span><\/div>\n<div  class='av-buildercomment  av-blog-meta-html-info-disabled av-blog-meta-tag-disabled  '><\/div>\n","protected":false},"excerpt":{"rendered":"","protected":false},"author":1,"featured_media":23852,"comment_status":"open","ping_status":"open","sticky":false,"template":"","format":"standard","meta":{"footnotes":""},"categories":[40],"tags":[],"class_list":["post-23851","post","type-post","status-publish","format-standard","has-post-thumbnail","hentry","category-deportes"],"jetpack_featured_media_url":"https:\/\/radiorevelacionfm.cl\/wp-content\/uploads\/2022\/11\/10-4-1-1.jpeg","_links":{"self":[{"href":"https:\/\/radiorevelacionfm.cl\/index.php?rest_route=\/wp\/v2\/posts\/23851","targetHints":{"allow":["GET"]}}],"collection":[{"href":"https:\/\/radiorevelacionfm.cl\/index.php?rest_route=\/wp\/v2\/posts"}],"about":[{"href":"https:\/\/radiorevelacionfm.cl\/index.php?rest_route=\/wp\/v2\/types\/post"}],"author":[{"embeddable":true,"href":"https:\/\/radiorevelacionfm.cl\/index.php?rest_route=\/wp\/v2\/users\/1"}],"replies":[{"embeddable":true,"href":"https:\/\/radiorevelacionfm.cl\/index.php?rest_route=%2Fwp%2Fv2%2Fcomments&post=23851"}],"version-history":[{"count":2,"href":"https:\/\/radiorevelacionfm.cl\/index.php?rest_route=\/wp\/v2\/posts\/23851\/revisions"}],"predecessor-version":[{"id":23854,"href":"https:\/\/radiorevelacionfm.cl\/index.php?rest_route=\/wp\/v2\/posts\/23851\/revisions\/23854"}],"wp:featuredmedia":[{"embeddable":true,"href":"https:\/\/radiorevelacionfm.cl\/index.php?rest_route=\/wp\/v2\/media\/23852"}],"wp:attachment":[{"href":"https:\/\/radiorevelacionfm.cl\/index.php?rest_route=%2Fwp%2Fv2%2Fmedia&parent=23851"}],"wp:term":[{"taxonomy":"category","embeddable":true,"href":"https:\/\/radiorevelacionfm.cl\/index.php?rest_route=%2Fwp%2Fv2%2Fcategories&post=23851"},{"taxonomy":"post_tag","embeddable":true,"href":"https:\/\/radiorevelacionfm.cl\/index.php?rest_route=%2Fwp%2Fv2%2Ftags&post=23851"}],"curies":[{"name":"wp","href":"https:\/\/api.w.org\/{rel}","templated":true}]}}