{"id":23844,"date":"2022-11-06T17:53:41","date_gmt":"2022-11-06T20:53:41","guid":{"rendered":"https:\/\/radiorevelacionfm.cl\/?p=23844"},"modified":"2022-11-06T17:53:41","modified_gmt":"2022-11-06T20:53:41","slug":"realizan-entrega-de-camiones-para-recoleccion-de-residuos-en-la-comuna-de-cisnes","status":"publish","type":"post","link":"https:\/\/radiorevelacionfm.cl\/?p=23844","title":{"rendered":"Realizan entrega de camiones para recolecci\u00f3n de residuos en la comuna de Cisnes"},"content":{"rendered":"<div class=\"flex_column av_one_full  flex_column_div av-zero-column-padding first  avia-builder-el-0  el_before_av_one_full  avia-builder-el-first  \" style='border-radius:0px; '><div  class='avia-image-container  av-styling-    avia-builder-el-1  avia-builder-el-no-sibling  avia-align-center '  itemprop=\"image\" itemscope=\"itemscope\" itemtype=\"https:\/\/schema.org\/ImageObject\"  ><div class='avia-image-container-inner'><div class='avia-image-overlay-wrap'><img decoding=\"async\" class='wp-image-23845 avia-img-lazy-loading-not-23845 avia_image' src=\"https:\/\/radiorevelacionfm.cl\/wp-content\/uploads\/2022\/11\/ceremonia-camiones-4-1_optimized-1.jpeg\" alt='' title='ceremonia-camiones-4-(1)_optimized (1)' height=\"600\" width=\"1067\"  itemprop=\"thumbnailUrl\" srcset=\"https:\/\/radiorevelacionfm.cl\/wp-content\/uploads\/2022\/11\/ceremonia-camiones-4-1_optimized-1.jpeg 1067w, https:\/\/radiorevelacionfm.cl\/wp-content\/uploads\/2022\/11\/ceremonia-camiones-4-1_optimized-1-300x169.jpeg 300w, https:\/\/radiorevelacionfm.cl\/wp-content\/uploads\/2022\/11\/ceremonia-camiones-4-1_optimized-1-1030x579.jpeg 1030w, https:\/\/radiorevelacionfm.cl\/wp-content\/uploads\/2022\/11\/ceremonia-camiones-4-1_optimized-1-768x432.jpeg 768w, https:\/\/radiorevelacionfm.cl\/wp-content\/uploads\/2022\/11\/ceremonia-camiones-4-1_optimized-1-705x396.jpeg 705w, https:\/\/radiorevelacionfm.cl\/wp-content\/uploads\/2022\/11\/ceremonia-camiones-4-1_optimized-1-600x337.jpeg 600w\" sizes=\"(max-width: 1067px) 100vw, 1067px\" \/><\/div><\/div><\/div><\/div><div class=\"flex_column av_one_full  flex_column_div av-zero-column-padding first  avia-builder-el-2  el_after_av_one_full  el_before_av_one_full  column-top-margin\" style='border-radius:0px; '><section class=\"av_textblock_section \"  itemscope=\"itemscope\" itemtype=\"https:\/\/schema.org\/BlogPosting\" itemprop=\"blogPost\" ><div class='avia_textblock  '   itemprop=\"text\" ><p style=\"text-align: center;\"><strong><span style=\"font-size: 18pt;\">Realizan entrega de camiones para recolecci\u00f3n de residuos en la comuna de Cisnes<\/span><\/strong><\/p>\n<div id=\"gtx-trans\" style=\"position: absolute; left: -50px; top: 4.31534px;\">\n<div class=\"gtx-trans-icon\"><\/div>\n<\/div>\n<\/div><\/section><\/div><div class=\"flex_column av_one_full  flex_column_div av-zero-column-padding first  avia-builder-el-4  el_after_av_one_full  el_before_av_hr  column-top-margin\" style='border-radius:0px; '><section class=\"av_textblock_section \"  itemscope=\"itemscope\" itemtype=\"https:\/\/schema.org\/BlogPosting\" itemprop=\"blogPost\" ><div class='avia_textblock  '   itemprop=\"text\" ><p style=\"text-align: justify;\">Alrededor de 350 millones de pesos se han invertido en adquirir estas dos maquinarias, una efectuar\u00e1 el recorrido entre Puyuhuapi y La Junta, mientras que un segundo cami\u00f3n recolectar\u00e1 los residuos domiciliarios en Puerto Cisnes.<\/p>\n<p style=\"text-align: justify;\">Una agenda de diversas actividades realiz\u00f3 la Gobernadora Regional, Andrea Mac\u00edas Palma, en la comuna de Cisnes, es as\u00ed que, se concret\u00f3 la entrega de dos camiones recolectores de residuos domiciliarios, veh\u00edculos de alto tonelaje que lograron su financiamiento gracias a fondos del Gobierno Regional de Ays\u00e9n, que fueron aprobados por el pleno del CORE.<\/p>\n<p style=\"text-align: justify;\">\u201cEsto es parte de nuestro plan de gesti\u00f3n de residuos, que busca apoyar a cada uno de los Municipios, porque sabemos que hay un problema importante con la basura, en las distintas comunas de nuestra regi\u00f3n. Pero tambi\u00e9n entendemos que los Municipios necesitan de este apoyo para poder tener la maquinaria, el equipamiento, los camiones, necesarios para poder hacer gesti\u00f3n de residuos de una manera m\u00e1s \u00f3ptima. As\u00ed es que, como Gobierno Regional muy contentos, saludar en esta instancia de parte de cada uno de los Consejeros y Consejeras Regionales. Esta es una inversi\u00f3n de 350 millones de pesos aproximadamente, que viene a dar una soluci\u00f3n efectiva, a un problema que d\u00eda a d\u00eda viven las familias de la comuna\u201d, manifest\u00f3 la Gobernadora.<\/p>\n<p style=\"text-align: justify;\">El Alcalde de la comuna de Cisnes, Francisco Roncagliolo Lepio, agradeci\u00f3 el apoyo de la Gobernadora Regional y de todo el CORE, dando cuenta de que, la adquisici\u00f3n de los nuevos camiones, vienen a solucionar una importante necesidad en el territorio.<\/p>\n<p style=\"text-align: justify;\">\u201cComo comuna estamos realmente contentos que hoy podamos recibir estos dos camiones que van a ser muy \u00fatiles, para una necesidad que ten\u00edamos instalada en la comuna. Los camiones antiguos estaban con muchos problemas, eran bastante inseguros para la gente que trabaja con nosotros y obviamente eran inseguros en el servicio que prestaban a la comunidad. Este es un trabajo de varios a\u00f1os, la pandemia tambi\u00e9n nos jug\u00f3 en contra, no pudimos financiar los camiones en su minuto, porque los recursos estaban destinados precisamente a apoyar a la gente, en las situaciones m\u00e1s complejas que pasamos en la parte epidemiol\u00f3gica. Pero hoy d\u00eda, gracias al apoyo de la Gobernadora Regional y tambi\u00e9n del Consejo Regional en pleno, tenemos ya estos camiones instalados en la comuna\u201d.<\/p>\n<p style=\"text-align: justify;\">Uno de los choferes de los camiones recolectores de residuos domiciliarios, Ricardo Hern\u00e1ndez, puso en valor la llegada de los nuevos veh\u00edculos de carga, principalmente por temas de seguridad y un mejor servicio a la comunidad. \u201cYo encontr\u00e9 buena esta iniciativa, son camiones nuevos que nos facilitan un poco m\u00e1s el trabajo a los choferes, a la gente que trabaja con nosotros como recolectores. La seguridad tambi\u00e9n es buena, los camiones nuevos brindan mayor seguridad a quienes conducen y a quienes andan detr\u00e1s de los camiones\u201d.<\/p>\n<p style=\"text-align: justify;\">Son aproximadamente 350 millones de pesos los que se han invertido en adquirir estas dos maquinarias, una efectuar\u00e1 el recorrido entre Puyuhuapi y La Junta, mientras que un segundo cami\u00f3n recolectar\u00e1 los residuos domiciliarios en Puerto Cisnes.<\/p>\n<\/div><\/section><\/div><div  style='height:50px' class='hr hr-invisible   avia-builder-el-6  el_after_av_one_full  el_before_av_social_share '><span class='hr-inner ' ><span class='hr-inner-style'><\/span><\/span><\/div><\/p>\n<div  class='av-social-sharing-box  avia-builder-el-7  el_after_av_hr  el_before_av_hr  '><div class='av-share-box'><h5 class='av-share-link-description av-no-toc '>Compartir esta noticia<\/h5><ul class='av-share-box-list noLightbox'><li class='av-share-link av-social-link-facebook' ><a target=\"_blank\" aria-label=\"Compartir en Facebook\" href='https:\/\/www.facebook.com\/sharer.php?u=https:\/\/radiorevelacionfm.cl\/?p=23844&#038;t=Realizan%20entrega%20de%20camiones%20para%20recolecci%C3%B3n%20de%20residuos%20en%20la%20comuna%20de%20Cisnes' aria-hidden='false' data-av_icon='\ue8f3' data-av_iconfont='entypo-fontello' title='' data-avia-related-tooltip='Compartir en Facebook' rel=\"noopener\"><span class='avia_hidden_link_text'>Compartir en Facebook<\/span><\/a><\/li><li class='av-share-link av-social-link-twitter' ><a target=\"_blank\" aria-label=\"Compartir en Twitter\" href='https:\/\/twitter.com\/share?text=Realizan%20entrega%20de%20camiones%20para%20recolecci%C3%B3n%20de%20residuos%20en%20la%20comuna%20de%20Cisnes&#038;url=https:\/\/radiorevelacionfm.cl\/?p=23844' aria-hidden='false' data-av_icon='\ue8f1' data-av_iconfont='entypo-fontello' title='' data-avia-related-tooltip='Compartir en Twitter' rel=\"noopener\"><span class='avia_hidden_link_text'>Compartir en Twitter<\/span><\/a><\/li><li class='av-share-link av-social-link-whatsapp' ><a target=\"_blank\" aria-label=\"Compartir en Whatsapp\" href='https:\/\/api.whatsapp.com\/send?text=https:\/\/radiorevelacionfm.cl\/?p=23844' aria-hidden='false' data-av_icon='\uf232' data-av_iconfont='entypo-fontello' title='' data-avia-related-tooltip='Compartir en Whatsapp' rel=\"noopener\"><span class='avia_hidden_link_text'>Compartir en Whatsapp<\/span><\/a><\/li><li class='av-share-link av-social-link-linkedin' ><a target=\"_blank\" aria-label=\"Compartir en LinkedIn\" href='https:\/\/linkedin.com\/shareArticle?mini=true&#038;title=Realizan%20entrega%20de%20camiones%20para%20recolecci%C3%B3n%20de%20residuos%20en%20la%20comuna%20de%20Cisnes&#038;url=https:\/\/radiorevelacionfm.cl\/?p=23844' aria-hidden='false' data-av_icon='\ue8fc' data-av_iconfont='entypo-fontello' title='' data-avia-related-tooltip='Compartir en LinkedIn' rel=\"noopener\"><span class='avia_hidden_link_text'>Compartir en LinkedIn<\/span><\/a><\/li><li class='av-share-link av-social-link-mail' ><a  aria-label=\"Compartir por correo\" href='mailto:?subject=Realizan%20entrega%20de%20camiones%20para%20recolecci%C3%B3n%20de%20residuos%20en%20la%20comuna%20de%20Cisnes&#038;body=https:\/\/radiorevelacionfm.cl\/?p=23844' aria-hidden='false' data-av_icon='\ue805' data-av_iconfont='entypo-fontello' title='' data-avia-related-tooltip='Compartir por correo'><span class='avia_hidden_link_text'>Compartir por correo<\/span><\/a><\/li><\/ul><\/div><\/div>\n<div  style='height:50px' class='hr hr-invisible   avia-builder-el-8  el_after_av_social_share  el_before_av_comments_list '><span class='hr-inner ' ><span class='hr-inner-style'><\/span><\/span><\/div>\n<div  class='av-buildercomment  av-blog-meta-html-info-disabled av-blog-meta-tag-disabled  '><\/div>\n","protected":false},"excerpt":{"rendered":"","protected":false},"author":1,"featured_media":23845,"comment_status":"open","ping_status":"open","sticky":false,"template":"","format":"standard","meta":{"footnotes":""},"categories":[38],"tags":[],"class_list":["post-23844","post","type-post","status-publish","format-standard","has-post-thumbnail","hentry","category-regional"],"jetpack_featured_media_url":"https:\/\/radiorevelacionfm.cl\/wp-content\/uploads\/2022\/11\/ceremonia-camiones-4-1_optimized-1.jpeg","_links":{"self":[{"href":"https:\/\/radiorevelacionfm.cl\/index.php?rest_route=\/wp\/v2\/posts\/23844","targetHints":{"allow":["GET"]}}],"collection":[{"href":"https:\/\/radiorevelacionfm.cl\/index.php?rest_route=\/wp\/v2\/posts"}],"about":[{"href":"https:\/\/radiorevelacionfm.cl\/index.php?rest_route=\/wp\/v2\/types\/post"}],"author":[{"embeddable":true,"href":"https:\/\/radiorevelacionfm.cl\/index.php?rest_route=\/wp\/v2\/users\/1"}],"replies":[{"embeddable":true,"href":"https:\/\/radiorevelacionfm.cl\/index.php?rest_route=%2Fwp%2Fv2%2Fcomments&post=23844"}],"version-history":[{"count":2,"href":"https:\/\/radiorevelacionfm.cl\/index.php?rest_route=\/wp\/v2\/posts\/23844\/revisions"}],"predecessor-version":[{"id":23848,"href":"https:\/\/radiorevelacionfm.cl\/index.php?rest_route=\/wp\/v2\/posts\/23844\/revisions\/23848"}],"wp:featuredmedia":[{"embeddable":true,"href":"https:\/\/radiorevelacionfm.cl\/index.php?rest_route=\/wp\/v2\/media\/23845"}],"wp:attachment":[{"href":"https:\/\/radiorevelacionfm.cl\/index.php?rest_route=%2Fwp%2Fv2%2Fmedia&parent=23844"}],"wp:term":[{"taxonomy":"category","embeddable":true,"href":"https:\/\/radiorevelacionfm.cl\/index.php?rest_route=%2Fwp%2Fv2%2Fcategories&post=23844"},{"taxonomy":"post_tag","embeddable":true,"href":"https:\/\/radiorevelacionfm.cl\/index.php?rest_route=%2Fwp%2Fv2%2Ftags&post=23844"}],"curies":[{"name":"wp","href":"https:\/\/api.w.org\/{rel}","templated":true}]}}