{"id":23834,"date":"2022-11-06T15:41:29","date_gmt":"2022-11-06T18:41:29","guid":{"rendered":"https:\/\/radiorevelacionfm.cl\/?p=23834"},"modified":"2022-11-06T15:41:29","modified_gmt":"2022-11-06T18:41:29","slug":"puerto-gaviota-contara-con-atencion-permanente-de-tens-en-estacion-medica-rural","status":"publish","type":"post","link":"https:\/\/radiorevelacionfm.cl\/?p=23834","title":{"rendered":"Puerto Gaviota contar\u00e1 con atenci\u00f3n permanente de TENS en Estaci\u00f3n M\u00e9dica Rural"},"content":{"rendered":"<div class=\"flex_column av_one_full  flex_column_div av-zero-column-padding first  avia-builder-el-0  el_before_av_one_full  avia-builder-el-first  \" style='border-radius:0px; '><div  class='avia-image-container  av-styling-    avia-builder-el-1  avia-builder-el-no-sibling  avia-align-center '  itemprop=\"image\" itemscope=\"itemscope\" itemtype=\"https:\/\/schema.org\/ImageObject\"  ><div class='avia-image-container-inner'><div class='avia-image-overlay-wrap'><img decoding=\"async\" class='wp-image-23835 avia-img-lazy-loading-not-23835 avia_image' src=\"https:\/\/radiorevelacionfm.cl\/wp-content\/uploads\/2022\/11\/gaviota-5-1_optimized.jpg\" alt='' title='gaviota-5-(1)_optimized' height=\"600\" width=\"800\"  itemprop=\"thumbnailUrl\" srcset=\"https:\/\/radiorevelacionfm.cl\/wp-content\/uploads\/2022\/11\/gaviota-5-1_optimized.jpg 800w, https:\/\/radiorevelacionfm.cl\/wp-content\/uploads\/2022\/11\/gaviota-5-1_optimized-300x225.jpg 300w, https:\/\/radiorevelacionfm.cl\/wp-content\/uploads\/2022\/11\/gaviota-5-1_optimized-768x576.jpg 768w, https:\/\/radiorevelacionfm.cl\/wp-content\/uploads\/2022\/11\/gaviota-5-1_optimized-705x529.jpg 705w, https:\/\/radiorevelacionfm.cl\/wp-content\/uploads\/2022\/11\/gaviota-5-1_optimized-600x450.jpg 600w\" sizes=\"(max-width: 800px) 100vw, 800px\" \/><\/div><\/div><\/div><\/div><div class=\"flex_column av_one_full  flex_column_div av-zero-column-padding first  avia-builder-el-2  el_after_av_one_full  el_before_av_one_full  column-top-margin\" style='border-radius:0px; '><section class=\"av_textblock_section \"  itemscope=\"itemscope\" itemtype=\"https:\/\/schema.org\/BlogPosting\" itemprop=\"blogPost\" ><div class='avia_textblock  '   itemprop=\"text\" ><p style=\"text-align: center;\"><span style=\"font-size: 18pt;\"><b>Puerto Gaviota contar\u00e1 con atenci\u00f3n permanente de TENS en Estaci\u00f3n M\u00e9dica Rural<\/b><\/span><\/p>\n<div id=\"gtx-trans\" style=\"position: absolute; left: -50px; top: 4.31534px;\">\n<div class=\"gtx-trans-icon\"><\/div>\n<\/div>\n<\/div><\/section><\/div><div class=\"flex_column av_one_full  flex_column_div av-zero-column-padding first  avia-builder-el-4  el_after_av_one_full  el_before_av_hr  column-top-margin\" style='border-radius:0px; '><section class=\"av_textblock_section \"  itemscope=\"itemscope\" itemtype=\"https:\/\/schema.org\/BlogPosting\" itemprop=\"blogPost\" ><div class='avia_textblock  '   itemprop=\"text\" ><p style=\"font-weight: 400; text-align: justify;\">Hasta Puerto Gaviota, peque\u00f1a localidad ubicada en la Isla Magdalena en el litoral norte aysenino, se trasladaron el Delegado Presidencial Provincial de Ays\u00e9n, Jorge Salfate Aguayo; el Director (s) del Servicio de Salud Ays\u00e9n, Mauricio Cort\u00e9s Molina; y equipos de Atenci\u00f3n Primaria y el Hospital Jorge Ibar de Puerto Cisnes.<\/p>\n<p style=\"font-weight: 400; text-align: justify;\">El objetivo del viaje fue presentar a las vecinas y vecinos, la modalidad que permitir\u00e1 retomar el funcionamiento de la Estaci\u00f3n M\u00e9dica Rural. Una sentida demanda planteada por las cerca de 100 personas que habitan en el lugar.<\/p>\n<p style=\"font-weight: 400; text-align: justify;\">\u201cEstoy super contenta, porque ellos llevan poco tiempo y con hechos est\u00e1n demostrando que quieren trabajar con la comunidad. Como dec\u00edan los vecinos estas son demandas de muchos a\u00f1os, pero por lo visto ellos est\u00e1n con todas las ganas de trabajar\u201d indic\u00f3 Lorena C\u00e1rcamo C\u00e1rcamo, Presidenta de la JJVV de Puerto Gaviota.<\/p>\n<p style=\"font-weight: 400; text-align: justify;\">Junto a los equipos directivos viaj\u00f3 a la localidad la T\u00e9cnico en Enfermer\u00eda de Nivel Superior, Katherine Avenda\u00f1o Torres, cuyo padre desarroll\u00f3 labores de pesca durante muchos a\u00f1os en Puerto Gaviota.<\/p>\n<p style=\"font-weight: 400; text-align: justify;\">\u201cPara mi es un orgullo porque me imagino a mis hermanos cuando peque\u00f1os y a mi mam\u00e1. Poder ayudar a la comunidad me llena mucho el coraz\u00f3n, de a poquito vamos a ir mejorando el lugar, la idea es que la gente se sienta c\u00f3moda tanto con el ambiente como conmigo tambi\u00e9n\u201d se\u00f1al\u00f3 la TENS.<\/p>\n<p style=\"font-weight: 400; text-align: justify;\">Ser\u00e1n dos T\u00e9cnicos en Enfermer\u00eda de Nivel Superior las que realizar\u00e1n turnos de 7 d\u00edas en la localidad para brindar atenci\u00f3n continua a las y los habitantes de Gaviota.<\/p>\n<p style=\"font-weight: 400; text-align: justify;\">\u201cSe van a estar rotando semanalmente, una de ellas vendr\u00e1 en el barco y la otra regresar\u00e1 a seguir desempe\u00f1\u00e1ndose en el Hospital de Puerto Cisnes. Esto permite que se sigan capacitando y perfeccionando permanentemente para desarrollar una muy buena labor ac\u00e1\u201d agreg\u00f3 Patricia Huinca Mu\u00f1oz, Directora del Hospital Jorge Ibar de Puerto Cisnes.<\/p>\n<p style=\"font-weight: 400; text-align: justify;\">Las demandas en materia de Salud en Puerto Gaviota son tan antiguas como el mismo pueblo, reconocido como tal en el a\u00f1o 1999. Necesidades que fueron planteadas a las autoridades presentes en la conversaci\u00f3n con la comunidad.<\/p>\n<p style=\"font-weight: 400; text-align: justify;\">\u201cEscuchamos a la comunidad y sus demandas, fueron s\u00faper claros<em>, llevamos a\u00f1os y a\u00f1os esperando<\/em>, pero el compromiso nuestro es avanzar en soluciones de mediano plazo como reparar la Estaci\u00f3n M\u00e9dica Rural, nos comprometimos a regresar en un mes para informarles en qu\u00e9 plazos lo vamos a hacer y por qu\u00e9 v\u00eda\u201d dijo el Director(s) del Servicio de Salud Ays\u00e9n, Mauricio Cort\u00e9s Molina.<\/p>\n<p style=\"font-weight: 400; text-align: justify;\">Por su parte el Delegado Presidencia Provincial de Ays\u00e9n, Jorge Salfate Aguayo, reforz\u00f3 que \u201cel presidente, Gabriel Boric, nos ha solicitado que estemos dispuestos en terreno, revisando las necesidades m\u00e1s urgentes. Hoy estamos retomando la puesta en marcha de algo que se hab\u00eda perdido con el tiempo y que hoy con dos param\u00e9dicos estamos reiniciando la atenci\u00f3n de la Estaci\u00f3n M\u00e9dica Rural, lo que permitir\u00e1 entregar medicamentos y recibir atenci\u00f3n b\u00e1sica para sus necesidades de salud\u201d<\/p>\n<p style=\"text-align: justify;\"><span style=\"font-weight: 400;\">Desde el Servicio de Salud informaron a la comunidad que contin\u00faa avanzando el proyecto que dotar\u00e1 de una Posta a Puerto Gaviota, iniciativa que ya cuenta con la pertinencia t\u00e9cnica y est\u00e1 en busca de la aprobaci\u00f3n del financiamiento para comenzar con la etapa de dise\u00f1o y posterior construcci\u00f3n.<\/span><\/p>\n<\/div><\/section><\/div><div  style='height:50px' class='hr hr-invisible   avia-builder-el-6  el_after_av_one_full  el_before_av_social_share '><span class='hr-inner ' ><span class='hr-inner-style'><\/span><\/span><\/div><\/p>\n<div  class='av-social-sharing-box  avia-builder-el-7  el_after_av_hr  el_before_av_hr  '><div class='av-share-box'><h5 class='av-share-link-description av-no-toc '>Compartir esta noticia<\/h5><ul class='av-share-box-list noLightbox'><li class='av-share-link av-social-link-facebook' ><a target=\"_blank\" aria-label=\"Compartir en Facebook\" href='https:\/\/www.facebook.com\/sharer.php?u=https:\/\/radiorevelacionfm.cl\/?p=23834&#038;t=Puerto%20Gaviota%20contar%C3%A1%20con%20atenci%C3%B3n%20permanente%20de%20TENS%20en%20Estaci%C3%B3n%20M%C3%A9dica%20Rural' aria-hidden='false' data-av_icon='\ue8f3' data-av_iconfont='entypo-fontello' title='' data-avia-related-tooltip='Compartir en Facebook' rel=\"noopener\"><span class='avia_hidden_link_text'>Compartir en Facebook<\/span><\/a><\/li><li class='av-share-link av-social-link-twitter' ><a target=\"_blank\" aria-label=\"Compartir en Twitter\" href='https:\/\/twitter.com\/share?text=Puerto%20Gaviota%20contar%C3%A1%20con%20atenci%C3%B3n%20permanente%20de%20TENS%20en%20Estaci%C3%B3n%20M%C3%A9dica%20Rural&#038;url=https:\/\/radiorevelacionfm.cl\/?p=23834' aria-hidden='false' data-av_icon='\ue8f1' data-av_iconfont='entypo-fontello' title='' data-avia-related-tooltip='Compartir en Twitter' rel=\"noopener\"><span class='avia_hidden_link_text'>Compartir en Twitter<\/span><\/a><\/li><li class='av-share-link av-social-link-whatsapp' ><a target=\"_blank\" aria-label=\"Compartir en Whatsapp\" href='https:\/\/api.whatsapp.com\/send?text=https:\/\/radiorevelacionfm.cl\/?p=23834' aria-hidden='false' data-av_icon='\uf232' data-av_iconfont='entypo-fontello' title='' data-avia-related-tooltip='Compartir en Whatsapp' rel=\"noopener\"><span class='avia_hidden_link_text'>Compartir en Whatsapp<\/span><\/a><\/li><li class='av-share-link av-social-link-linkedin' ><a target=\"_blank\" aria-label=\"Compartir en LinkedIn\" href='https:\/\/linkedin.com\/shareArticle?mini=true&#038;title=Puerto%20Gaviota%20contar%C3%A1%20con%20atenci%C3%B3n%20permanente%20de%20TENS%20en%20Estaci%C3%B3n%20M%C3%A9dica%20Rural&#038;url=https:\/\/radiorevelacionfm.cl\/?p=23834' aria-hidden='false' data-av_icon='\ue8fc' data-av_iconfont='entypo-fontello' title='' data-avia-related-tooltip='Compartir en LinkedIn' rel=\"noopener\"><span class='avia_hidden_link_text'>Compartir en LinkedIn<\/span><\/a><\/li><li class='av-share-link av-social-link-mail' ><a  aria-label=\"Compartir por correo\" href='mailto:?subject=Puerto%20Gaviota%20contar%C3%A1%20con%20atenci%C3%B3n%20permanente%20de%20TENS%20en%20Estaci%C3%B3n%20M%C3%A9dica%20Rural&#038;body=https:\/\/radiorevelacionfm.cl\/?p=23834' aria-hidden='false' data-av_icon='\ue805' data-av_iconfont='entypo-fontello' title='' data-avia-related-tooltip='Compartir por correo'><span class='avia_hidden_link_text'>Compartir por correo<\/span><\/a><\/li><\/ul><\/div><\/div>\n<div  style='height:50px' class='hr hr-invisible   avia-builder-el-8  el_after_av_social_share  el_before_av_comments_list '><span class='hr-inner ' ><span class='hr-inner-style'><\/span><\/span><\/div>\n<div  class='av-buildercomment  av-blog-meta-html-info-disabled av-blog-meta-tag-disabled  '><\/div>\n","protected":false},"excerpt":{"rendered":"","protected":false},"author":1,"featured_media":23835,"comment_status":"open","ping_status":"open","sticky":false,"template":"","format":"standard","meta":{"footnotes":""},"categories":[46],"tags":[],"class_list":["post-23834","post","type-post","status-publish","format-standard","has-post-thumbnail","hentry","category-salud"],"jetpack_featured_media_url":"https:\/\/radiorevelacionfm.cl\/wp-content\/uploads\/2022\/11\/gaviota-5-1_optimized.jpg","_links":{"self":[{"href":"https:\/\/radiorevelacionfm.cl\/index.php?rest_route=\/wp\/v2\/posts\/23834","targetHints":{"allow":["GET"]}}],"collection":[{"href":"https:\/\/radiorevelacionfm.cl\/index.php?rest_route=\/wp\/v2\/posts"}],"about":[{"href":"https:\/\/radiorevelacionfm.cl\/index.php?rest_route=\/wp\/v2\/types\/post"}],"author":[{"embeddable":true,"href":"https:\/\/radiorevelacionfm.cl\/index.php?rest_route=\/wp\/v2\/users\/1"}],"replies":[{"embeddable":true,"href":"https:\/\/radiorevelacionfm.cl\/index.php?rest_route=%2Fwp%2Fv2%2Fcomments&post=23834"}],"version-history":[{"count":2,"href":"https:\/\/radiorevelacionfm.cl\/index.php?rest_route=\/wp\/v2\/posts\/23834\/revisions"}],"predecessor-version":[{"id":23837,"href":"https:\/\/radiorevelacionfm.cl\/index.php?rest_route=\/wp\/v2\/posts\/23834\/revisions\/23837"}],"wp:featuredmedia":[{"embeddable":true,"href":"https:\/\/radiorevelacionfm.cl\/index.php?rest_route=\/wp\/v2\/media\/23835"}],"wp:attachment":[{"href":"https:\/\/radiorevelacionfm.cl\/index.php?rest_route=%2Fwp%2Fv2%2Fmedia&parent=23834"}],"wp:term":[{"taxonomy":"category","embeddable":true,"href":"https:\/\/radiorevelacionfm.cl\/index.php?rest_route=%2Fwp%2Fv2%2Fcategories&post=23834"},{"taxonomy":"post_tag","embeddable":true,"href":"https:\/\/radiorevelacionfm.cl\/index.php?rest_route=%2Fwp%2Fv2%2Ftags&post=23834"}],"curies":[{"name":"wp","href":"https:\/\/api.w.org\/{rel}","templated":true}]}}