{"id":23831,"date":"2022-11-07T09:55:45","date_gmt":"2022-11-07T12:55:45","guid":{"rendered":"https:\/\/radiorevelacionfm.cl\/?p=23831"},"modified":"2022-11-07T09:55:45","modified_gmt":"2022-11-07T12:55:45","slug":"mineduc-presento-plan-intersectorial-demos-la-vuelta-a-la-manzana-para-disminuir-indices-de-obesidad-entre-las-y-los-estudiantes","status":"publish","type":"post","link":"https:\/\/radiorevelacionfm.cl\/?p=23831","title":{"rendered":"Mineduc present\u00f3 plan intersectorial \u00abDemos la vuelta a la Manzana\u00bb para disminuir \u00edndices de obesidad entre las y los estudiantes"},"content":{"rendered":"<div class=\"flex_column av_one_full  flex_column_div av-zero-column-padding first  avia-builder-el-0  el_before_av_one_full  avia-builder-el-first  \" style='border-radius:0px; '><div  class='avia-image-container  av-styling-    avia-builder-el-1  avia-builder-el-no-sibling  avia-align-center '  itemprop=\"image\" itemscope=\"itemscope\" itemtype=\"https:\/\/schema.org\/ImageObject\"  ><div class='avia-image-container-inner'><div class='avia-image-overlay-wrap'><img decoding=\"async\" class='wp-image-23832 avia-img-lazy-loading-not-23832 avia_image' src=\"https:\/\/radiorevelacionfm.cl\/wp-content\/uploads\/2022\/11\/demos-vuelta-a-la-manzana-1_optimized.jpg\" alt='' title='demos-vuelta-a-la-manzana-1_optimized' height=\"612\" width=\"979\"  itemprop=\"thumbnailUrl\" srcset=\"https:\/\/radiorevelacionfm.cl\/wp-content\/uploads\/2022\/11\/demos-vuelta-a-la-manzana-1_optimized.jpg 979w, https:\/\/radiorevelacionfm.cl\/wp-content\/uploads\/2022\/11\/demos-vuelta-a-la-manzana-1_optimized-300x188.jpg 300w, https:\/\/radiorevelacionfm.cl\/wp-content\/uploads\/2022\/11\/demos-vuelta-a-la-manzana-1_optimized-768x480.jpg 768w, https:\/\/radiorevelacionfm.cl\/wp-content\/uploads\/2022\/11\/demos-vuelta-a-la-manzana-1_optimized-705x441.jpg 705w, https:\/\/radiorevelacionfm.cl\/wp-content\/uploads\/2022\/11\/demos-vuelta-a-la-manzana-1_optimized-600x375.jpg 600w\" sizes=\"(max-width: 979px) 100vw, 979px\" \/><\/div><\/div><\/div><\/div><div class=\"flex_column av_one_full  flex_column_div av-zero-column-padding first  avia-builder-el-2  el_after_av_one_full  el_before_av_one_full  column-top-margin\" style='border-radius:0px; '><section class=\"av_textblock_section \"  itemscope=\"itemscope\" itemtype=\"https:\/\/schema.org\/BlogPosting\" itemprop=\"blogPost\" ><div class='avia_textblock  '   itemprop=\"text\" ><p style=\"text-align: center;\"><strong><span style=\"font-size: 18pt;\">Mineduc present\u00f3 plan intersectorial \u00abDemos la vuelta a la Manzana\u00bb para disminuir \u00edndices de obesidad entre las y los estudiantes<\/span><\/strong><\/p>\n<div id=\"gtx-trans\" style=\"position: absolute; left: -50px; top: 4.31534px;\">\n<div class=\"gtx-trans-icon\"><\/div>\n<\/div>\n<\/div><\/section><\/div><div class=\"flex_column av_one_full  flex_column_div av-zero-column-padding first  avia-builder-el-4  el_after_av_one_full  el_before_av_hr  column-top-margin\" style='border-radius:0px; '><section class=\"av_textblock_section \"  itemscope=\"itemscope\" itemtype=\"https:\/\/schema.org\/BlogPosting\" itemprop=\"blogPost\" ><div class='avia_textblock  '   itemprop=\"text\" ><p class=\"v1MsoNormal\" style=\"text-align: justify;\">En la Escuela Pedro Quintana Mansilla la Seremi de Educaci\u00f3n Isabel Garrido junto a la Seremi de Desarrollo Social y Familia Karina Acevedo, la Seremi de Deportes Mar\u00eda Eugenia Dur\u00e1n y el Director Regional de JUNAEB Cristian Magne presentaron el Plan \u00abDemos la Vuelta a la Manzana\u00bb, iniciativa intersectorial que busca revertir los altos \u00edndices de obesidad escolar que dej\u00f3 en evidencia el m\u00e1s reciente mapa nutricional realizado por JUNAEB en el pa\u00eds.<\/p>\n<p class=\"v1MsoNormal\" style=\"text-align: justify;\">De acuerdo al Mapa Nutricional publicado el a\u00f1o 2021 por JUNAEB, para el periodo 2009-2021 en la Regi\u00f3n de Ays\u00e9n el indicador m\u00e1s perjudicado ha sido el de obesidad total (11,3 puntos), lo que vuelve a reforzar la idea de que hay una importante disminuci\u00f3n de la salud nutricional de los estudiantes. Este deterioro ha ocurrido especialmente por el intercambio del peso normal (-11,1 puntos) por el aumento de la obesidad total. Ays\u00e9n es la segunda regi\u00f3n con menor aumento de retraso en talla y la regi\u00f3n con menor aumento de obesidad total y menor disminuci\u00f3n de peso normal para el periodo.<\/p>\n<p class=\"v1MsoNormal\" style=\"text-align: justify;\">Tras participar y compartir con las alumnas y alumnos del taller de voleibol del programa Crecer en Movimiento del Instituto Nacional del Deporte, las autoridades destacaron la iniciativa intersectorial \u00abDemos Vuelta a la Manzana\u00bb que contar\u00e1 con herramientas de dos tipos de herramientas: 3 herramientas de diagn\u00f3stico y 12 herramientas de intervenci\u00f3n.<\/p>\n<p class=\"v1MsoNormal\" style=\"text-align: justify;\">La Seremi de Educaci\u00f3n Isabel Garrido se\u00f1al\u00f3 que \u00abJunaeb ha entregado datos muy preocupantes; en los \u00faltimos 10 a\u00f1os ha aumentado de manera sostenida la obesidad de la poblaci\u00f3n infantil y adem\u00e1s en el \u00faltimo periodo producto de la pandemia se agudiz\u00f3 este problema. En nuestra regi\u00f3n lamentablemente uno de cada tres ni\u00f1os tiene un peso superior al que es normal y saludable;\u00a0 esta situaci\u00f3n la tomamos muy en serio al ser un tema de salud p\u00fablica y por ello nos estamos coordinando intersectorialmente\u00a0 desde Educaci\u00f3n, sumando a Desarrollo Social y Familia, Deportes y Salud para conformar una mesa para trabajar el Plan Demos Vuelta a la Manzana\u00a0 para articular los programas ya existentes y sumar otras iniciativas con el prop\u00f3sito de revertir esta situaci\u00f3n\u00bb.<\/p>\n<p class=\"v1MsoNormal\" style=\"text-align: justify;\">Por su parte, la Seremi de Desarrollo Social y Familia Karina Acevedo inform\u00f3 que \u00abEn el contexto de este plan levantamos a trav\u00e9s del programa Elige Vivir Sano un concurso para financiar iniciativas que beneficien a las ni\u00f1as, ni\u00f1os y adolescentes en dos l\u00edneas de acci\u00f3n, prevenir el autoconsumo y fortalecer el deporte, y en este concurso pueden participar organizaciones sociales sin fines de lucro y hay asignado un monto de 10 millones de pesos para financiar las iniciativas en las \u00e1reas mencionadas. Este es un aporte desde nuestro ministerio a la Mesa \u00abDemos la Vuelta a la Manzana\u00bb.<\/p>\n<p class=\"v1MsoNormal\" style=\"text-align: justify;\">En tanto, la Seremi del Deporte Mar\u00eda Eugenia Dur\u00e1n destac\u00f3 los beneficios que tiene la actividad f\u00edsica para la salud integral de los ni\u00f1os ni\u00f1as y adolescentes. \u00abHoy estamos visitando este taller de voleibol del programa Crecer en Movimiento para dar a conocer este plan intersectorial \u00abDemos la Vuelta a la Manzana\u00bb que busca articularnos como ministerios para abordar las preocupantes cifras de sobrepeso y obesidad en la poblaci\u00f3n escolar. Este taller tiene como usuarios a ni\u00f1os y ni\u00f1as de quinto a octavo a\u00f1o b\u00e1sico quienes son acompa\u00f1ados durante el a\u00f1o por un equipo profesional interdisciplinario que integra una psic\u00f3loga deportiva, una nutricionista. La idea es que ellas y ellos puedan entender el deporte no solo como la actividad f\u00edsica sino que la vean como una educaci\u00f3n hol\u00edstica que incluye la parte f\u00edsica corporal y tambi\u00e9n la salud mental y biol\u00f3gica. Queremos fomentar en ellas y ellos buenos h\u00e1bitos de alimentaci\u00f3n, hidrataci\u00f3n, de descanso y sue\u00f1o adecuados; y por supuesto contribuir as\u00ed al bienestar emocional de nuestras ni\u00f1as, ni\u00f1os y adolescentes\u00bb.<\/p>\n<p class=\"v1MsoNormal\" style=\"text-align: justify;\">El Director Regional de JUNAEB Cristian Magne se\u00f1al\u00f3 que \u00abEn la Regi\u00f3n de Ays\u00e9n hemos implementado como instituci\u00f3n un programa piloto de Tratamiento Obesidad, Junaeb, el que busca dar acceso a tratamiento m\u00e9dico a estudiantes con malnutrici\u00f3n por exceso matriculados en establecimientos financiados por el Estado. El Programa tiene un Modelo de Intervenci\u00f3n con diversas etapas que se despliegan en la siguiente secuencia:\u202fTamizaje, Ex\u00e1menes de laboratorio iniciales, Atenci\u00f3n M\u00e9dica,\u202fControles nutricionales y Ex\u00e1menes de\u202flaboratorio de control. Estas prestaciones no tienen costo para las familias que son parte de este piloto. A trav\u00e9s de esta pol\u00edtica p\u00fablica impulsada por el Gobierno del Presidente Gabriel Boric y otros programas de JUNAEB que considera el Plan Demos la Vuelta a la Manzana esperamos enfrentar los altos \u00edndices de sobre peso y obesidad en nuestros escolares\u00bb.<\/p>\n<p class=\"v1MsoNormal\" style=\"text-align: justify;\"><b>Plan Demos la Vuelta a la Manzana<\/b><\/p>\n<p class=\"v1MsoNormal\" style=\"text-align: justify;\"><b>\u00a0Herramientas de diagn\u00f3stico:<\/b><\/p>\n<ol style=\"text-align: justify;\" start=\"1\" type=\"1\">\n<li class=\"v1MsoNormal\">Mapa Nutricional de Junaeb: Herramienta que muestra anualmente el estado nutricional en el que se encuentran los Ni\u00f1as Ni\u00f1os y Adolescentes.<\/li>\n<li class=\"v1MsoNormal\">Observatorio Elige Vivir Sano del Ministerio de Desarrollo Social y Familia: su objetivo es apoyar el seguimiento y monitoreo de los h\u00e1bitos y estilos de vida no saludables y de los factores o conductas de riesgo asociados a enfermedades cr\u00f3nicas no transmisibles de la poblaci\u00f3n, y de las pol\u00edticas, planes y programas del sistema.<\/li>\n<li class=\"v1MsoNormal\">Encuesta Nacional de Salud de adulto e infantil y control de ni\u00f1o sano \u2013 Vigilancia nutricional, del Ministerio de Salud: tienen como objetivo detectar cambios agudos de las enfermedades; investigar y controlar las enfermedades; observar los cambios en los patrones, y planificar los programas de salud.<\/li>\n<\/ol>\n<p class=\"v1MsoNormal\" style=\"text-align: justify;\"><b>Herramientas de intervenci\u00f3n:<\/b><\/p>\n<ol start=\"1\" type=\"1\">\n<li class=\"v1MsoNormal\" style=\"text-align: justify;\">Plan de prevenci\u00f3n y manejo de obesidad infantil, Minsal<\/li>\n<li class=\"v1MsoNormal\" style=\"text-align: justify;\">Programa de Alimentaci\u00f3n Escolar (PAE), Junaeb<\/li>\n<li class=\"v1MsoNormal\" style=\"text-align: justify;\">Habilidades para la vida, Junaeb<b><\/b><\/li>\n<li class=\"v1MsoNormal\" style=\"text-align: justify;\">Programa de Salud Oral, Junaeb<b><\/b><\/li>\n<li class=\"v1MsoNormal\" style=\"text-align: justify;\">Programa de Servicios M\u00e9dicos, Junaeb<b><\/b><\/li>\n<li class=\"v1MsoNormal\" style=\"text-align: justify;\">Programa Piloto Tratamiento Obesidad, Junaeb<b><\/b><\/li>\n<li class=\"v1MsoNormal\" style=\"text-align: justify;\">Actividad f\u00edsica escolar, Mineduc<\/li>\n<li class=\"v1MsoNormal\" style=\"text-align: justify;\">Crecer en Movimiento, Mindep<b><\/b><\/li>\n<li class=\"v1MsoNormal\" style=\"text-align: justify;\">Encuesta Nacional de H\u00e1bitos de Actividad F\u00edsica y Deportes para poblaci\u00f3n de 5 a 17 a\u00f1os (2019)<\/li>\n<li class=\"v1MsoNormal\" style=\"text-align: justify;\">Entornos saludables para vivir mejor del Sistema Elige Vivir Sano, MDSyF<b><\/b><\/li>\n<li class=\"v1MsoNormal\" style=\"text-align: justify;\">Microbancos de Alimentos del Sistema Elige Vivir Sano, MDSyF<b>\u00a0<\/b>a lo largo de las 16 regiones del pa\u00eds<\/li>\n<li class=\"v1MsoNormal\" style=\"text-align: justify;\">Hablemos de todo del INJUV<\/li>\n<li class=\"v1MsoNormal\" style=\"text-align: justify;\">Conciliaci\u00f3n trabajo, familia y vida personal<\/li>\n<\/ol>\n<\/div><\/section><\/div><div  style='height:50px' class='hr hr-invisible   avia-builder-el-6  el_after_av_one_full  el_before_av_social_share '><span class='hr-inner ' ><span class='hr-inner-style'><\/span><\/span><\/div><\/p>\n<div  class='av-social-sharing-box  avia-builder-el-7  el_after_av_hr  el_before_av_hr  '><div class='av-share-box'><h5 class='av-share-link-description av-no-toc '>Compartir esta noticia<\/h5><ul class='av-share-box-list noLightbox'><li class='av-share-link av-social-link-facebook' ><a target=\"_blank\" aria-label=\"Compartir en Facebook\" href='https:\/\/www.facebook.com\/sharer.php?u=https:\/\/radiorevelacionfm.cl\/?p=23831&#038;t=Mineduc%20present%C3%B3%20plan%20intersectorial%20%C2%ABDemos%20la%20vuelta%20a%20la%20Manzana%C2%BB%20para%20disminuir%20%C3%ADndices%20de%20obesidad%20entre%20las%20y%20los%20estudiantes' aria-hidden='false' data-av_icon='\ue8f3' data-av_iconfont='entypo-fontello' title='' data-avia-related-tooltip='Compartir en Facebook' rel=\"noopener\"><span class='avia_hidden_link_text'>Compartir en Facebook<\/span><\/a><\/li><li class='av-share-link av-social-link-twitter' ><a target=\"_blank\" aria-label=\"Compartir en Twitter\" href='https:\/\/twitter.com\/share?text=Mineduc%20present%C3%B3%20plan%20intersectorial%20%C2%ABDemos%20la%20vuelta%20a%20la%20Manzana%C2%BB%20para%20disminuir%20%C3%ADndices%20de%20obesidad%20entre%20las%20y%20los%20estudiantes&#038;url=https:\/\/radiorevelacionfm.cl\/?p=23831' aria-hidden='false' data-av_icon='\ue8f1' data-av_iconfont='entypo-fontello' title='' data-avia-related-tooltip='Compartir en Twitter' rel=\"noopener\"><span class='avia_hidden_link_text'>Compartir en Twitter<\/span><\/a><\/li><li class='av-share-link av-social-link-whatsapp' ><a target=\"_blank\" aria-label=\"Compartir en Whatsapp\" href='https:\/\/api.whatsapp.com\/send?text=https:\/\/radiorevelacionfm.cl\/?p=23831' aria-hidden='false' data-av_icon='\uf232' data-av_iconfont='entypo-fontello' title='' data-avia-related-tooltip='Compartir en Whatsapp' rel=\"noopener\"><span class='avia_hidden_link_text'>Compartir en Whatsapp<\/span><\/a><\/li><li class='av-share-link av-social-link-linkedin' ><a target=\"_blank\" aria-label=\"Compartir en LinkedIn\" href='https:\/\/linkedin.com\/shareArticle?mini=true&#038;title=Mineduc%20present%C3%B3%20plan%20intersectorial%20%C2%ABDemos%20la%20vuelta%20a%20la%20Manzana%C2%BB%20para%20disminuir%20%C3%ADndices%20de%20obesidad%20entre%20las%20y%20los%20estudiantes&#038;url=https:\/\/radiorevelacionfm.cl\/?p=23831' aria-hidden='false' data-av_icon='\ue8fc' data-av_iconfont='entypo-fontello' title='' data-avia-related-tooltip='Compartir en LinkedIn' rel=\"noopener\"><span class='avia_hidden_link_text'>Compartir en LinkedIn<\/span><\/a><\/li><li class='av-share-link av-social-link-mail' ><a  aria-label=\"Compartir por correo\" href='mailto:?subject=Mineduc%20present%C3%B3%20plan%20intersectorial%20%C2%ABDemos%20la%20vuelta%20a%20la%20Manzana%C2%BB%20para%20disminuir%20%C3%ADndices%20de%20obesidad%20entre%20las%20y%20los%20estudiantes&#038;body=https:\/\/radiorevelacionfm.cl\/?p=23831' aria-hidden='false' data-av_icon='\ue805' data-av_iconfont='entypo-fontello' title='' data-avia-related-tooltip='Compartir por correo'><span class='avia_hidden_link_text'>Compartir por correo<\/span><\/a><\/li><\/ul><\/div><\/div>\n<div  style='height:50px' class='hr hr-invisible   avia-builder-el-8  el_after_av_social_share  el_before_av_comments_list '><span class='hr-inner ' ><span class='hr-inner-style'><\/span><\/span><\/div>\n<div  class='av-buildercomment  av-blog-meta-html-info-disabled av-blog-meta-tag-disabled  '><\/div>\n","protected":false},"excerpt":{"rendered":"","protected":false},"author":1,"featured_media":23832,"comment_status":"open","ping_status":"open","sticky":false,"template":"","format":"standard","meta":{"footnotes":""},"categories":[49],"tags":[],"class_list":["post-23831","post","type-post","status-publish","format-standard","has-post-thumbnail","hentry","category-educacion"],"jetpack_featured_media_url":"https:\/\/radiorevelacionfm.cl\/wp-content\/uploads\/2022\/11\/demos-vuelta-a-la-manzana-1_optimized.jpg","_links":{"self":[{"href":"https:\/\/radiorevelacionfm.cl\/index.php?rest_route=\/wp\/v2\/posts\/23831","targetHints":{"allow":["GET"]}}],"collection":[{"href":"https:\/\/radiorevelacionfm.cl\/index.php?rest_route=\/wp\/v2\/posts"}],"about":[{"href":"https:\/\/radiorevelacionfm.cl\/index.php?rest_route=\/wp\/v2\/types\/post"}],"author":[{"embeddable":true,"href":"https:\/\/radiorevelacionfm.cl\/index.php?rest_route=\/wp\/v2\/users\/1"}],"replies":[{"embeddable":true,"href":"https:\/\/radiorevelacionfm.cl\/index.php?rest_route=%2Fwp%2Fv2%2Fcomments&post=23831"}],"version-history":[{"count":2,"href":"https:\/\/radiorevelacionfm.cl\/index.php?rest_route=\/wp\/v2\/posts\/23831\/revisions"}],"predecessor-version":[{"id":23865,"href":"https:\/\/radiorevelacionfm.cl\/index.php?rest_route=\/wp\/v2\/posts\/23831\/revisions\/23865"}],"wp:featuredmedia":[{"embeddable":true,"href":"https:\/\/radiorevelacionfm.cl\/index.php?rest_route=\/wp\/v2\/media\/23832"}],"wp:attachment":[{"href":"https:\/\/radiorevelacionfm.cl\/index.php?rest_route=%2Fwp%2Fv2%2Fmedia&parent=23831"}],"wp:term":[{"taxonomy":"category","embeddable":true,"href":"https:\/\/radiorevelacionfm.cl\/index.php?rest_route=%2Fwp%2Fv2%2Fcategories&post=23831"},{"taxonomy":"post_tag","embeddable":true,"href":"https:\/\/radiorevelacionfm.cl\/index.php?rest_route=%2Fwp%2Fv2%2Ftags&post=23831"}],"curies":[{"name":"wp","href":"https:\/\/api.w.org\/{rel}","templated":true}]}}