{"id":23828,"date":"2022-11-06T22:22:28","date_gmt":"2022-11-07T01:22:28","guid":{"rendered":"https:\/\/radiorevelacionfm.cl\/?p=23828"},"modified":"2022-11-06T22:22:28","modified_gmt":"2022-11-07T01:22:28","slug":"doctor-maccioni-dicto-charla-magistral-sobre-el-alzheimer-en-coyhaique-y-fue-declarado-hijo-ilustre-en-aysen","status":"publish","type":"post","link":"https:\/\/radiorevelacionfm.cl\/?p=23828","title":{"rendered":"Doctor Maccioni dict\u00f3 charla magistral sobre el Alzheimer en Coyhaique y fue declarado Hijo Ilustre en Ays\u00e9n"},"content":{"rendered":"<div class=\"flex_column av_one_full  flex_column_div av-zero-column-padding first  avia-builder-el-0  el_before_av_one_full  avia-builder-el-first  \" style='border-radius:0px; '><div  class='avia-image-container  av-styling-    avia-builder-el-1  avia-builder-el-no-sibling  avia-align-center '  itemprop=\"image\" itemscope=\"itemscope\" itemtype=\"https:\/\/schema.org\/ImageObject\"  ><div class='avia-image-container-inner'><div class='avia-image-overlay-wrap'><img decoding=\"async\" class='wp-image-23855 avia-img-lazy-loading-not-23855 avia_image' src=\"https:\/\/radiorevelacionfm.cl\/wp-content\/uploads\/2022\/11\/homenaje-en-puerto-aysen-1-1-1.jpg\" alt='' title='homenaje en puerto ays\u00e9n (1) (1) (1)' height=\"600\" width=\"900\"  itemprop=\"thumbnailUrl\" srcset=\"https:\/\/radiorevelacionfm.cl\/wp-content\/uploads\/2022\/11\/homenaje-en-puerto-aysen-1-1-1.jpg 900w, https:\/\/radiorevelacionfm.cl\/wp-content\/uploads\/2022\/11\/homenaje-en-puerto-aysen-1-1-1-300x200.jpg 300w, https:\/\/radiorevelacionfm.cl\/wp-content\/uploads\/2022\/11\/homenaje-en-puerto-aysen-1-1-1-768x512.jpg 768w, https:\/\/radiorevelacionfm.cl\/wp-content\/uploads\/2022\/11\/homenaje-en-puerto-aysen-1-1-1-705x470.jpg 705w, https:\/\/radiorevelacionfm.cl\/wp-content\/uploads\/2022\/11\/homenaje-en-puerto-aysen-1-1-1-600x400.jpg 600w\" sizes=\"(max-width: 900px) 100vw, 900px\" \/><\/div><\/div><\/div><\/div><div class=\"flex_column av_one_full  flex_column_div av-zero-column-padding first  avia-builder-el-2  el_after_av_one_full  el_before_av_one_full  column-top-margin\" style='border-radius:0px; '><section class=\"av_textblock_section \"  itemscope=\"itemscope\" itemtype=\"https:\/\/schema.org\/BlogPosting\" itemprop=\"blogPost\" ><div class='avia_textblock  '   itemprop=\"text\" ><p style=\"text-align: center;\"><strong><span style=\"font-size: 18pt;\">Doctor Maccioni dict\u00f3 charla magistral sobre el Alzheimer en Coyhaique y fue declarado Hijo Ilustre en Ays\u00e9n<\/span><\/strong><\/p>\n<div id=\"gtx-trans\" style=\"position: absolute; left: -50px; top: 4.31534px;\">\n<div class=\"gtx-trans-icon\"><\/div>\n<\/div>\n<\/div><\/section><\/div><div class=\"flex_column av_one_full  flex_column_div av-zero-column-padding first  avia-builder-el-4  el_after_av_one_full  el_before_av_hr  column-top-margin\" style='border-radius:0px; '><section class=\"av_textblock_section \"  itemscope=\"itemscope\" itemtype=\"https:\/\/schema.org\/BlogPosting\" itemprop=\"blogPost\" ><div class='avia_textblock  '   itemprop=\"text\" ><p style=\"text-align: justify;\">M\u00e1s de cien personas participaron de la charla magistral \u201cLa Neuroinflamaci\u00f3n: Un paradigma central en la b\u00fasqueda de un tratamiento para la enfermedad de Alzheimer\u201d, dictada el pasado viernes 4 de noviembre, en la Casa de la Cultura de Coyhaique, por el destacado Dr. Ricardo Maccioni Baraona, quien visit\u00f3 en los \u00faltimos d\u00edas la regi\u00f3n de Ays\u00e9n, invitado por el senador David Sandoval Plaza.<\/p>\n<p style=\"text-align: justify;\">La actividad logr\u00f3 reunir a representantes de organizaciones de adultos mayores de Coyhaique, autoridades y estudiantes, entre otros, quienes de esta manera pudieron conocer el trabajo que ha venido desarrollado el Dr. Maccioni durante sus a\u00f1os de investigaci\u00f3n en torno al tema, c\u00f3mo se produce la enfermedad, c\u00f3mo afecta la calidad de vida de las personas y sus familias, y c\u00f3mo se est\u00e1 abordando la b\u00fasqueda de un tratamiento.<\/p>\n<p style=\"text-align: justify;\">Al respecto, el cient\u00edfico nacido y criado en la regi\u00f3n de Ays\u00e9n, expres\u00f3 que se trat\u00f3 de \u201cuna experiencia notable, humana y emocional tambi\u00e9n, en el sentido que estoy hablando sobre lo que hecho durante varios a\u00f1os de investigaci\u00f3n\u201d, lo que le ha permitido llegar a buscar soluciones \u201cpara esta dolorosa enfermedad, que es el Alzheimer\u201d.<\/p>\n<p style=\"text-align: justify;\">Maccioni dijo que la idea tambi\u00e9n es transmitir \u201cuna dosis de optimismo, de esperanza a las personas, que el Alzheimer no es algo terminal y que podemos controlar y prevenir a tiempo\u201d, enviando adem\u00e1s un mensaje a los estudiantes y j\u00f3venes de hoy, a que no se desanimen, que tengan capacidad de resiliencia y pensar en grande.<\/p>\n<p style=\"text-align: justify;\">Por su parte, el gestor de la visita, el senador David Sandoval, dijo estar complacido por \u00abhaber tra\u00eddo como invitado especial a un aysenino que hoy est\u00e1 en la vanguardia en materia de investigaci\u00f3n, respecto de aquellas afectaciones que tienen las personas mayores y una de ellas es el alzheimer, una enfermedad que genera un cambio radical en el contexto de las familias\u201d.<\/p>\n<p style=\"text-align: justify;\">Junto con valorar la jornada, el parlamentario hizo hincapi\u00e9 en la necesidad de \u201cgenerar todas las condiciones para que los adultos mayores desarrollen su vida de la mejor forma posible. Y don Ricardo Maccioni, confiamos que d\u00e9 con esta investigaci\u00f3n y concluyamos ojal\u00e1 con una buena calidad de vida para nuestros mayores\u201d.<\/p>\n<p style=\"text-align: justify;\">En tanto, don Baldemar Carrasco, ex profesor del Dr. Maccioni en su \u00e9poca en el Liceo San Felipe Benicio, valor\u00f3 la oportunidad de poder conversar con \u00e9l despu\u00e9s de tantos a\u00f1os. \u201cFue un grato momento (&#8230;) \u00c9l fue alumno m\u00edo, yo hac\u00eda mucho tiempo que no lo ve\u00eda y hace a\u00f1os que est\u00e1bamos tratando de traerlo\u201d, se\u00f1al\u00f3, destacando adem\u00e1s \u201cel aporte que \u00e9l est\u00e1 haciendo\u201d.<\/p>\n<p style=\"text-align: justify;\">Al finalizar la jornada, se entreg\u00f3 un reconocimiento al Dr Maccioni de parte del senador David Sandoval, la rectora de la Universidad de Ays\u00e9n, Natacha Pino, y el alcalde Marcelo Santana, en representaci\u00f3n de la Asociaci\u00f3n Regional de Municipalidades (Aremu).<\/p>\n<p style=\"text-align: justify;\"><strong>Homenaje en Puerto Ays\u00e9n\u00a0<\/strong><\/p>\n<p style=\"text-align: justify;\">En una emotiva ceremonia, la Municipalidad de Ays\u00e9n, a trav\u00e9s de su Alcalde, Julio Uribe, y los concejales de la comuna, homenajearon al Dr. Maccioni a quien declararon como Hijo Ilustre, la tarde del viernes 4 de noviembre.<\/p>\n<p style=\"text-align: justify;\">Tras el acto, donde se repasaron los a\u00f1os en que el cient\u00edfico aysenino vivi\u00f3 en la zona, el jefe comunal destac\u00f3 la trayectoria del Dr. Maccioni, valorando su trabajo de investigaci\u00f3n sobre la enfermedad para buscar una soluci\u00f3n a la misma. \u201cQue un hijo de Ays\u00e9n lo pueda estar realizando es valorable y como ayseninos tenemos que reconocerlo\u201d, resalt\u00f3.<\/p>\n<p style=\"text-align: justify;\">Esta actividad se sum\u00f3 a la reuni\u00f3n con estudiantes del Liceo San Felipe Benicio, la visita a medios de comunicaci\u00f3n locales, el saludo protocolar a la rectora de la Universidad de Ays\u00e9n, Natasha Pino, y el encuentro con personal m\u00e9dico y de salud organizada por el Hospital Regional de Coyhaique, en lo que fue una agenda cargada de actividades para quien fue nominado al Premio Nobel de medicina.<\/p>\n<\/div><\/section><\/div><\/p>\n<div  style='height:50px' class='hr hr-invisible   avia-builder-el-6  el_after_av_one_full  el_before_av_social_share '><span class='hr-inner ' ><span class='hr-inner-style'><\/span><\/span><\/div>\n<div  class='av-social-sharing-box  avia-builder-el-7  el_after_av_hr  el_before_av_hr  '><div class='av-share-box'><h5 class='av-share-link-description av-no-toc '>Compartir esta noticia<\/h5><ul class='av-share-box-list noLightbox'><li class='av-share-link av-social-link-facebook' ><a target=\"_blank\" aria-label=\"Compartir en Facebook\" href='https:\/\/www.facebook.com\/sharer.php?u=https:\/\/radiorevelacionfm.cl\/?p=23828&#038;t=Doctor%20Maccioni%20dict%C3%B3%20charla%20magistral%20sobre%20el%20Alzheimer%20en%20Coyhaique%20y%20fue%20declarado%20Hijo%20Ilustre%20en%20Ays%C3%A9n' aria-hidden='false' data-av_icon='\ue8f3' data-av_iconfont='entypo-fontello' title='' data-avia-related-tooltip='Compartir en Facebook' rel=\"noopener\"><span class='avia_hidden_link_text'>Compartir en Facebook<\/span><\/a><\/li><li class='av-share-link av-social-link-twitter' ><a target=\"_blank\" aria-label=\"Compartir en Twitter\" href='https:\/\/twitter.com\/share?text=Doctor%20Maccioni%20dict%C3%B3%20charla%20magistral%20sobre%20el%20Alzheimer%20en%20Coyhaique%20y%20fue%20declarado%20Hijo%20Ilustre%20en%20Ays%C3%A9n&#038;url=https:\/\/radiorevelacionfm.cl\/?p=23828' aria-hidden='false' data-av_icon='\ue8f1' data-av_iconfont='entypo-fontello' title='' data-avia-related-tooltip='Compartir en Twitter' rel=\"noopener\"><span class='avia_hidden_link_text'>Compartir en Twitter<\/span><\/a><\/li><li class='av-share-link av-social-link-whatsapp' ><a target=\"_blank\" aria-label=\"Compartir en Whatsapp\" href='https:\/\/api.whatsapp.com\/send?text=https:\/\/radiorevelacionfm.cl\/?p=23828' aria-hidden='false' data-av_icon='\uf232' data-av_iconfont='entypo-fontello' title='' data-avia-related-tooltip='Compartir en Whatsapp' rel=\"noopener\"><span class='avia_hidden_link_text'>Compartir en Whatsapp<\/span><\/a><\/li><li class='av-share-link av-social-link-linkedin' ><a target=\"_blank\" aria-label=\"Compartir en LinkedIn\" href='https:\/\/linkedin.com\/shareArticle?mini=true&#038;title=Doctor%20Maccioni%20dict%C3%B3%20charla%20magistral%20sobre%20el%20Alzheimer%20en%20Coyhaique%20y%20fue%20declarado%20Hijo%20Ilustre%20en%20Ays%C3%A9n&#038;url=https:\/\/radiorevelacionfm.cl\/?p=23828' aria-hidden='false' data-av_icon='\ue8fc' data-av_iconfont='entypo-fontello' title='' data-avia-related-tooltip='Compartir en LinkedIn' rel=\"noopener\"><span class='avia_hidden_link_text'>Compartir en LinkedIn<\/span><\/a><\/li><li class='av-share-link av-social-link-mail' ><a  aria-label=\"Compartir por correo\" href='mailto:?subject=Doctor%20Maccioni%20dict%C3%B3%20charla%20magistral%20sobre%20el%20Alzheimer%20en%20Coyhaique%20y%20fue%20declarado%20Hijo%20Ilustre%20en%20Ays%C3%A9n&#038;body=https:\/\/radiorevelacionfm.cl\/?p=23828' aria-hidden='false' data-av_icon='\ue805' data-av_iconfont='entypo-fontello' title='' data-avia-related-tooltip='Compartir por correo'><span class='avia_hidden_link_text'>Compartir por correo<\/span><\/a><\/li><\/ul><\/div><\/div>\n<div  style='height:50px' class='hr hr-invisible   avia-builder-el-8  el_after_av_social_share  el_before_av_comments_list '><span class='hr-inner ' ><span class='hr-inner-style'><\/span><\/span><\/div>\n<div  class='av-buildercomment  av-blog-meta-html-info-disabled av-blog-meta-tag-disabled  '><\/div>\n","protected":false},"excerpt":{"rendered":"","protected":false},"author":1,"featured_media":23855,"comment_status":"open","ping_status":"open","sticky":false,"template":"","format":"standard","meta":{"footnotes":""},"categories":[38],"tags":[],"class_list":["post-23828","post","type-post","status-publish","format-standard","has-post-thumbnail","hentry","category-regional"],"jetpack_featured_media_url":"https:\/\/radiorevelacionfm.cl\/wp-content\/uploads\/2022\/11\/homenaje-en-puerto-aysen-1-1-1.jpg","_links":{"self":[{"href":"https:\/\/radiorevelacionfm.cl\/index.php?rest_route=\/wp\/v2\/posts\/23828","targetHints":{"allow":["GET"]}}],"collection":[{"href":"https:\/\/radiorevelacionfm.cl\/index.php?rest_route=\/wp\/v2\/posts"}],"about":[{"href":"https:\/\/radiorevelacionfm.cl\/index.php?rest_route=\/wp\/v2\/types\/post"}],"author":[{"embeddable":true,"href":"https:\/\/radiorevelacionfm.cl\/index.php?rest_route=\/wp\/v2\/users\/1"}],"replies":[{"embeddable":true,"href":"https:\/\/radiorevelacionfm.cl\/index.php?rest_route=%2Fwp%2Fv2%2Fcomments&post=23828"}],"version-history":[{"count":3,"href":"https:\/\/radiorevelacionfm.cl\/index.php?rest_route=\/wp\/v2\/posts\/23828\/revisions"}],"predecessor-version":[{"id":23857,"href":"https:\/\/radiorevelacionfm.cl\/index.php?rest_route=\/wp\/v2\/posts\/23828\/revisions\/23857"}],"wp:featuredmedia":[{"embeddable":true,"href":"https:\/\/radiorevelacionfm.cl\/index.php?rest_route=\/wp\/v2\/media\/23855"}],"wp:attachment":[{"href":"https:\/\/radiorevelacionfm.cl\/index.php?rest_route=%2Fwp%2Fv2%2Fmedia&parent=23828"}],"wp:term":[{"taxonomy":"category","embeddable":true,"href":"https:\/\/radiorevelacionfm.cl\/index.php?rest_route=%2Fwp%2Fv2%2Fcategories&post=23828"},{"taxonomy":"post_tag","embeddable":true,"href":"https:\/\/radiorevelacionfm.cl\/index.php?rest_route=%2Fwp%2Fv2%2Ftags&post=23828"}],"curies":[{"name":"wp","href":"https:\/\/api.w.org\/{rel}","templated":true}]}}