{"id":23824,"date":"2022-11-06T14:49:16","date_gmt":"2022-11-06T17:49:16","guid":{"rendered":"https:\/\/radiorevelacionfm.cl\/?p=23824"},"modified":"2022-11-06T14:49:16","modified_gmt":"2022-11-06T17:49:16","slug":"emma-2022-tercer-encuentro-de-mujeres-en-la-musica-de-la-region-de-aysen-finalizo-con-gran-exito","status":"publish","type":"post","link":"https:\/\/radiorevelacionfm.cl\/?p=23824","title":{"rendered":"\u201cEMMA 2022\u201d: Tercer Encuentro de Mujeres en la M\u00fasica de la Regi\u00f3n de Ays\u00e9n finaliz\u00f3 con gran \u00e9xito"},"content":{"rendered":"<div class=\"flex_column av_one_full  flex_column_div av-zero-column-padding first  avia-builder-el-0  el_before_av_one_full  avia-builder-el-first  \" style='border-radius:0px; '><div  class='avia-image-container  av-styling-    avia-builder-el-1  avia-builder-el-no-sibling  avia-align-center '  itemprop=\"image\" itemscope=\"itemscope\" itemtype=\"https:\/\/schema.org\/ImageObject\"  ><div class='avia-image-container-inner'><div class='avia-image-overlay-wrap'><img decoding=\"async\" class='wp-image-23825 avia-img-lazy-loading-not-23825 avia_image' src=\"https:\/\/radiorevelacionfm.cl\/wp-content\/uploads\/2022\/11\/314636698_533947495407135_3062189352562952470_n-1-1.jpg\" alt='' title='314636698_533947495407135_3062189352562952470_n (1) (1)' height=\"600\" width=\"800\"  itemprop=\"thumbnailUrl\" srcset=\"https:\/\/radiorevelacionfm.cl\/wp-content\/uploads\/2022\/11\/314636698_533947495407135_3062189352562952470_n-1-1.jpg 800w, https:\/\/radiorevelacionfm.cl\/wp-content\/uploads\/2022\/11\/314636698_533947495407135_3062189352562952470_n-1-1-300x225.jpg 300w, https:\/\/radiorevelacionfm.cl\/wp-content\/uploads\/2022\/11\/314636698_533947495407135_3062189352562952470_n-1-1-768x576.jpg 768w, https:\/\/radiorevelacionfm.cl\/wp-content\/uploads\/2022\/11\/314636698_533947495407135_3062189352562952470_n-1-1-705x529.jpg 705w, https:\/\/radiorevelacionfm.cl\/wp-content\/uploads\/2022\/11\/314636698_533947495407135_3062189352562952470_n-1-1-600x450.jpg 600w\" sizes=\"(max-width: 800px) 100vw, 800px\" \/><\/div><\/div><\/div><\/div><div class=\"flex_column av_one_full  flex_column_div av-zero-column-padding first  avia-builder-el-2  el_after_av_one_full  el_before_av_one_full  column-top-margin\" style='border-radius:0px; '><section class=\"av_textblock_section \"  itemscope=\"itemscope\" itemtype=\"https:\/\/schema.org\/BlogPosting\" itemprop=\"blogPost\" ><div class='avia_textblock  '   itemprop=\"text\" ><p style=\"text-align: center;\"><strong><span style=\"font-size: 18pt;\">\u201cEMMA 2022\u201d: Tercer Encuentro de Mujeres en la M\u00fasica de la Regi\u00f3n de Ays\u00e9n finaliz\u00f3 con gran \u00e9xito<\/span><\/strong><\/p>\n<div id=\"gtx-trans\" style=\"position: absolute; left: -50px; top: 4.31534px;\">\n<div class=\"gtx-trans-icon\"><\/div>\n<\/div>\n<\/div><\/section><\/div><div class=\"flex_column av_one_full  flex_column_div av-zero-column-padding first  avia-builder-el-4  el_after_av_one_full  el_before_av_hr  column-top-margin\" style='border-radius:0px; '><section class=\"av_textblock_section \"  itemscope=\"itemscope\" itemtype=\"https:\/\/schema.org\/BlogPosting\" itemprop=\"blogPost\" ><div class='avia_textblock  '   itemprop=\"text\" ><p dir=\"ltr\" style=\"text-align: justify;\">A dos a\u00f1os del primer y segundo EMMA en la ciudad de Coyhaique, y luego de una pausa pand\u00e9mica, regres\u00f3 este encuentro musical que permiti\u00f3 la participaci\u00f3n de 50 mujeres m\u00fasicas, danzarinas y colaboradoras de las comunas de Ays\u00e9n, Chile Chico y Coyhaique.<\/p>\n<p dir=\"ltr\" style=\"text-align: justify;\">Organizado por Emma Ays\u00e9n (@emma_aysen) y Musique Voyageuse (@musiquevoyageuse originalmente \u201cM\u00fasica Viajera\u201d, proyecto franco-chileno nacido en la Patagonia), el objetivo de EMMA, siglas de \u201cEncuentro de Mujeres en la m\u00fasica de la Regi\u00f3n de Ays\u00e9n\u201d, es promover la participaci\u00f3n de mujeres en los escenarios locales. Este S\u00e1bado 05 de Noviembre desde las 18 horas se vivi\u00f3 un Centro cultural de Coyhaique repleto que apoy\u00f3 la iniciativa.<\/p>\n<p dir=\"ltr\" style=\"text-align: justify;\">Para Fernanda \u00c1vila de EMMA Ays\u00e9n, coorganizadora de la actividad, \u201cEsta iniciativa surgi\u00f3 para dar continuidad a los eventos previos y as\u00ed continuar a visibilizar el trabajo de mujeres amateurs de las localidades, permitiendo tambi\u00e9n la participaci\u00f3n de grupos que llevan m\u00e1s camino en la escena\u201d, por su parte para Nicky Gonz\u00e1lez de Musique Voyageuse, \u201cla actividad surge desde la inspiraci\u00f3n a la ruta viajera y recopiladora de Violeta Parra, la cu\u00e1l ya se ha replicado en las regiones de Los Lagos, Coquimbo, Valpara\u00edso y que ahora se desarrolla en Perpignan, Montpellier y Par\u00eds desde el 2021\u201d<\/p>\n<p style=\"text-align: justify;\">Las artistas en esta oportunidad fueron: Mar\u00eda Jos\u00e9 \u00c1guila, Astrid Aguilar, Camerata de la Universidad de Ays\u00e9n, Las Chukas, Koyke Tribal, Atelakoya Tribal, Daniela Baeza, Paola Mercado, Celeste Anacletx, Yareta Fusi\u00f3n y en la locuci\u00f3n Ingrid Llanos.<\/p>\n<\/div><\/section><\/div><div  style='height:50px' class='hr hr-invisible   avia-builder-el-6  el_after_av_one_full  el_before_av_social_share '><span class='hr-inner ' ><span class='hr-inner-style'><\/span><\/span><\/div><\/p>\n<div  class='av-social-sharing-box  avia-builder-el-7  el_after_av_hr  el_before_av_hr  '><div class='av-share-box'><h5 class='av-share-link-description av-no-toc '>Compartir esta noticia<\/h5><ul class='av-share-box-list noLightbox'><li class='av-share-link av-social-link-facebook' ><a target=\"_blank\" aria-label=\"Compartir en Facebook\" href='https:\/\/www.facebook.com\/sharer.php?u=https:\/\/radiorevelacionfm.cl\/?p=23824&#038;t=%E2%80%9CEMMA%202022%E2%80%9D%3A%20Tercer%20Encuentro%20de%20Mujeres%20en%20la%20M%C3%BAsica%20de%20la%20Regi%C3%B3n%20de%20Ays%C3%A9n%20finaliz%C3%B3%20con%20gran%20%C3%A9xito' aria-hidden='false' data-av_icon='\ue8f3' data-av_iconfont='entypo-fontello' title='' data-avia-related-tooltip='Compartir en Facebook' rel=\"noopener\"><span class='avia_hidden_link_text'>Compartir en Facebook<\/span><\/a><\/li><li class='av-share-link av-social-link-twitter' ><a target=\"_blank\" aria-label=\"Compartir en Twitter\" href='https:\/\/twitter.com\/share?text=%E2%80%9CEMMA%202022%E2%80%9D%3A%20Tercer%20Encuentro%20de%20Mujeres%20en%20la%20M%C3%BAsica%20de%20la%20Regi%C3%B3n%20de%20Ays%C3%A9n%20finaliz%C3%B3%20con%20gran%20%C3%A9xito&#038;url=https:\/\/radiorevelacionfm.cl\/?p=23824' aria-hidden='false' data-av_icon='\ue8f1' data-av_iconfont='entypo-fontello' title='' data-avia-related-tooltip='Compartir en Twitter' rel=\"noopener\"><span class='avia_hidden_link_text'>Compartir en Twitter<\/span><\/a><\/li><li class='av-share-link av-social-link-whatsapp' ><a target=\"_blank\" aria-label=\"Compartir en Whatsapp\" href='https:\/\/api.whatsapp.com\/send?text=https:\/\/radiorevelacionfm.cl\/?p=23824' aria-hidden='false' data-av_icon='\uf232' data-av_iconfont='entypo-fontello' title='' data-avia-related-tooltip='Compartir en Whatsapp' rel=\"noopener\"><span class='avia_hidden_link_text'>Compartir en Whatsapp<\/span><\/a><\/li><li class='av-share-link av-social-link-linkedin' ><a target=\"_blank\" aria-label=\"Compartir en LinkedIn\" href='https:\/\/linkedin.com\/shareArticle?mini=true&#038;title=%E2%80%9CEMMA%202022%E2%80%9D%3A%20Tercer%20Encuentro%20de%20Mujeres%20en%20la%20M%C3%BAsica%20de%20la%20Regi%C3%B3n%20de%20Ays%C3%A9n%20finaliz%C3%B3%20con%20gran%20%C3%A9xito&#038;url=https:\/\/radiorevelacionfm.cl\/?p=23824' aria-hidden='false' data-av_icon='\ue8fc' data-av_iconfont='entypo-fontello' title='' data-avia-related-tooltip='Compartir en LinkedIn' rel=\"noopener\"><span class='avia_hidden_link_text'>Compartir en LinkedIn<\/span><\/a><\/li><li class='av-share-link av-social-link-mail' ><a  aria-label=\"Compartir por correo\" href='mailto:?subject=%E2%80%9CEMMA%202022%E2%80%9D%3A%20Tercer%20Encuentro%20de%20Mujeres%20en%20la%20M%C3%BAsica%20de%20la%20Regi%C3%B3n%20de%20Ays%C3%A9n%20finaliz%C3%B3%20con%20gran%20%C3%A9xito&#038;body=https:\/\/radiorevelacionfm.cl\/?p=23824' aria-hidden='false' data-av_icon='\ue805' data-av_iconfont='entypo-fontello' title='' data-avia-related-tooltip='Compartir por correo'><span class='avia_hidden_link_text'>Compartir por correo<\/span><\/a><\/li><\/ul><\/div><\/div>\n<div  style='height:50px' class='hr hr-invisible   avia-builder-el-8  el_after_av_social_share  el_before_av_comments_list '><span class='hr-inner ' ><span class='hr-inner-style'><\/span><\/span><\/div>\n<div  class='av-buildercomment  av-blog-meta-html-info-disabled av-blog-meta-tag-disabled  '><\/div>\n","protected":false},"excerpt":{"rendered":"","protected":false},"author":1,"featured_media":23825,"comment_status":"open","ping_status":"open","sticky":false,"template":"","format":"standard","meta":{"footnotes":""},"categories":[43],"tags":[],"class_list":["post-23824","post","type-post","status-publish","format-standard","has-post-thumbnail","hentry","category-musica"],"jetpack_featured_media_url":"https:\/\/radiorevelacionfm.cl\/wp-content\/uploads\/2022\/11\/314636698_533947495407135_3062189352562952470_n-1-1.jpg","_links":{"self":[{"href":"https:\/\/radiorevelacionfm.cl\/index.php?rest_route=\/wp\/v2\/posts\/23824","targetHints":{"allow":["GET"]}}],"collection":[{"href":"https:\/\/radiorevelacionfm.cl\/index.php?rest_route=\/wp\/v2\/posts"}],"about":[{"href":"https:\/\/radiorevelacionfm.cl\/index.php?rest_route=\/wp\/v2\/types\/post"}],"author":[{"embeddable":true,"href":"https:\/\/radiorevelacionfm.cl\/index.php?rest_route=\/wp\/v2\/users\/1"}],"replies":[{"embeddable":true,"href":"https:\/\/radiorevelacionfm.cl\/index.php?rest_route=%2Fwp%2Fv2%2Fcomments&post=23824"}],"version-history":[{"count":2,"href":"https:\/\/radiorevelacionfm.cl\/index.php?rest_route=\/wp\/v2\/posts\/23824\/revisions"}],"predecessor-version":[{"id":23827,"href":"https:\/\/radiorevelacionfm.cl\/index.php?rest_route=\/wp\/v2\/posts\/23824\/revisions\/23827"}],"wp:featuredmedia":[{"embeddable":true,"href":"https:\/\/radiorevelacionfm.cl\/index.php?rest_route=\/wp\/v2\/media\/23825"}],"wp:attachment":[{"href":"https:\/\/radiorevelacionfm.cl\/index.php?rest_route=%2Fwp%2Fv2%2Fmedia&parent=23824"}],"wp:term":[{"taxonomy":"category","embeddable":true,"href":"https:\/\/radiorevelacionfm.cl\/index.php?rest_route=%2Fwp%2Fv2%2Fcategories&post=23824"},{"taxonomy":"post_tag","embeddable":true,"href":"https:\/\/radiorevelacionfm.cl\/index.php?rest_route=%2Fwp%2Fv2%2Ftags&post=23824"}],"curies":[{"name":"wp","href":"https:\/\/api.w.org\/{rel}","templated":true}]}}