{"id":23820,"date":"2022-11-06T14:16:34","date_gmt":"2022-11-06T17:16:34","guid":{"rendered":"https:\/\/radiorevelacionfm.cl\/?p=23820"},"modified":"2022-11-06T14:16:34","modified_gmt":"2022-11-06T17:16:34","slug":"dirigente-del-turismo-pide-al-gobierno-abrir-el-paso-dos-lagunas-en-la-comuna-de-villa-ohiggins","status":"publish","type":"post","link":"https:\/\/radiorevelacionfm.cl\/?p=23820","title":{"rendered":"Dirigente del turismo pide al Gobierno abrir el paso Dos Lagunas en la comuna de Villa O\u00b4Higgins"},"content":{"rendered":"<div class=\"flex_column av_one_full  flex_column_div av-zero-column-padding first  avia-builder-el-0  el_before_av_one_full  avia-builder-el-first  \" style='border-radius:0px; '><div  class='avia-image-container  av-styling-    avia-builder-el-1  avia-builder-el-no-sibling  avia-align-center '  itemprop=\"image\" itemscope=\"itemscope\" itemtype=\"https:\/\/schema.org\/ImageObject\"  ><div class='avia-image-container-inner'><div class='avia-image-overlay-wrap'><img decoding=\"async\" class='wp-image-23821 avia-img-lazy-loading-not-23821 avia_image' src=\"https:\/\/radiorevelacionfm.cl\/wp-content\/uploads\/2022\/11\/foto-calisto-jorbe-abello-alcalde-de-tortel-y-dirigente-turismo-1_optimized.jpg\" alt='' title='foto-calisto-jorbe-abello-alcalde-de-tortel-y-dirigente-turismo-(1)_optimized' height=\"600\" width=\"800\"  itemprop=\"thumbnailUrl\" srcset=\"https:\/\/radiorevelacionfm.cl\/wp-content\/uploads\/2022\/11\/foto-calisto-jorbe-abello-alcalde-de-tortel-y-dirigente-turismo-1_optimized.jpg 800w, https:\/\/radiorevelacionfm.cl\/wp-content\/uploads\/2022\/11\/foto-calisto-jorbe-abello-alcalde-de-tortel-y-dirigente-turismo-1_optimized-300x225.jpg 300w, https:\/\/radiorevelacionfm.cl\/wp-content\/uploads\/2022\/11\/foto-calisto-jorbe-abello-alcalde-de-tortel-y-dirigente-turismo-1_optimized-768x576.jpg 768w, https:\/\/radiorevelacionfm.cl\/wp-content\/uploads\/2022\/11\/foto-calisto-jorbe-abello-alcalde-de-tortel-y-dirigente-turismo-1_optimized-705x529.jpg 705w, https:\/\/radiorevelacionfm.cl\/wp-content\/uploads\/2022\/11\/foto-calisto-jorbe-abello-alcalde-de-tortel-y-dirigente-turismo-1_optimized-600x450.jpg 600w\" sizes=\"(max-width: 800px) 100vw, 800px\" \/><\/div><\/div><\/div><\/div><div class=\"flex_column av_one_full  flex_column_div av-zero-column-padding first  avia-builder-el-2  el_after_av_one_full  el_before_av_one_full  column-top-margin\" style='border-radius:0px; '><section class=\"av_textblock_section \"  itemscope=\"itemscope\" itemtype=\"https:\/\/schema.org\/BlogPosting\" itemprop=\"blogPost\" ><div class='avia_textblock  '   itemprop=\"text\" ><p style=\"text-align: center;\"><strong><span style=\"font-size: 18pt;\">Dirigente del turismo pide al Gobierno abrir el paso Dos Lagunas en la comuna de Villa O\u00b4Higgins<\/span><\/strong><\/p>\n<div id=\"gtx-trans\" style=\"position: absolute; left: -50px; top: 4.31534px;\">\n<div class=\"gtx-trans-icon\"><\/div>\n<\/div>\n<\/div><\/section><\/div><div class=\"flex_column av_one_full  flex_column_div av-zero-column-padding first  avia-builder-el-4  el_after_av_one_full  el_before_av_hr  column-top-margin\" style='border-radius:0px; '><section class=\"av_textblock_section \"  itemscope=\"itemscope\" itemtype=\"https:\/\/schema.org\/BlogPosting\" itemprop=\"blogPost\" ><div class='avia_textblock  '   itemprop=\"text\" ><p style=\"font-weight: 400; text-align: justify;\">Luego que se concretara hace algunos d\u00edas la apertura de siete pasos fronterizos en la regi\u00f3n, el diputado Miguel \u00c1ngel Calisto, el Consejero Jorge Abello y el dirigente del turismo de Villa O\u00b4Higgins, Alejandro Barrientos, hicieron un llamado al Gobierno para que se considere la apertura del Paso Dos Lagunas, argumentando que eso beneficiar\u00eda al turismo local por la llegada de turistas desde El Chalt\u00e9n.<\/p>\n<p style=\"font-weight: 400; text-align: justify;\">Seg\u00fan el diputado Miguel \u00c1ngel Calisto, \u201ces una buena noticia la apertura de los pasos fronterizos en la regi\u00f3n, despu\u00e9s de m\u00e1s de dos a\u00f1os de pandemia que afectaron duramente al sector tur\u00edstico. Lamentablemente, no se incluy\u00f3 al paso Dos Lagunas en la comuna de O\u00b4Higgins, lo que nos parece inexplicable tomando en cuenta que est\u00e1 empezando la temporada alta y por ah\u00ed llegan muchos turistas provenientes de El Chalt\u00e9n\u201d.<\/p>\n<p style=\"font-weight: 400; text-align: justify;\">\u201cPor estos motivos, envi\u00e9 un oficio solicitando que se agilice la apertura de este paso, porque por cada d\u00eda que no est\u00e9 abierto durante la temporada alta, son muchos los turistas que llegan a Villa O\u00b4Higgins, lo que afecta enormemente al rubro del turismo\u201d, se\u00f1al\u00f3 el diputado.<\/p>\n<p style=\"font-weight: 400; text-align: justify;\">El Consejero Jorge Abello indic\u00f3 que \u201cesper\u00e1bamos el anuncio de su apertura, entendiendo la oportunidad que ah\u00ed hay para potenciar el turismo de la zona sur de nuestra provincia de Capit\u00e1n Prat. Lamentablemente eso no ocurri\u00f3, pese a los compromisos, porque estuvimos con la Ministra del Interior en su momento donde le planteamos esto y ella hab\u00eda quedad de priorizar este tema\u201d.<\/p>\n<p style=\"font-weight: 400; text-align: justify;\">Seg\u00fan Alejandro Barrientos, quien es miembro de la C\u00e1mara de Turismo de Villa O\u00b4Higgins, \u201cel paso fronterizo Dos Lagunas es por donde m\u00e1s pasan turistas a nuestra comuna. En temporada pueden pasar 2500 pasajeros, porque nos da un flujo directo con la ciudad de El Chalt\u00e9n en Argentina. Actualmente est\u00e1n abiertos todos los pasos cercanos a Villa O\u00b4Higgins, menos este paso que es tan fundamental para el turismo, es prioritario para efectos de activar la econom\u00eda local\u201d.<\/p>\n<p style=\"font-weight: 400; text-align: justify;\"><strong>Situaci\u00f3n de la Barcaza Padre Antonio Ronchi<\/strong><\/p>\n<p style=\"font-weight: 400; text-align: justify;\">Otro tema que plantearon las autoridades y el dirigente del turismo tiene relaci\u00f3n a la preocupaci\u00f3n que existe por el reemplazo de la barcaza Padre Antonio Ronchi, la que debiera ir a carena durante las pr\u00f3ximas semanas.\u00a0 Ante esto, el diputado Calisto se\u00f1al\u00f3 que \u201cnecesitamos certezas, porque en unas semanas la barcaza va estar fuera de funcionamiento. A\u00fan no sabemos con qu\u00e9 embarcaci\u00f3n ser\u00e1 reemplazada\u201d.<\/p>\n<p style=\"font-weight: 400; text-align: justify;\">Seg\u00fan el Consejero Regional de la provincia de Capit\u00e1n Prat, Jorge Abello, \u201cesto requiere una especial atenci\u00f3n del Gobierno. Necesitamos mayores certezas con respecto al reemplazo de la barcaza Padre Antonio Ronchi, que prontamente saldr\u00e1 a carena. Sabemos que el Ministerio de Transportes est\u00e1 trabajando en ellos, pero lo que conocemos es que hay una nave de menores dimensiones y se podr\u00eda complementar con otra, como tambi\u00e9n la opci\u00f3n de traer una embarcaci\u00f3n de Magallanes. Pero debemos tener certeza pronto\u201d.<\/p>\n<p style=\"font-weight: 400; text-align: justify;\">Finalmente, Alejandro Barrientos se\u00f1al\u00f3 que \u201cse supone que la barcaza Ronchi se va a carena, pero no tenemos informaci\u00f3n clara de las fechas, ni tampoco qu\u00e9 barcaza llegar\u00eda en su reemplazo. Esto es algo que afecta no s\u00f3lo al turismo, sino principalmente a la gente que vive en Villa O\u00b4Higgins y depende de esta barcaza para acceder a la localidad\u201d.<\/p>\n<\/div><\/section><\/div><div  style='height:50px' class='hr hr-invisible   avia-builder-el-6  el_after_av_one_full  el_before_av_social_share '><span class='hr-inner ' ><span class='hr-inner-style'><\/span><\/span><\/div><\/p>\n<div  class='av-social-sharing-box  avia-builder-el-7  el_after_av_hr  el_before_av_hr  '><div class='av-share-box'><h5 class='av-share-link-description av-no-toc '>Compartir esta noticia<\/h5><ul class='av-share-box-list noLightbox'><li class='av-share-link av-social-link-facebook' ><a target=\"_blank\" aria-label=\"Compartir en Facebook\" href='https:\/\/www.facebook.com\/sharer.php?u=https:\/\/radiorevelacionfm.cl\/?p=23820&#038;t=Dirigente%20del%20turismo%20pide%20al%20Gobierno%20abrir%20el%20paso%20Dos%20Lagunas%20en%20la%20comuna%20de%20Villa%20O%C2%B4Higgins' aria-hidden='false' data-av_icon='\ue8f3' data-av_iconfont='entypo-fontello' title='' data-avia-related-tooltip='Compartir en Facebook' rel=\"noopener\"><span class='avia_hidden_link_text'>Compartir en Facebook<\/span><\/a><\/li><li class='av-share-link av-social-link-twitter' ><a target=\"_blank\" aria-label=\"Compartir en Twitter\" href='https:\/\/twitter.com\/share?text=Dirigente%20del%20turismo%20pide%20al%20Gobierno%20abrir%20el%20paso%20Dos%20Lagunas%20en%20la%20comuna%20de%20Villa%20O%C2%B4Higgins&#038;url=https:\/\/radiorevelacionfm.cl\/?p=23820' aria-hidden='false' data-av_icon='\ue8f1' data-av_iconfont='entypo-fontello' title='' data-avia-related-tooltip='Compartir en Twitter' rel=\"noopener\"><span class='avia_hidden_link_text'>Compartir en Twitter<\/span><\/a><\/li><li class='av-share-link av-social-link-whatsapp' ><a target=\"_blank\" aria-label=\"Compartir en Whatsapp\" href='https:\/\/api.whatsapp.com\/send?text=https:\/\/radiorevelacionfm.cl\/?p=23820' aria-hidden='false' data-av_icon='\uf232' data-av_iconfont='entypo-fontello' title='' data-avia-related-tooltip='Compartir en Whatsapp' rel=\"noopener\"><span class='avia_hidden_link_text'>Compartir en Whatsapp<\/span><\/a><\/li><li class='av-share-link av-social-link-linkedin' ><a target=\"_blank\" aria-label=\"Compartir en LinkedIn\" href='https:\/\/linkedin.com\/shareArticle?mini=true&#038;title=Dirigente%20del%20turismo%20pide%20al%20Gobierno%20abrir%20el%20paso%20Dos%20Lagunas%20en%20la%20comuna%20de%20Villa%20O%C2%B4Higgins&#038;url=https:\/\/radiorevelacionfm.cl\/?p=23820' aria-hidden='false' data-av_icon='\ue8fc' data-av_iconfont='entypo-fontello' title='' data-avia-related-tooltip='Compartir en LinkedIn' rel=\"noopener\"><span class='avia_hidden_link_text'>Compartir en LinkedIn<\/span><\/a><\/li><li class='av-share-link av-social-link-mail' ><a  aria-label=\"Compartir por correo\" href='mailto:?subject=Dirigente%20del%20turismo%20pide%20al%20Gobierno%20abrir%20el%20paso%20Dos%20Lagunas%20en%20la%20comuna%20de%20Villa%20O%C2%B4Higgins&#038;body=https:\/\/radiorevelacionfm.cl\/?p=23820' aria-hidden='false' data-av_icon='\ue805' data-av_iconfont='entypo-fontello' title='' data-avia-related-tooltip='Compartir por correo'><span class='avia_hidden_link_text'>Compartir por correo<\/span><\/a><\/li><\/ul><\/div><\/div>\n<div  style='height:50px' class='hr hr-invisible   avia-builder-el-8  el_after_av_social_share  el_before_av_comments_list '><span class='hr-inner ' ><span class='hr-inner-style'><\/span><\/span><\/div>\n<div  class='av-buildercomment  av-blog-meta-html-info-disabled av-blog-meta-tag-disabled  '><\/div>\n","protected":false},"excerpt":{"rendered":"","protected":false},"author":1,"featured_media":23821,"comment_status":"open","ping_status":"open","sticky":false,"template":"","format":"standard","meta":{"footnotes":""},"categories":[35],"tags":[],"class_list":["post-23820","post","type-post","status-publish","format-standard","has-post-thumbnail","hentry","category-politica"],"jetpack_featured_media_url":"https:\/\/radiorevelacionfm.cl\/wp-content\/uploads\/2022\/11\/foto-calisto-jorbe-abello-alcalde-de-tortel-y-dirigente-turismo-1_optimized.jpg","_links":{"self":[{"href":"https:\/\/radiorevelacionfm.cl\/index.php?rest_route=\/wp\/v2\/posts\/23820","targetHints":{"allow":["GET"]}}],"collection":[{"href":"https:\/\/radiorevelacionfm.cl\/index.php?rest_route=\/wp\/v2\/posts"}],"about":[{"href":"https:\/\/radiorevelacionfm.cl\/index.php?rest_route=\/wp\/v2\/types\/post"}],"author":[{"embeddable":true,"href":"https:\/\/radiorevelacionfm.cl\/index.php?rest_route=\/wp\/v2\/users\/1"}],"replies":[{"embeddable":true,"href":"https:\/\/radiorevelacionfm.cl\/index.php?rest_route=%2Fwp%2Fv2%2Fcomments&post=23820"}],"version-history":[{"count":2,"href":"https:\/\/radiorevelacionfm.cl\/index.php?rest_route=\/wp\/v2\/posts\/23820\/revisions"}],"predecessor-version":[{"id":23823,"href":"https:\/\/radiorevelacionfm.cl\/index.php?rest_route=\/wp\/v2\/posts\/23820\/revisions\/23823"}],"wp:featuredmedia":[{"embeddable":true,"href":"https:\/\/radiorevelacionfm.cl\/index.php?rest_route=\/wp\/v2\/media\/23821"}],"wp:attachment":[{"href":"https:\/\/radiorevelacionfm.cl\/index.php?rest_route=%2Fwp%2Fv2%2Fmedia&parent=23820"}],"wp:term":[{"taxonomy":"category","embeddable":true,"href":"https:\/\/radiorevelacionfm.cl\/index.php?rest_route=%2Fwp%2Fv2%2Fcategories&post=23820"},{"taxonomy":"post_tag","embeddable":true,"href":"https:\/\/radiorevelacionfm.cl\/index.php?rest_route=%2Fwp%2Fv2%2Ftags&post=23820"}],"curies":[{"name":"wp","href":"https:\/\/api.w.org\/{rel}","templated":true}]}}