{"id":23815,"date":"2022-11-04T20:06:28","date_gmt":"2022-11-04T23:06:28","guid":{"rendered":"https:\/\/radiorevelacionfm.cl\/?p=23815"},"modified":"2022-11-04T20:06:28","modified_gmt":"2022-11-04T23:06:28","slug":"con-dialogo-participativo-avanza-formulacion-de-politica-nacional-de-migracion-y-extranjeria","status":"publish","type":"post","link":"https:\/\/radiorevelacionfm.cl\/?p=23815","title":{"rendered":"Con di\u00e1logo participativo avanza formulaci\u00f3n de Pol\u00edtica Nacional de Migraci\u00f3n y Extranjer\u00eda"},"content":{"rendered":"<div class=\"flex_column av_one_full  flex_column_div av-zero-column-padding first  avia-builder-el-0  el_before_av_one_full  avia-builder-el-first  \" style='border-radius:0px; '><div  class='avia-image-container  av-styling-    avia-builder-el-1  avia-builder-el-no-sibling  avia-align-center '  itemprop=\"image\" itemscope=\"itemscope\" itemtype=\"https:\/\/schema.org\/ImageObject\"  ><div class='avia-image-container-inner'><div class='avia-image-overlay-wrap'><img decoding=\"async\" class='wp-image-23816 avia-img-lazy-loading-not-23816 avia_image' src=\"https:\/\/radiorevelacionfm.cl\/wp-content\/uploads\/2022\/11\/WhatsApp-Image-2022-11-04-at-18.56.55-2-1-1.jpeg\" alt='' title='WhatsApp Image 2022-11-04 at 18.56.55 (2) (1) (1)' height=\"600\" width=\"1070\"  itemprop=\"thumbnailUrl\" srcset=\"https:\/\/radiorevelacionfm.cl\/wp-content\/uploads\/2022\/11\/WhatsApp-Image-2022-11-04-at-18.56.55-2-1-1.jpeg 1070w, https:\/\/radiorevelacionfm.cl\/wp-content\/uploads\/2022\/11\/WhatsApp-Image-2022-11-04-at-18.56.55-2-1-1-300x168.jpeg 300w, https:\/\/radiorevelacionfm.cl\/wp-content\/uploads\/2022\/11\/WhatsApp-Image-2022-11-04-at-18.56.55-2-1-1-1030x578.jpeg 1030w, https:\/\/radiorevelacionfm.cl\/wp-content\/uploads\/2022\/11\/WhatsApp-Image-2022-11-04-at-18.56.55-2-1-1-768x431.jpeg 768w, https:\/\/radiorevelacionfm.cl\/wp-content\/uploads\/2022\/11\/WhatsApp-Image-2022-11-04-at-18.56.55-2-1-1-705x395.jpeg 705w, https:\/\/radiorevelacionfm.cl\/wp-content\/uploads\/2022\/11\/WhatsApp-Image-2022-11-04-at-18.56.55-2-1-1-600x336.jpeg 600w\" sizes=\"(max-width: 1070px) 100vw, 1070px\" \/><\/div><\/div><\/div><\/div><div class=\"flex_column av_one_full  flex_column_div av-zero-column-padding first  avia-builder-el-2  el_after_av_one_full  el_before_av_one_full  column-top-margin\" style='border-radius:0px; '><section class=\"av_textblock_section \"  itemscope=\"itemscope\" itemtype=\"https:\/\/schema.org\/BlogPosting\" itemprop=\"blogPost\" ><div class='avia_textblock  '   itemprop=\"text\" ><p style=\"text-align: center;\"><strong><span style=\"font-size: 18pt;\">Con di\u00e1logo participativo avanza formulaci\u00f3n de Pol\u00edtica Nacional de Migraci\u00f3n y Extranjer\u00eda<\/span><\/strong><\/p>\n<div id=\"gtx-trans\" style=\"position: absolute; left: -50px; top: 4.31534px;\">\n<div class=\"gtx-trans-icon\"><\/div>\n<\/div>\n<\/div><\/section><\/div><div class=\"flex_column av_one_full  flex_column_div av-zero-column-padding first  avia-builder-el-4  el_after_av_one_full  el_before_av_hr  column-top-margin\" style='border-radius:0px; '><section class=\"av_textblock_section \"  itemscope=\"itemscope\" itemtype=\"https:\/\/schema.org\/BlogPosting\" itemprop=\"blogPost\" ><div class='avia_textblock  '   itemprop=\"text\" ><p style=\"font-weight: 400; text-align: justify;\">Como parte del proceso de formulaci\u00f3n de la Pol\u00edtica Nacional de Migraci\u00f3n y Extranjer\u00eda, la Delegaci\u00f3n Presidencial Regional de Ays\u00e9n realiz\u00f3 en Coyhaique un di\u00e1logo participativo para recoger aportes y visiones en torno a los objetivos y acciones que deber\u00e1 adoptar el Estado para promover una migraci\u00f3n ordenada, segura y responsable.<\/p>\n<p style=\"font-weight: 400; text-align: justify;\">El di\u00e1logo consider\u00f3 la discusi\u00f3n de un panel general sobre la tem\u00e1tica migratoria en la regi\u00f3n y una conversaci\u00f3n en torno a las mesas tem\u00e1ticas: integraci\u00f3n e inclusi\u00f3n social; convivencia y comunidades de acogida, territorio y descentralizaci\u00f3n; ni\u00f1as, ni\u00f1os y adolescentes y sujetos de protecci\u00f3n internacional; y desarrollo econ\u00f3mico y productivo.<\/p>\n<p style=\"font-weight: 400; text-align: justify;\">El Delegado Presidencial Regional (s) Samuel Navarro Castro destac\u00f3 la convocatoria, para sumar visiones a la Pol\u00edtica Nacional de Migraci\u00f3n y Extranjer\u00eda en que trabaja el gobierno del Presidente Gabriel Boric.<\/p>\n<p style=\"font-weight: 400; text-align: justify;\">\u201cEstamos cerrando este di\u00e1logo participativo para entregar reflexiones y opiniones para la formulaci\u00f3n de la Pol\u00edtica Nacional Migratoria. Estamos muy contentos de la activa participaci\u00f3n no solamente de ciudadanos migrantes, sino de muchos funcionarios p\u00fablicos, muchas autoridades, organizaciones sociales, dirigentes de organizaciones gremiales. Ha sido un di\u00e1logo muy enriquecedor sobre las normas de protecci\u00f3n para fortalecer la migraci\u00f3n, que sea una migraci\u00f3n regulada, que sea una migraci\u00f3n que viene a sumar al pa\u00eds, a sumar cultura, a sumar aporte econ\u00f3mico y a sumar a lo que somos como personas\u201d, afirm\u00f3.<\/p>\n<p style=\"font-weight: 400; text-align: justify;\">Entre los asistentes, Bladimir Caicedo, presidente de la Asociaci\u00f3n de Migrantes de Coyhaique, valor\u00f3 la posibilidad de conversaci\u00f3n y an\u00e1lisis conjunto.<\/p>\n<p style=\"font-weight: 400; text-align: justify;\">\u201cEs un proceso importante, porque es la nueva cara del Estado, a trav\u00e9s del gobierno de Gabriel Boric, que intenta tener una pol\u00edtica en terreno, que hable desde las realidades propias de los migrantes que est\u00e1n en el pa\u00eds, especialmente en Coyhaique. Muy interesantes las diferentes posiciones, las diferentes aristas, los factores que, de una u otra forma, compromete esta nueva ley y lo importante que es relevar el papel, no solamente de la sociedad migrante, sino el factor inclusivo de una sociedad chilena, que quiere hacer parte de lo que es la apertura a nivel de globalizaci\u00f3n, que es colocar a todos en la misma mesa, dialogar y poder generar pol\u00edticas p\u00fablicas que, de una u otra forma, nos puedan hacer part\u00edcipes a todos. Somos comunidad y como comunidad estamos trabajando\u201d, destac\u00f3.<\/p>\n<p style=\"font-weight: 400; text-align: justify;\">El director regional de Migraciones, Israel Villavicencio, coincidi\u00f3 en la importancia del proceso participativo.<\/p>\n<p style=\"font-weight: 400; text-align: justify;\">\u201cSe trata sobre los di\u00e1logos participativos territoriales que se est\u00e1n realizando a lo largo de todo Chile. Hoy d\u00eda toc\u00f3 en nuestra regi\u00f3n y lo realizamos con personas representantes de la sociedad civil, representantes de las comunidades y distintas autoridades, con quienes logr\u00f3 llevarse a cabo las distintas mesas que van a permitir levantar la informaci\u00f3n que finalmente va a ser parte de la pol\u00edtica migratoria. Agradecemos el \u00e9xito de actividad, de este espacio, de esta instancia a la Delegaci\u00f3n Presidencial por organizarla, tambi\u00e9n por parte del Ministerio del Interior y el Servicio Nacional de Migraci\u00f3n\u201d, precis\u00f3.<\/p>\n<p style=\"font-weight: 400; text-align: justify;\">Como uno de los panelistas, Nicol\u00e1s Jara, estudiante de quinto a\u00f1o de la carrera de Trabajo Social de la Universidad de Ays\u00e9n, expuso su proyecto de tesis sobre el acceso y atenci\u00f3n de la poblaci\u00f3n migrante a los establecimientos de salud de Coyhaique.<\/p>\n<p style=\"font-weight: 400; text-align: justify;\">\u201cLa intervenci\u00f3n que hice el d\u00eda de hoy fue entregar contexto de la situaci\u00f3n migratoria en la regi\u00f3n de Ays\u00e9n, en lo que refiere a cifras, personas que emigran a la regi\u00f3n, la proveniencia y un an\u00e1lisis de los principales desaf\u00edos que generan la gesti\u00f3n de la pol\u00edtica p\u00fablica migratoria en Chile. Estos di\u00e1logos son muy valiosos, ya que no existen estos di\u00e1logos y tampoco la especializaci\u00f3n de estos temas en esta regi\u00f3n, lo cual es s\u00faper importante sacar a luz y que sean fomentados dentro del futuro acad\u00e9mico tambi\u00e9n y social de la regi\u00f3n de Ays\u00e9n\u201d, detall\u00f3.<\/p>\n<p style=\"font-weight: 400; text-align: justify;\">Todas las tem\u00e1ticas abordadas estuvieron centradas en los elementos m\u00ednimos que debe considerar la nueva Pol\u00edtica Nacional de Migraci\u00f3n y Extranjer\u00eda, de acuerdo con lo que mandata la Ley 21.325 de Migraci\u00f3n y Extranjer\u00eda, buscando responder a los retos que supone la llegada de flujos migratorios, as\u00ed como aprovechar sus contribuciones al desarrollo econ\u00f3mico, cultural y social del pa\u00eds.<\/p>\n<\/div><\/section><\/div><div  style='height:50px' class='hr hr-invisible   avia-builder-el-6  el_after_av_one_full  el_before_av_social_share '><span class='hr-inner ' ><span class='hr-inner-style'><\/span><\/span><\/div><\/p>\n<div  class='av-social-sharing-box  avia-builder-el-7  el_after_av_hr  el_before_av_hr  '><div class='av-share-box'><h5 class='av-share-link-description av-no-toc '>Compartir esta noticia<\/h5><ul class='av-share-box-list noLightbox'><li class='av-share-link av-social-link-facebook' ><a target=\"_blank\" aria-label=\"Compartir en Facebook\" href='https:\/\/www.facebook.com\/sharer.php?u=https:\/\/radiorevelacionfm.cl\/?p=23815&#038;t=Con%20di%C3%A1logo%20participativo%20avanza%20formulaci%C3%B3n%20de%20Pol%C3%ADtica%20Nacional%20de%20Migraci%C3%B3n%20y%20Extranjer%C3%ADa' aria-hidden='false' data-av_icon='\ue8f3' data-av_iconfont='entypo-fontello' title='' data-avia-related-tooltip='Compartir en Facebook' rel=\"noopener\"><span class='avia_hidden_link_text'>Compartir en Facebook<\/span><\/a><\/li><li class='av-share-link av-social-link-twitter' ><a target=\"_blank\" aria-label=\"Compartir en Twitter\" href='https:\/\/twitter.com\/share?text=Con%20di%C3%A1logo%20participativo%20avanza%20formulaci%C3%B3n%20de%20Pol%C3%ADtica%20Nacional%20de%20Migraci%C3%B3n%20y%20Extranjer%C3%ADa&#038;url=https:\/\/radiorevelacionfm.cl\/?p=23815' aria-hidden='false' data-av_icon='\ue8f1' data-av_iconfont='entypo-fontello' title='' data-avia-related-tooltip='Compartir en Twitter' rel=\"noopener\"><span class='avia_hidden_link_text'>Compartir en Twitter<\/span><\/a><\/li><li class='av-share-link av-social-link-whatsapp' ><a target=\"_blank\" aria-label=\"Compartir en Whatsapp\" href='https:\/\/api.whatsapp.com\/send?text=https:\/\/radiorevelacionfm.cl\/?p=23815' aria-hidden='false' data-av_icon='\uf232' data-av_iconfont='entypo-fontello' title='' data-avia-related-tooltip='Compartir en Whatsapp' rel=\"noopener\"><span class='avia_hidden_link_text'>Compartir en Whatsapp<\/span><\/a><\/li><li class='av-share-link av-social-link-linkedin' ><a target=\"_blank\" aria-label=\"Compartir en LinkedIn\" href='https:\/\/linkedin.com\/shareArticle?mini=true&#038;title=Con%20di%C3%A1logo%20participativo%20avanza%20formulaci%C3%B3n%20de%20Pol%C3%ADtica%20Nacional%20de%20Migraci%C3%B3n%20y%20Extranjer%C3%ADa&#038;url=https:\/\/radiorevelacionfm.cl\/?p=23815' aria-hidden='false' data-av_icon='\ue8fc' data-av_iconfont='entypo-fontello' title='' data-avia-related-tooltip='Compartir en LinkedIn' rel=\"noopener\"><span class='avia_hidden_link_text'>Compartir en LinkedIn<\/span><\/a><\/li><li class='av-share-link av-social-link-mail' ><a  aria-label=\"Compartir por correo\" href='mailto:?subject=Con%20di%C3%A1logo%20participativo%20avanza%20formulaci%C3%B3n%20de%20Pol%C3%ADtica%20Nacional%20de%20Migraci%C3%B3n%20y%20Extranjer%C3%ADa&#038;body=https:\/\/radiorevelacionfm.cl\/?p=23815' aria-hidden='false' data-av_icon='\ue805' data-av_iconfont='entypo-fontello' title='' data-avia-related-tooltip='Compartir por correo'><span class='avia_hidden_link_text'>Compartir por correo<\/span><\/a><\/li><\/ul><\/div><\/div>\n<div  style='height:50px' class='hr hr-invisible   avia-builder-el-8  el_after_av_social_share  el_before_av_comments_list '><span class='hr-inner ' ><span class='hr-inner-style'><\/span><\/span><\/div>\n<div  class='av-buildercomment  av-blog-meta-html-info-disabled av-blog-meta-tag-disabled  '><\/div>\n","protected":false},"excerpt":{"rendered":"","protected":false},"author":1,"featured_media":23816,"comment_status":"open","ping_status":"open","sticky":false,"template":"","format":"standard","meta":{"footnotes":""},"categories":[38],"tags":[],"class_list":["post-23815","post","type-post","status-publish","format-standard","has-post-thumbnail","hentry","category-regional"],"jetpack_featured_media_url":"https:\/\/radiorevelacionfm.cl\/wp-content\/uploads\/2022\/11\/WhatsApp-Image-2022-11-04-at-18.56.55-2-1-1.jpeg","_links":{"self":[{"href":"https:\/\/radiorevelacionfm.cl\/index.php?rest_route=\/wp\/v2\/posts\/23815","targetHints":{"allow":["GET"]}}],"collection":[{"href":"https:\/\/radiorevelacionfm.cl\/index.php?rest_route=\/wp\/v2\/posts"}],"about":[{"href":"https:\/\/radiorevelacionfm.cl\/index.php?rest_route=\/wp\/v2\/types\/post"}],"author":[{"embeddable":true,"href":"https:\/\/radiorevelacionfm.cl\/index.php?rest_route=\/wp\/v2\/users\/1"}],"replies":[{"embeddable":true,"href":"https:\/\/radiorevelacionfm.cl\/index.php?rest_route=%2Fwp%2Fv2%2Fcomments&post=23815"}],"version-history":[{"count":2,"href":"https:\/\/radiorevelacionfm.cl\/index.php?rest_route=\/wp\/v2\/posts\/23815\/revisions"}],"predecessor-version":[{"id":23818,"href":"https:\/\/radiorevelacionfm.cl\/index.php?rest_route=\/wp\/v2\/posts\/23815\/revisions\/23818"}],"wp:featuredmedia":[{"embeddable":true,"href":"https:\/\/radiorevelacionfm.cl\/index.php?rest_route=\/wp\/v2\/media\/23816"}],"wp:attachment":[{"href":"https:\/\/radiorevelacionfm.cl\/index.php?rest_route=%2Fwp%2Fv2%2Fmedia&parent=23815"}],"wp:term":[{"taxonomy":"category","embeddable":true,"href":"https:\/\/radiorevelacionfm.cl\/index.php?rest_route=%2Fwp%2Fv2%2Fcategories&post=23815"},{"taxonomy":"post_tag","embeddable":true,"href":"https:\/\/radiorevelacionfm.cl\/index.php?rest_route=%2Fwp%2Fv2%2Ftags&post=23815"}],"curies":[{"name":"wp","href":"https:\/\/api.w.org\/{rel}","templated":true}]}}