{"id":23811,"date":"2022-11-04T19:49:36","date_gmt":"2022-11-04T22:49:36","guid":{"rendered":"https:\/\/radiorevelacionfm.cl\/?p=23811"},"modified":"2022-11-04T19:49:36","modified_gmt":"2022-11-04T22:49:36","slug":"parques-de-aysen-cerrados-por-inicio-de-paralizacion-de-guardaparques-a-nivel-nacional","status":"publish","type":"post","link":"https:\/\/radiorevelacionfm.cl\/?p=23811","title":{"rendered":"Parques de Ays\u00e9n cerrados por inicio de paralizaci\u00f3n de Guardaparques a nivel nacional"},"content":{"rendered":"<div class=\"flex_column av_one_full  flex_column_div av-zero-column-padding first  avia-builder-el-0  el_before_av_one_full  avia-builder-el-first  \" style='border-radius:0px; '><div  class='avia-image-container  av-styling-    avia-builder-el-1  avia-builder-el-no-sibling  avia-align-center '  itemprop=\"image\" itemscope=\"itemscope\" itemtype=\"https:\/\/schema.org\/ImageObject\"  ><div class='avia-image-container-inner'><div class='avia-image-overlay-wrap'><img decoding=\"async\" class='wp-image-23812 avia-img-lazy-loading-not-23812 avia_image' src=\"https:\/\/radiorevelacionfm.cl\/wp-content\/uploads\/2022\/11\/guardaparques-1-1.jpg\" alt='' title='guardaparques (1) (1)' height=\"600\" width=\"853\"  itemprop=\"thumbnailUrl\" srcset=\"https:\/\/radiorevelacionfm.cl\/wp-content\/uploads\/2022\/11\/guardaparques-1-1.jpg 853w, https:\/\/radiorevelacionfm.cl\/wp-content\/uploads\/2022\/11\/guardaparques-1-1-300x211.jpg 300w, https:\/\/radiorevelacionfm.cl\/wp-content\/uploads\/2022\/11\/guardaparques-1-1-768x540.jpg 768w, https:\/\/radiorevelacionfm.cl\/wp-content\/uploads\/2022\/11\/guardaparques-1-1-705x496.jpg 705w, https:\/\/radiorevelacionfm.cl\/wp-content\/uploads\/2022\/11\/guardaparques-1-1-600x422.jpg 600w\" sizes=\"(max-width: 853px) 100vw, 853px\" \/><\/div><\/div><\/div><\/div><div class=\"flex_column av_one_full  flex_column_div av-zero-column-padding first  avia-builder-el-2  el_after_av_one_full  el_before_av_one_full  column-top-margin\" style='border-radius:0px; '><section class=\"av_textblock_section \"  itemscope=\"itemscope\" itemtype=\"https:\/\/schema.org\/BlogPosting\" itemprop=\"blogPost\" ><div class='avia_textblock  '   itemprop=\"text\" ><p style=\"text-align: center;\"><strong><span style=\"font-size: 18pt;\">Parques de Ays\u00e9n cerrados por inicio de paralizaci\u00f3n de Guardaparques a nivel nacional<\/span><\/strong><\/p>\n<div id=\"gtx-trans\" style=\"position: absolute; left: -50px; top: 4.31534px;\">\n<div class=\"gtx-trans-icon\"><\/div>\n<\/div>\n<\/div><\/section><\/div><div class=\"flex_column av_one_full  flex_column_div av-zero-column-padding first  avia-builder-el-4  el_after_av_one_full  el_before_av_hr  column-top-margin\" style='border-radius:0px; '><section class=\"av_textblock_section \"  itemscope=\"itemscope\" itemtype=\"https:\/\/schema.org\/BlogPosting\" itemprop=\"blogPost\" ><div class='avia_textblock  '   itemprop=\"text\" ><p style=\"text-align: justify;\">Ante la paralizaci\u00f3n del Sindicato de Guardaparques, la Corporaci\u00f3n Nacional Forestal (CONAF), informa: Comprendemos las leg\u00edtimas aspiraciones de los trabajadores y trabajadoras de nuestros parques y \u00e1reas silvestres protegidas, reconocemos su labor y dedicaci\u00f3n por resguardar el patrimonio natural de nuestro pa\u00eds, sin duda son esenciales. Esperamos encontrar pronto una soluci\u00f3n, en conjunto, fruto del di\u00e1logo y la colaboraci\u00f3n. Estamos en l\u00ednea con el programa de trabajo consensuado con la mesa sindical que est\u00e1 activa desde agosto de este a\u00f1o, pero reconocemos que siempre es posible mayor di\u00e1logo y avanzar en todas aquellas necesarias mejoras.<\/p>\n<p style=\"text-align: justify;\">En el caso de la regi\u00f3n de Ays\u00e9n, las \u00e1reas silvestres protegidas se encuentran sin atenci\u00f3n a p\u00fablico a excepci\u00f3n del sector Tamango, perteneciente a Parque Nacional Patagonia que sigue desarrollando sus labores de forma normal. En lo inmediato, se sigue trabajando en buscar acuerdos con las y los guardaparques y as\u00ed poder otorgar tranquilidad a las y los trabajadores y posteriormente volver al funcionamiento pleno de de nuestro patrimonio natural, legado para las presentes y futuras generaciones.<\/p>\n<p style=\"text-align: justify;\">Cabe destacar que contamos con planes de contingencia que permiten resguardar la seguridad de las y los visitantes y la protecci\u00f3n de los ecosistemas.<\/p>\n<p style=\"text-align: justify;\">En el caso de haber comprado entradas o realizado reservas por la plataforma aspticket, en el primer caso se puede solicitar la devoluci\u00f3n del pago y en las reservas reprogramar cuando la unidad est\u00e9 nuevamente funcionando. En los parques, reservas o monumentos que se mantengan cerrados, el sistema de compra o reserva no estar\u00e1 habilitado.<\/p>\n<p style=\"text-align: justify;\">En lo inmediato, se sigue trabajando en buscar acuerdos con las y los guardaparques y as\u00ed poder otorgar tranquilidad a las y los trabajadores y posteriormente volver al funcionamiento pleno de las \u00e1reas protegidas del Estado.<\/p>\n<p style=\"text-align: justify;\">En nuestro rol de mantener informada a la comunidad que visita nuestras \u00e1reas protegidas, hacemos un llamado a privilegiar los canales oficiales como los son nuestra p\u00e1gina <a href=\"http:\/\/www.conaf.cl\">www.conaf.cl<\/a> y nuestras redes sociales activas, antes de programarse a visitar los parques y reservas nacionales, y monumentos naturales.<\/p>\n<\/div><\/section><\/div><div  style='height:50px' class='hr hr-invisible   avia-builder-el-6  el_after_av_one_full  el_before_av_social_share '><span class='hr-inner ' ><span class='hr-inner-style'><\/span><\/span><\/div><\/p>\n<div  class='av-social-sharing-box  avia-builder-el-7  el_after_av_hr  el_before_av_hr  '><div class='av-share-box'><h5 class='av-share-link-description av-no-toc '>Compartir esta noticia<\/h5><ul class='av-share-box-list noLightbox'><li class='av-share-link av-social-link-facebook' ><a target=\"_blank\" aria-label=\"Compartir en Facebook\" href='https:\/\/www.facebook.com\/sharer.php?u=https:\/\/radiorevelacionfm.cl\/?p=23811&#038;t=Parques%20de%20Ays%C3%A9n%20cerrados%20por%20inicio%20de%20paralizaci%C3%B3n%20de%20Guardaparques%20a%20nivel%20nacional' aria-hidden='false' data-av_icon='\ue8f3' data-av_iconfont='entypo-fontello' title='' data-avia-related-tooltip='Compartir en Facebook' rel=\"noopener\"><span class='avia_hidden_link_text'>Compartir en Facebook<\/span><\/a><\/li><li class='av-share-link av-social-link-twitter' ><a target=\"_blank\" aria-label=\"Compartir en Twitter\" href='https:\/\/twitter.com\/share?text=Parques%20de%20Ays%C3%A9n%20cerrados%20por%20inicio%20de%20paralizaci%C3%B3n%20de%20Guardaparques%20a%20nivel%20nacional&#038;url=https:\/\/radiorevelacionfm.cl\/?p=23811' aria-hidden='false' data-av_icon='\ue8f1' data-av_iconfont='entypo-fontello' title='' data-avia-related-tooltip='Compartir en Twitter' rel=\"noopener\"><span class='avia_hidden_link_text'>Compartir en Twitter<\/span><\/a><\/li><li class='av-share-link av-social-link-whatsapp' ><a target=\"_blank\" aria-label=\"Compartir en Whatsapp\" href='https:\/\/api.whatsapp.com\/send?text=https:\/\/radiorevelacionfm.cl\/?p=23811' aria-hidden='false' data-av_icon='\uf232' data-av_iconfont='entypo-fontello' title='' data-avia-related-tooltip='Compartir en Whatsapp' rel=\"noopener\"><span class='avia_hidden_link_text'>Compartir en Whatsapp<\/span><\/a><\/li><li class='av-share-link av-social-link-linkedin' ><a target=\"_blank\" aria-label=\"Compartir en LinkedIn\" href='https:\/\/linkedin.com\/shareArticle?mini=true&#038;title=Parques%20de%20Ays%C3%A9n%20cerrados%20por%20inicio%20de%20paralizaci%C3%B3n%20de%20Guardaparques%20a%20nivel%20nacional&#038;url=https:\/\/radiorevelacionfm.cl\/?p=23811' aria-hidden='false' data-av_icon='\ue8fc' data-av_iconfont='entypo-fontello' title='' data-avia-related-tooltip='Compartir en LinkedIn' rel=\"noopener\"><span class='avia_hidden_link_text'>Compartir en LinkedIn<\/span><\/a><\/li><li class='av-share-link av-social-link-mail' ><a  aria-label=\"Compartir por correo\" href='mailto:?subject=Parques%20de%20Ays%C3%A9n%20cerrados%20por%20inicio%20de%20paralizaci%C3%B3n%20de%20Guardaparques%20a%20nivel%20nacional&#038;body=https:\/\/radiorevelacionfm.cl\/?p=23811' aria-hidden='false' data-av_icon='\ue805' data-av_iconfont='entypo-fontello' title='' data-avia-related-tooltip='Compartir por correo'><span class='avia_hidden_link_text'>Compartir por correo<\/span><\/a><\/li><\/ul><\/div><\/div>\n<div  style='height:50px' class='hr hr-invisible   avia-builder-el-8  el_after_av_social_share  el_before_av_comments_list '><span class='hr-inner ' ><span class='hr-inner-style'><\/span><\/span><\/div>\n<div  class='av-buildercomment  av-blog-meta-html-info-disabled av-blog-meta-tag-disabled  '><\/div>\n","protected":false},"excerpt":{"rendered":"","protected":false},"author":1,"featured_media":23812,"comment_status":"open","ping_status":"open","sticky":false,"template":"","format":"standard","meta":{"footnotes":""},"categories":[38],"tags":[],"class_list":["post-23811","post","type-post","status-publish","format-standard","has-post-thumbnail","hentry","category-regional"],"jetpack_featured_media_url":"https:\/\/radiorevelacionfm.cl\/wp-content\/uploads\/2022\/11\/guardaparques-1-1.jpg","_links":{"self":[{"href":"https:\/\/radiorevelacionfm.cl\/index.php?rest_route=\/wp\/v2\/posts\/23811","targetHints":{"allow":["GET"]}}],"collection":[{"href":"https:\/\/radiorevelacionfm.cl\/index.php?rest_route=\/wp\/v2\/posts"}],"about":[{"href":"https:\/\/radiorevelacionfm.cl\/index.php?rest_route=\/wp\/v2\/types\/post"}],"author":[{"embeddable":true,"href":"https:\/\/radiorevelacionfm.cl\/index.php?rest_route=\/wp\/v2\/users\/1"}],"replies":[{"embeddable":true,"href":"https:\/\/radiorevelacionfm.cl\/index.php?rest_route=%2Fwp%2Fv2%2Fcomments&post=23811"}],"version-history":[{"count":2,"href":"https:\/\/radiorevelacionfm.cl\/index.php?rest_route=\/wp\/v2\/posts\/23811\/revisions"}],"predecessor-version":[{"id":23814,"href":"https:\/\/radiorevelacionfm.cl\/index.php?rest_route=\/wp\/v2\/posts\/23811\/revisions\/23814"}],"wp:featuredmedia":[{"embeddable":true,"href":"https:\/\/radiorevelacionfm.cl\/index.php?rest_route=\/wp\/v2\/media\/23812"}],"wp:attachment":[{"href":"https:\/\/radiorevelacionfm.cl\/index.php?rest_route=%2Fwp%2Fv2%2Fmedia&parent=23811"}],"wp:term":[{"taxonomy":"category","embeddable":true,"href":"https:\/\/radiorevelacionfm.cl\/index.php?rest_route=%2Fwp%2Fv2%2Fcategories&post=23811"},{"taxonomy":"post_tag","embeddable":true,"href":"https:\/\/radiorevelacionfm.cl\/index.php?rest_route=%2Fwp%2Fv2%2Ftags&post=23811"}],"curies":[{"name":"wp","href":"https:\/\/api.w.org\/{rel}","templated":true}]}}