{"id":23807,"date":"2022-11-04T17:54:45","date_gmt":"2022-11-04T20:54:45","guid":{"rendered":"https:\/\/radiorevelacionfm.cl\/?p=23807"},"modified":"2022-11-04T17:54:45","modified_gmt":"2022-11-04T20:54:45","slug":"presidente-gabriel-boric-encabeza-jornada-de-trabajo-con-delegados-as-presidenciales-regionales","status":"publish","type":"post","link":"https:\/\/radiorevelacionfm.cl\/?p=23807","title":{"rendered":"Presidente Gabriel Boric encabeza jornada de trabajo con Delegados\/as Presidenciales Regionales"},"content":{"rendered":"<div class=\"flex_column av_one_full  flex_column_div av-zero-column-padding first  avia-builder-el-0  el_before_av_one_full  avia-builder-el-first  \" style='border-radius:0px; '><div  class='avia-image-container  av-styling-    avia-builder-el-1  avia-builder-el-no-sibling  avia-align-center '  itemprop=\"image\" itemscope=\"itemscope\" itemtype=\"https:\/\/schema.org\/ImageObject\"  ><div class='avia-image-container-inner'><div class='avia-image-overlay-wrap'><img decoding=\"async\" class='wp-image-23808 avia-img-lazy-loading-not-23808 avia_image' src=\"https:\/\/radiorevelacionfm.cl\/wp-content\/uploads\/2022\/11\/Presidente-con-Delegados-2022-11-04-at-15.31.37-1-1.jpeg\" alt='' title='Presidente con Delegados 2022-11-04 at 15.31.37 (1) (1)' height=\"600\" width=\"900\"  itemprop=\"thumbnailUrl\" srcset=\"https:\/\/radiorevelacionfm.cl\/wp-content\/uploads\/2022\/11\/Presidente-con-Delegados-2022-11-04-at-15.31.37-1-1.jpeg 900w, https:\/\/radiorevelacionfm.cl\/wp-content\/uploads\/2022\/11\/Presidente-con-Delegados-2022-11-04-at-15.31.37-1-1-300x200.jpeg 300w, https:\/\/radiorevelacionfm.cl\/wp-content\/uploads\/2022\/11\/Presidente-con-Delegados-2022-11-04-at-15.31.37-1-1-768x512.jpeg 768w, https:\/\/radiorevelacionfm.cl\/wp-content\/uploads\/2022\/11\/Presidente-con-Delegados-2022-11-04-at-15.31.37-1-1-705x470.jpeg 705w, https:\/\/radiorevelacionfm.cl\/wp-content\/uploads\/2022\/11\/Presidente-con-Delegados-2022-11-04-at-15.31.37-1-1-600x400.jpeg 600w\" sizes=\"(max-width: 900px) 100vw, 900px\" \/><\/div><\/div><\/div><\/div><div class=\"flex_column av_one_full  flex_column_div av-zero-column-padding first  avia-builder-el-2  el_after_av_one_full  el_before_av_one_full  column-top-margin\" style='border-radius:0px; '><section class=\"av_textblock_section \"  itemscope=\"itemscope\" itemtype=\"https:\/\/schema.org\/BlogPosting\" itemprop=\"blogPost\" ><div class='avia_textblock  '   itemprop=\"text\" ><p style=\"text-align: center;\"><strong><span style=\"font-size: 18pt;\">Presidente Gabriel Boric encabeza jornada de trabajo con Delegados\/as Presidenciales Regionales<\/span><\/strong><\/p>\n<div id=\"gtx-trans\" style=\"position: absolute; left: -50px; top: 4.31534px;\">\n<div class=\"gtx-trans-icon\"><\/div>\n<\/div>\n<\/div><\/section><\/div><div class=\"flex_column av_one_full  flex_column_div av-zero-column-padding first  avia-builder-el-4  el_after_av_one_full  el_before_av_hr  column-top-margin\" style='border-radius:0px; '><section class=\"av_textblock_section \"  itemscope=\"itemscope\" itemtype=\"https:\/\/schema.org\/BlogPosting\" itemprop=\"blogPost\" ><div class='avia_textblock  '   itemprop=\"text\" ><p style=\"font-weight: 400; text-align: justify;\">En el Palacio de La Moneda, el Delegado Rodrigo Araya Morales participa junto a sus quince pares regionales en la instancia coordinada por la ministra del Interior, Carolina Toh\u00e1, y los subsecretarios del Interior, Manuel Monsalve, de Desarrollo Regional, Nicol\u00e1s Cataldo y de Prevenci\u00f3n del Delito, Eduardo Vergara.<\/p>\n<p style=\"font-weight: 400; text-align: justify;\">Con el objetivo de fortalecer el despliegue de la gesti\u00f3n de gobierno en el territorio nacional, este viernes se realiza en el Palacio de La Moneda una jornada que re\u00fane a los 16 delegados\/as presidenciales regionales, entre ellos el Delegado de la Regi\u00f3n de Ays\u00e9n, Rodrigo Araya Morales.<\/p>\n<p style=\"font-weight: 400; text-align: justify;\">La instancia es coordinada por la ministra del Interior, Carolina Toh\u00e1, y los subsecretarios del Interior, Manuel Monsalve, de Desarrollo Regional, Nicol\u00e1s Cataldo y de Prevenci\u00f3n del Delito, Eduardo Vergara.<\/p>\n<p style=\"font-weight: 400; text-align: justify;\">La jornada comenz\u00f3 con las palabras del Presidente Gabriel Boric, quien subray\u00f3 la importancia que tiene para su gesti\u00f3n el proceso de descentralizaci\u00f3n.<\/p>\n<p style=\"font-weight: 400; text-align: justify;\">\u201cDesde la campa\u00f1a establecimos la importancia de ser un Gobierno descentralizado y creemos que nos falta mucho por avanzar en esa direcci\u00f3n todav\u00eda. Cuando decimos que ustedes son la voz del Gobierno en las regiones, significa que no solo se pueden atender las urgencias, sino que tambi\u00e9n tenemos que abordar lo que estamos haciendo como Gobierno a nivel nacional\u201d, se\u00f1al\u00f3.<\/p>\n<p style=\"font-weight: 400; text-align: justify;\">Carolina Toh\u00e1 agreg\u00f3 que la gesti\u00f3n mancomunada busca fortalecer la presencia y eficacia del Estado, en la atenci\u00f3n de las urgencias como tambi\u00e9n en el avance de las reformas.<\/p>\n<p style=\"font-weight: 400; text-align: justify;\">\u201cHay un compromiso con la descentralizaci\u00f3n que se va a volcar en una agenda muy contundente, pero eso se debe reflejar en una presencia cotidiana que est\u00e1 encabezada por nuestros delegados, convocados para esta jornada de trabajo\u201d, indic\u00f3.<\/p>\n<p style=\"font-weight: 400; text-align: justify;\">El Delegado Rodrigo Araya destac\u00f3 la importancia de esta instancia de di\u00e1logo y coordinaci\u00f3n nacional y regional.<\/p>\n<p style=\"font-weight: 400; text-align: justify;\">\u201cEl mandato de nuestro Presidente es lograr avanzar en la descentralizaci\u00f3n de nuestra regi\u00f3n y que los territorios tengan mayor autonom\u00eda, mayor poder para vivir mejor en este hermoso pa\u00eds y hacernos cargo de los problemas que tienen las comunidades\u201d, concluy\u00f3.<\/p>\n<p style=\"font-weight: 400; text-align: justify;\">Entre los temas abordados en la jornada destaca tambi\u00e9n el rol del gobierno en el fortalecimiento de la gesti\u00f3n municipal, por parte del subsecretario de Desarrollo Regional, Nicol\u00e1s Cataldo; Pol\u00edtica de seguridad y orden p\u00fablico, migraci\u00f3n y emergencias, por parte del subsecretario del Interior, Manuel Monsalve; y Pol\u00edtica de prevenci\u00f3n del delito, por parte del subsecretario de Prevenci\u00f3n del Delito, Eduardo Vergara.<\/p>\n<\/div><\/section><\/div><div  style='height:50px' class='hr hr-invisible   avia-builder-el-6  el_after_av_one_full  el_before_av_social_share '><span class='hr-inner ' ><span class='hr-inner-style'><\/span><\/span><\/div><\/p>\n<div  class='av-social-sharing-box  avia-builder-el-7  el_after_av_hr  el_before_av_hr  '><div class='av-share-box'><h5 class='av-share-link-description av-no-toc '>Compartir esta noticia<\/h5><ul class='av-share-box-list noLightbox'><li class='av-share-link av-social-link-facebook' ><a target=\"_blank\" aria-label=\"Compartir en Facebook\" href='https:\/\/www.facebook.com\/sharer.php?u=https:\/\/radiorevelacionfm.cl\/?p=23807&#038;t=Presidente%20Gabriel%20Boric%20encabeza%20jornada%20de%20trabajo%20con%20Delegados%2Fas%20Presidenciales%20Regionales' aria-hidden='false' data-av_icon='\ue8f3' data-av_iconfont='entypo-fontello' title='' data-avia-related-tooltip='Compartir en Facebook' rel=\"noopener\"><span class='avia_hidden_link_text'>Compartir en Facebook<\/span><\/a><\/li><li class='av-share-link av-social-link-twitter' ><a target=\"_blank\" aria-label=\"Compartir en Twitter\" href='https:\/\/twitter.com\/share?text=Presidente%20Gabriel%20Boric%20encabeza%20jornada%20de%20trabajo%20con%20Delegados%2Fas%20Presidenciales%20Regionales&#038;url=https:\/\/radiorevelacionfm.cl\/?p=23807' aria-hidden='false' data-av_icon='\ue8f1' data-av_iconfont='entypo-fontello' title='' data-avia-related-tooltip='Compartir en Twitter' rel=\"noopener\"><span class='avia_hidden_link_text'>Compartir en Twitter<\/span><\/a><\/li><li class='av-share-link av-social-link-whatsapp' ><a target=\"_blank\" aria-label=\"Compartir en Whatsapp\" href='https:\/\/api.whatsapp.com\/send?text=https:\/\/radiorevelacionfm.cl\/?p=23807' aria-hidden='false' data-av_icon='\uf232' data-av_iconfont='entypo-fontello' title='' data-avia-related-tooltip='Compartir en Whatsapp' rel=\"noopener\"><span class='avia_hidden_link_text'>Compartir en Whatsapp<\/span><\/a><\/li><li class='av-share-link av-social-link-linkedin' ><a target=\"_blank\" aria-label=\"Compartir en LinkedIn\" href='https:\/\/linkedin.com\/shareArticle?mini=true&#038;title=Presidente%20Gabriel%20Boric%20encabeza%20jornada%20de%20trabajo%20con%20Delegados%2Fas%20Presidenciales%20Regionales&#038;url=https:\/\/radiorevelacionfm.cl\/?p=23807' aria-hidden='false' data-av_icon='\ue8fc' data-av_iconfont='entypo-fontello' title='' data-avia-related-tooltip='Compartir en LinkedIn' rel=\"noopener\"><span class='avia_hidden_link_text'>Compartir en LinkedIn<\/span><\/a><\/li><li class='av-share-link av-social-link-mail' ><a  aria-label=\"Compartir por correo\" href='mailto:?subject=Presidente%20Gabriel%20Boric%20encabeza%20jornada%20de%20trabajo%20con%20Delegados%2Fas%20Presidenciales%20Regionales&#038;body=https:\/\/radiorevelacionfm.cl\/?p=23807' aria-hidden='false' data-av_icon='\ue805' data-av_iconfont='entypo-fontello' title='' data-avia-related-tooltip='Compartir por correo'><span class='avia_hidden_link_text'>Compartir por correo<\/span><\/a><\/li><\/ul><\/div><\/div>\n<div  style='height:50px' class='hr hr-invisible   avia-builder-el-8  el_after_av_social_share  el_before_av_comments_list '><span class='hr-inner ' ><span class='hr-inner-style'><\/span><\/span><\/div>\n<div  class='av-buildercomment  av-blog-meta-html-info-disabled av-blog-meta-tag-disabled  '><\/div>\n","protected":false},"excerpt":{"rendered":"","protected":false},"author":1,"featured_media":23808,"comment_status":"open","ping_status":"open","sticky":false,"template":"","format":"standard","meta":{"footnotes":""},"categories":[38],"tags":[],"class_list":["post-23807","post","type-post","status-publish","format-standard","has-post-thumbnail","hentry","category-regional"],"jetpack_featured_media_url":"https:\/\/radiorevelacionfm.cl\/wp-content\/uploads\/2022\/11\/Presidente-con-Delegados-2022-11-04-at-15.31.37-1-1.jpeg","_links":{"self":[{"href":"https:\/\/radiorevelacionfm.cl\/index.php?rest_route=\/wp\/v2\/posts\/23807","targetHints":{"allow":["GET"]}}],"collection":[{"href":"https:\/\/radiorevelacionfm.cl\/index.php?rest_route=\/wp\/v2\/posts"}],"about":[{"href":"https:\/\/radiorevelacionfm.cl\/index.php?rest_route=\/wp\/v2\/types\/post"}],"author":[{"embeddable":true,"href":"https:\/\/radiorevelacionfm.cl\/index.php?rest_route=\/wp\/v2\/users\/1"}],"replies":[{"embeddable":true,"href":"https:\/\/radiorevelacionfm.cl\/index.php?rest_route=%2Fwp%2Fv2%2Fcomments&post=23807"}],"version-history":[{"count":2,"href":"https:\/\/radiorevelacionfm.cl\/index.php?rest_route=\/wp\/v2\/posts\/23807\/revisions"}],"predecessor-version":[{"id":23810,"href":"https:\/\/radiorevelacionfm.cl\/index.php?rest_route=\/wp\/v2\/posts\/23807\/revisions\/23810"}],"wp:featuredmedia":[{"embeddable":true,"href":"https:\/\/radiorevelacionfm.cl\/index.php?rest_route=\/wp\/v2\/media\/23808"}],"wp:attachment":[{"href":"https:\/\/radiorevelacionfm.cl\/index.php?rest_route=%2Fwp%2Fv2%2Fmedia&parent=23807"}],"wp:term":[{"taxonomy":"category","embeddable":true,"href":"https:\/\/radiorevelacionfm.cl\/index.php?rest_route=%2Fwp%2Fv2%2Fcategories&post=23807"},{"taxonomy":"post_tag","embeddable":true,"href":"https:\/\/radiorevelacionfm.cl\/index.php?rest_route=%2Fwp%2Fv2%2Ftags&post=23807"}],"curies":[{"name":"wp","href":"https:\/\/api.w.org\/{rel}","templated":true}]}}