{"id":23803,"date":"2022-11-04T16:40:58","date_gmt":"2022-11-04T19:40:58","guid":{"rendered":"https:\/\/radiorevelacionfm.cl\/?p=23803"},"modified":"2022-11-04T16:40:58","modified_gmt":"2022-11-04T19:40:58","slug":"melinka-es-seleccionada-para-desarrollar-proyectos-que-recuperan-y-potencian-identidades-del-programa-pequenas-localidades-2023","status":"publish","type":"post","link":"https:\/\/radiorevelacionfm.cl\/?p=23803","title":{"rendered":"Melinka es seleccionada para desarrollar proyectos que recuperan y potencian identidades del Programa Peque\u00f1as Localidades 2023"},"content":{"rendered":"<div class=\"flex_column av_one_full  flex_column_div av-zero-column-padding first  avia-builder-el-0  el_before_av_one_full  avia-builder-el-first  \" style='border-radius:0px; '><div  class='avia-image-container  av-styling-    avia-builder-el-1  avia-builder-el-no-sibling  avia-align-center '  itemprop=\"image\" itemscope=\"itemscope\" itemtype=\"https:\/\/schema.org\/ImageObject\"  ><div class='avia-image-container-inner'><div class='avia-image-overlay-wrap'><img decoding=\"async\" class='wp-image-23804 avia-img-lazy-loading-not-23804 avia_image' src=\"https:\/\/radiorevelacionfm.cl\/wp-content\/uploads\/2022\/11\/melinka-new-1-1.jpg\" alt='' title='melinka new (1) (1)' height=\"600\" width=\"1068\"  itemprop=\"thumbnailUrl\" srcset=\"https:\/\/radiorevelacionfm.cl\/wp-content\/uploads\/2022\/11\/melinka-new-1-1.jpg 1068w, https:\/\/radiorevelacionfm.cl\/wp-content\/uploads\/2022\/11\/melinka-new-1-1-300x169.jpg 300w, https:\/\/radiorevelacionfm.cl\/wp-content\/uploads\/2022\/11\/melinka-new-1-1-1030x579.jpg 1030w, https:\/\/radiorevelacionfm.cl\/wp-content\/uploads\/2022\/11\/melinka-new-1-1-768x431.jpg 768w, https:\/\/radiorevelacionfm.cl\/wp-content\/uploads\/2022\/11\/melinka-new-1-1-705x396.jpg 705w, https:\/\/radiorevelacionfm.cl\/wp-content\/uploads\/2022\/11\/melinka-new-1-1-600x337.jpg 600w\" sizes=\"(max-width: 1068px) 100vw, 1068px\" \/><\/div><\/div><\/div><\/div><div class=\"flex_column av_one_full  flex_column_div av-zero-column-padding first  avia-builder-el-2  el_after_av_one_full  el_before_av_one_full  column-top-margin\" style='border-radius:0px; '><section class=\"av_textblock_section \"  itemscope=\"itemscope\" itemtype=\"https:\/\/schema.org\/BlogPosting\" itemprop=\"blogPost\" ><div class='avia_textblock  '   itemprop=\"text\" ><p style=\"text-align: center;\"><strong><span style=\"font-size: 18pt;\">Melinka es seleccionada para desarrollar proyectos que recuperan y potencian identidades del Programa Peque\u00f1as Localidades 2023<\/span><\/strong><\/p>\n<div id=\"gtx-trans\" style=\"position: absolute; left: -50px; top: 4.31534px;\">\n<div class=\"gtx-trans-icon\"><\/div>\n<\/div>\n<\/div><\/section><\/div><div class=\"flex_column av_one_full  flex_column_div av-zero-column-padding first  avia-builder-el-4  el_after_av_one_full  el_before_av_hr  column-top-margin\" style='border-radius:0px; '><section class=\"av_textblock_section \"  itemscope=\"itemscope\" itemtype=\"https:\/\/schema.org\/BlogPosting\" itemprop=\"blogPost\" ><div class='avia_textblock  '   itemprop=\"text\" ><p style=\"font-weight: 400; text-align: justify;\">El Ministerio de Vivienda y Urbanismo (Minvu) anunci\u00f3 los resultados del concurso 2022 del Programa para Peque\u00f1as Localidades. En total, 24 territorios fueron seleccionados luego de un proceso de postulaci\u00f3n al que se presentaron m\u00e1s de 100 localidades de todo el pa\u00eds.<\/p>\n<p style=\"font-weight: 400; text-align: justify;\">La Tirana (Pozo Almonte), Cachiyuyo (Vallenar), San Gabriel (San Jos\u00e9 de Maipo), Isla Mocha (Lebu), Lonquimay-Icalma (Lonquimay) y Melinka (Guaitecas), son parte de los 24 territorios beneficiados, en los que se invertir\u00e1n $38 mil millones de pesos durante los pr\u00f3ximos seis a\u00f1os.<\/p>\n<p style=\"font-weight: 400; text-align: justify;\">Al respecto, la subsecretaria de Vivienda y Urbanismo, Tatiana Rojas Leiva expres\u00f3 que \u201ceste programa ministerial es una potente herramienta para llegar a territorios rezagados, alejados de los grandes centros urbanos, en los que a\u00fan persisten d\u00e9ficits urbanos como el acceso a espacios p\u00fablicos y equipamiento comunitario. Por ello, en cada nueva localidad invertiremos $1.500 millones de pesos para desarrollar en conjuntos obras que mejoren la calidad de las personas que habitan en ellas\u201d.<\/p>\n<p style=\"font-weight: 400; text-align: justify;\">Los resultados se dieron a conocer en la localidad de San Gabriel, en la comuna de San Jos\u00e9 de Maipo, Regi\u00f3n Metropolitana, en una ceremonia donde participaron el jefe de la Divisi\u00f3n de Desarrollo Urbano (DDU) del Minvu, Vicente Burgos, el alcalde Roberto P\u00e9rez y la presidenta de la junta de vecinos de San Gabriel, Johana Henr\u00edquez.<\/p>\n<p style=\"font-weight: 400; text-align: justify;\">El jefe de la DDU, Vicente Burgos, se\u00f1al\u00f3 que \u201cel Programa para Peque\u00f1as Localidades nace en 2016 con un eje participativo que es transversal y fundamental para que toda la intervenci\u00f3n en el territorio sea efectiva. La invitaci\u00f3n a toda la comunidad, en consecuencia, es a participar activamente en la elaboraci\u00f3n del plan de obras junto con el municipio, proceso en el que contar\u00e1n con todo el apoyo y asesor\u00eda de los equipos del Minvu\u201d.<\/p>\n<p style=\"font-weight: 400; text-align: justify;\">Con la incorporaci\u00f3n de las 24 nuevas localidades -m\u00e1s otras cuatro que se sumar\u00e1n a trav\u00e9s de convenios especiales con gobiernos regionales- ser\u00e1n 73 territorios en los que estar\u00e1 presente este programa del Minvu en 2023.<\/p>\n<\/div><\/section><\/div><div  style='height:50px' class='hr hr-invisible   avia-builder-el-6  el_after_av_one_full  el_before_av_social_share '><span class='hr-inner ' ><span class='hr-inner-style'><\/span><\/span><\/div><\/p>\n<div  class='av-social-sharing-box  avia-builder-el-7  el_after_av_hr  el_before_av_hr  '><div class='av-share-box'><h5 class='av-share-link-description av-no-toc '>Compartir esta noticia<\/h5><ul class='av-share-box-list noLightbox'><li class='av-share-link av-social-link-facebook' ><a target=\"_blank\" aria-label=\"Compartir en Facebook\" href='https:\/\/www.facebook.com\/sharer.php?u=https:\/\/radiorevelacionfm.cl\/?p=23803&#038;t=Melinka%20es%20seleccionada%20para%20desarrollar%20proyectos%20que%20recuperan%20y%20potencian%20identidades%20del%20Programa%20Peque%C3%B1as%20Localidades%202023' aria-hidden='false' data-av_icon='\ue8f3' data-av_iconfont='entypo-fontello' title='' data-avia-related-tooltip='Compartir en Facebook' rel=\"noopener\"><span class='avia_hidden_link_text'>Compartir en Facebook<\/span><\/a><\/li><li class='av-share-link av-social-link-twitter' ><a target=\"_blank\" aria-label=\"Compartir en Twitter\" href='https:\/\/twitter.com\/share?text=Melinka%20es%20seleccionada%20para%20desarrollar%20proyectos%20que%20recuperan%20y%20potencian%20identidades%20del%20Programa%20Peque%C3%B1as%20Localidades%202023&#038;url=https:\/\/radiorevelacionfm.cl\/?p=23803' aria-hidden='false' data-av_icon='\ue8f1' data-av_iconfont='entypo-fontello' title='' data-avia-related-tooltip='Compartir en Twitter' rel=\"noopener\"><span class='avia_hidden_link_text'>Compartir en Twitter<\/span><\/a><\/li><li class='av-share-link av-social-link-whatsapp' ><a target=\"_blank\" aria-label=\"Compartir en Whatsapp\" href='https:\/\/api.whatsapp.com\/send?text=https:\/\/radiorevelacionfm.cl\/?p=23803' aria-hidden='false' data-av_icon='\uf232' data-av_iconfont='entypo-fontello' title='' data-avia-related-tooltip='Compartir en Whatsapp' rel=\"noopener\"><span class='avia_hidden_link_text'>Compartir en Whatsapp<\/span><\/a><\/li><li class='av-share-link av-social-link-linkedin' ><a target=\"_blank\" aria-label=\"Compartir en LinkedIn\" href='https:\/\/linkedin.com\/shareArticle?mini=true&#038;title=Melinka%20es%20seleccionada%20para%20desarrollar%20proyectos%20que%20recuperan%20y%20potencian%20identidades%20del%20Programa%20Peque%C3%B1as%20Localidades%202023&#038;url=https:\/\/radiorevelacionfm.cl\/?p=23803' aria-hidden='false' data-av_icon='\ue8fc' data-av_iconfont='entypo-fontello' title='' data-avia-related-tooltip='Compartir en LinkedIn' rel=\"noopener\"><span class='avia_hidden_link_text'>Compartir en LinkedIn<\/span><\/a><\/li><li class='av-share-link av-social-link-mail' ><a  aria-label=\"Compartir por correo\" href='mailto:?subject=Melinka%20es%20seleccionada%20para%20desarrollar%20proyectos%20que%20recuperan%20y%20potencian%20identidades%20del%20Programa%20Peque%C3%B1as%20Localidades%202023&#038;body=https:\/\/radiorevelacionfm.cl\/?p=23803' aria-hidden='false' data-av_icon='\ue805' data-av_iconfont='entypo-fontello' title='' data-avia-related-tooltip='Compartir por correo'><span class='avia_hidden_link_text'>Compartir por correo<\/span><\/a><\/li><\/ul><\/div><\/div>\n<div  style='height:50px' class='hr hr-invisible   avia-builder-el-8  el_after_av_social_share  el_before_av_comments_list '><span class='hr-inner ' ><span class='hr-inner-style'><\/span><\/span><\/div>\n<div  class='av-buildercomment  av-blog-meta-html-info-disabled av-blog-meta-tag-disabled  '><\/div>\n","protected":false},"excerpt":{"rendered":"","protected":false},"author":1,"featured_media":23804,"comment_status":"open","ping_status":"open","sticky":false,"template":"","format":"standard","meta":{"footnotes":""},"categories":[57],"tags":[],"class_list":["post-23803","post","type-post","status-publish","format-standard","has-post-thumbnail","hentry","category-vivienda"],"jetpack_featured_media_url":"https:\/\/radiorevelacionfm.cl\/wp-content\/uploads\/2022\/11\/melinka-new-1-1.jpg","_links":{"self":[{"href":"https:\/\/radiorevelacionfm.cl\/index.php?rest_route=\/wp\/v2\/posts\/23803","targetHints":{"allow":["GET"]}}],"collection":[{"href":"https:\/\/radiorevelacionfm.cl\/index.php?rest_route=\/wp\/v2\/posts"}],"about":[{"href":"https:\/\/radiorevelacionfm.cl\/index.php?rest_route=\/wp\/v2\/types\/post"}],"author":[{"embeddable":true,"href":"https:\/\/radiorevelacionfm.cl\/index.php?rest_route=\/wp\/v2\/users\/1"}],"replies":[{"embeddable":true,"href":"https:\/\/radiorevelacionfm.cl\/index.php?rest_route=%2Fwp%2Fv2%2Fcomments&post=23803"}],"version-history":[{"count":2,"href":"https:\/\/radiorevelacionfm.cl\/index.php?rest_route=\/wp\/v2\/posts\/23803\/revisions"}],"predecessor-version":[{"id":23806,"href":"https:\/\/radiorevelacionfm.cl\/index.php?rest_route=\/wp\/v2\/posts\/23803\/revisions\/23806"}],"wp:featuredmedia":[{"embeddable":true,"href":"https:\/\/radiorevelacionfm.cl\/index.php?rest_route=\/wp\/v2\/media\/23804"}],"wp:attachment":[{"href":"https:\/\/radiorevelacionfm.cl\/index.php?rest_route=%2Fwp%2Fv2%2Fmedia&parent=23803"}],"wp:term":[{"taxonomy":"category","embeddable":true,"href":"https:\/\/radiorevelacionfm.cl\/index.php?rest_route=%2Fwp%2Fv2%2Fcategories&post=23803"},{"taxonomy":"post_tag","embeddable":true,"href":"https:\/\/radiorevelacionfm.cl\/index.php?rest_route=%2Fwp%2Fv2%2Ftags&post=23803"}],"curies":[{"name":"wp","href":"https:\/\/api.w.org\/{rel}","templated":true}]}}