{"id":23799,"date":"2022-11-04T16:13:10","date_gmt":"2022-11-04T19:13:10","guid":{"rendered":"https:\/\/radiorevelacionfm.cl\/?p=23799"},"modified":"2022-11-04T16:13:10","modified_gmt":"2022-11-04T19:13:10","slug":"fotografa-patrimonial-realizo-interesante-lanzamiento-del-libro-arreo-historico-del-baker","status":"publish","type":"post","link":"https:\/\/radiorevelacionfm.cl\/?p=23799","title":{"rendered":"Fot\u00f3grafa patrimonial realiz\u00f3 interesante lanzamiento del libro \u201cArreo Hist\u00f3rico del Baker\u201d"},"content":{"rendered":"<div class=\"flex_column av_one_full  flex_column_div av-zero-column-padding first  avia-builder-el-0  el_before_av_one_full  avia-builder-el-first  \" style='border-radius:0px; '><div  class='avia-image-container  av-styling-    avia-builder-el-1  avia-builder-el-no-sibling  avia-align-center '  itemprop=\"image\" itemscope=\"itemscope\" itemtype=\"https:\/\/schema.org\/ImageObject\"  ><div class='avia-image-container-inner'><div class='avia-image-overlay-wrap'><img decoding=\"async\" class='wp-image-23800 avia-img-lazy-loading-not-23800 avia_image' src=\"https:\/\/radiorevelacionfm.cl\/wp-content\/uploads\/2022\/11\/libro-baker_optimized-1.jpg\" alt='' title='libro-baker_optimized (1)' height=\"591\" width=\"840\"  itemprop=\"thumbnailUrl\" srcset=\"https:\/\/radiorevelacionfm.cl\/wp-content\/uploads\/2022\/11\/libro-baker_optimized-1.jpg 840w, https:\/\/radiorevelacionfm.cl\/wp-content\/uploads\/2022\/11\/libro-baker_optimized-1-300x211.jpg 300w, https:\/\/radiorevelacionfm.cl\/wp-content\/uploads\/2022\/11\/libro-baker_optimized-1-768x540.jpg 768w, https:\/\/radiorevelacionfm.cl\/wp-content\/uploads\/2022\/11\/libro-baker_optimized-1-705x496.jpg 705w, https:\/\/radiorevelacionfm.cl\/wp-content\/uploads\/2022\/11\/libro-baker_optimized-1-600x422.jpg 600w\" sizes=\"(max-width: 840px) 100vw, 840px\" \/><\/div><\/div><\/div><\/div><div class=\"flex_column av_one_full  flex_column_div av-zero-column-padding first  avia-builder-el-2  el_after_av_one_full  el_before_av_one_full  column-top-margin\" style='border-radius:0px; '><section class=\"av_textblock_section \"  itemscope=\"itemscope\" itemtype=\"https:\/\/schema.org\/BlogPosting\" itemprop=\"blogPost\" ><div class='avia_textblock  '   itemprop=\"text\" ><p style=\"text-align: center;\"><strong><span style=\"font-size: 18pt;\">Fot\u00f3grafa patrimonial realiz\u00f3 interesante lanzamiento del libro \u201cArreo Hist\u00f3rico del Baker\u201d<\/span><\/strong><\/p>\n<div id=\"gtx-trans\" style=\"position: absolute; left: -50px; top: 4.31534px;\">\n<div class=\"gtx-trans-icon\"><\/div>\n<\/div>\n<\/div><\/section><\/div><div class=\"flex_column av_one_full  flex_column_div av-zero-column-padding first  avia-builder-el-4  el_after_av_one_full  el_before_av_hr  column-top-margin\" style='border-radius:0px; '><section class=\"av_textblock_section \"  itemscope=\"itemscope\" itemtype=\"https:\/\/schema.org\/BlogPosting\" itemprop=\"blogPost\" ><div class='avia_textblock  '   itemprop=\"text\" ><p style=\"text-align: justify;\">La fot\u00f3grafa Milenka Heran, realiz\u00f3 ceremonia de lanzamiento de su libro \u201cArreo Hist\u00f3rico del Baker\u201d, en el Museo Regional de Ays\u00e9n, donde present\u00f3 a trav\u00e9s de im\u00e1genes lo que fue una ruta utilizada por exploradores hace 100 a\u00f1os. Proyecto financiado por el fondo nacional de desarrollo cultural y las artes, convocatoria 2021.<\/p>\n<p style=\"text-align: justify;\">Durante la ceremonia mostr\u00f3 fotograf\u00edas in\u00e9ditas de aquellos tiempos y como ella recorri\u00f3, en Mayo de este a\u00f1o, junto a pobladores, los mismos lugares, para mostrar en la actualidad el comparativo de lo que fue y lo que \u00e9s hoy en d\u00eda, dicho \u201cPaso\u201d utilizado como ruta comercial, de empresas ganaderas, compra y venta de v\u00edveres, traslado de pobladores y otros. Ruta entre argentina, Cochrane, El Baker y el sur de Chile.<\/p>\n<p style=\"text-align: justify;\">Milenka cont\u00f3 como se inspir\u00f3, para revivir dicha traves\u00eda, en unas fotograf\u00edas que hab\u00eda encontrado de E. Lucas Bridges del a\u00f1o 1922, explorador y emprendedor ganadero, quien registr\u00f3 el desafiante viaje de mulas cargadas con lanares en el territorio agreste del Baker.<\/p>\n<p style=\"text-align: justify;\">Durante la jornada, a parte de las fotograf\u00edas y algunos videos de la experiencia, se explicaron temas hist\u00f3ricos y geogr\u00e1ficos. Se mostr\u00f3 a los protagonistas de esta odisea y uno de los ellos, Lautaro Arratia, poblador del sector rio Baker, ley\u00f3 un poema que cre\u00f3 al finalizar este proyecto.\u00a0 Tambi\u00e9n, tuvimos la sorpresa de un mensaje desde argentina del sobrino Nieto de Lucas bridge, Adrian Goodall, quien mand\u00f3 un mensaje mostrando su inter\u00e9s por el libro y por\u00a0 el trabajo que est\u00e1 realizando la fot\u00f3grafa. Los asistentes, aprovecharon de participar en una ronda de preguntas, donde se mostraron muy interesados en conocer mas de la historia de dicha ruta y el inter\u00e9s de tener este libro fotogr\u00e1fico.<\/p>\n<p style=\"text-align: justify;\">El proyecto recibi\u00f3 muchos aplausos y elogios del p\u00fablico, que particip\u00f3 en este lanzamiento. Para Gustavo Saldivia, director del Museo \u201ces muy enriquecedor para nosotros tener este tipo de actividades que plasman las vivencias de la gente de nuestra tierra\u2026.Se nota que el libro est\u00e1 producido con mucho cari\u00f1o, hay una dedicaci\u00f3n tanto de la fotograf\u00eda, recopilaci\u00f3n hist\u00f3rica y de los textos.. \u00ab<\/p>\n<p style=\"text-align: justify;\">Magdalena Rosas, m\u00fasica y amiga, asistente al evento opina \u201cencuentro que este proyecto es un gran aporte a la memoria, historia y al conocimiento de la Regi\u00f3n\u201d.<\/p>\n<p style=\"text-align: justify;\">Amelia, otra\u00a0 asistente\u00a0 al evento dice\u00a0 \u00abrescato el alma femenina que puso en su trabajo y\u00a0 su alma exploradora, creativa y como extrajo un arreo hist\u00f3rico\u2026 lo present\u00f3 de coraz\u00f3n\u00bb.<\/p>\n<p style=\"text-align: justify;\">In\u00e9s, nos cuenta \u201cvine a conocer el trabajo de Milenka..qued\u00e9 impresionada, realmente es tremendo el trabajo, dan ganas de ya ver ese libro. Por \u00faltimo, Mariana Pozzo nos comenta \u201cacabo de escuchar una presentaci\u00f3n maravillosa de un libro digital\u2026que nos invita a un viaje en la historia y en las im\u00e1genes de esta Regi\u00f3n que son incre\u00edbles\u2026\u201d<\/p>\n<p style=\"text-align: justify;\">Todos los interesados en conocer mas de este proyecto y bajar este libro, pueden realizarlo a trav\u00e9s de la p\u00e1gina web www.pobladoresaustrales.com y en las RRSS Instagram @MilenkaHeran.<\/p>\n<\/div><\/section><\/div><div  style='height:50px' class='hr hr-invisible   avia-builder-el-6  el_after_av_one_full  el_before_av_social_share '><span class='hr-inner ' ><span class='hr-inner-style'><\/span><\/span><\/div><\/p>\n<div  class='av-social-sharing-box  avia-builder-el-7  el_after_av_hr  el_before_av_hr  '><div class='av-share-box'><h5 class='av-share-link-description av-no-toc '>Compartir esta noticia<\/h5><ul class='av-share-box-list noLightbox'><li class='av-share-link av-social-link-facebook' ><a target=\"_blank\" aria-label=\"Compartir en Facebook\" href='https:\/\/www.facebook.com\/sharer.php?u=https:\/\/radiorevelacionfm.cl\/?p=23799&#038;t=Fot%C3%B3grafa%20patrimonial%20realiz%C3%B3%20interesante%20lanzamiento%20del%20libro%20%E2%80%9CArreo%20Hist%C3%B3rico%20del%20Baker%E2%80%9D' aria-hidden='false' data-av_icon='\ue8f3' data-av_iconfont='entypo-fontello' title='' data-avia-related-tooltip='Compartir en Facebook' rel=\"noopener\"><span class='avia_hidden_link_text'>Compartir en Facebook<\/span><\/a><\/li><li class='av-share-link av-social-link-twitter' ><a target=\"_blank\" aria-label=\"Compartir en Twitter\" href='https:\/\/twitter.com\/share?text=Fot%C3%B3grafa%20patrimonial%20realiz%C3%B3%20interesante%20lanzamiento%20del%20libro%20%E2%80%9CArreo%20Hist%C3%B3rico%20del%20Baker%E2%80%9D&#038;url=https:\/\/radiorevelacionfm.cl\/?p=23799' aria-hidden='false' data-av_icon='\ue8f1' data-av_iconfont='entypo-fontello' title='' data-avia-related-tooltip='Compartir en Twitter' rel=\"noopener\"><span class='avia_hidden_link_text'>Compartir en Twitter<\/span><\/a><\/li><li class='av-share-link av-social-link-whatsapp' ><a target=\"_blank\" aria-label=\"Compartir en Whatsapp\" href='https:\/\/api.whatsapp.com\/send?text=https:\/\/radiorevelacionfm.cl\/?p=23799' aria-hidden='false' data-av_icon='\uf232' data-av_iconfont='entypo-fontello' title='' data-avia-related-tooltip='Compartir en Whatsapp' rel=\"noopener\"><span class='avia_hidden_link_text'>Compartir en Whatsapp<\/span><\/a><\/li><li class='av-share-link av-social-link-linkedin' ><a target=\"_blank\" aria-label=\"Compartir en LinkedIn\" href='https:\/\/linkedin.com\/shareArticle?mini=true&#038;title=Fot%C3%B3grafa%20patrimonial%20realiz%C3%B3%20interesante%20lanzamiento%20del%20libro%20%E2%80%9CArreo%20Hist%C3%B3rico%20del%20Baker%E2%80%9D&#038;url=https:\/\/radiorevelacionfm.cl\/?p=23799' aria-hidden='false' data-av_icon='\ue8fc' data-av_iconfont='entypo-fontello' title='' data-avia-related-tooltip='Compartir en LinkedIn' rel=\"noopener\"><span class='avia_hidden_link_text'>Compartir en LinkedIn<\/span><\/a><\/li><li class='av-share-link av-social-link-mail' ><a  aria-label=\"Compartir por correo\" href='mailto:?subject=Fot%C3%B3grafa%20patrimonial%20realiz%C3%B3%20interesante%20lanzamiento%20del%20libro%20%E2%80%9CArreo%20Hist%C3%B3rico%20del%20Baker%E2%80%9D&#038;body=https:\/\/radiorevelacionfm.cl\/?p=23799' aria-hidden='false' data-av_icon='\ue805' data-av_iconfont='entypo-fontello' title='' data-avia-related-tooltip='Compartir por correo'><span class='avia_hidden_link_text'>Compartir por correo<\/span><\/a><\/li><\/ul><\/div><\/div>\n<div  style='height:50px' class='hr hr-invisible   avia-builder-el-8  el_after_av_social_share  el_before_av_comments_list '><span class='hr-inner ' ><span class='hr-inner-style'><\/span><\/span><\/div>\n<div  class='av-buildercomment  av-blog-meta-html-info-disabled av-blog-meta-tag-disabled  '><\/div>\n","protected":false},"excerpt":{"rendered":"","protected":false},"author":1,"featured_media":23800,"comment_status":"open","ping_status":"open","sticky":false,"template":"","format":"standard","meta":{"footnotes":""},"categories":[52],"tags":[],"class_list":["post-23799","post","type-post","status-publish","format-standard","has-post-thumbnail","hentry","category-cultura"],"jetpack_featured_media_url":"https:\/\/radiorevelacionfm.cl\/wp-content\/uploads\/2022\/11\/libro-baker_optimized-1.jpg","_links":{"self":[{"href":"https:\/\/radiorevelacionfm.cl\/index.php?rest_route=\/wp\/v2\/posts\/23799","targetHints":{"allow":["GET"]}}],"collection":[{"href":"https:\/\/radiorevelacionfm.cl\/index.php?rest_route=\/wp\/v2\/posts"}],"about":[{"href":"https:\/\/radiorevelacionfm.cl\/index.php?rest_route=\/wp\/v2\/types\/post"}],"author":[{"embeddable":true,"href":"https:\/\/radiorevelacionfm.cl\/index.php?rest_route=\/wp\/v2\/users\/1"}],"replies":[{"embeddable":true,"href":"https:\/\/radiorevelacionfm.cl\/index.php?rest_route=%2Fwp%2Fv2%2Fcomments&post=23799"}],"version-history":[{"count":2,"href":"https:\/\/radiorevelacionfm.cl\/index.php?rest_route=\/wp\/v2\/posts\/23799\/revisions"}],"predecessor-version":[{"id":23849,"href":"https:\/\/radiorevelacionfm.cl\/index.php?rest_route=\/wp\/v2\/posts\/23799\/revisions\/23849"}],"wp:featuredmedia":[{"embeddable":true,"href":"https:\/\/radiorevelacionfm.cl\/index.php?rest_route=\/wp\/v2\/media\/23800"}],"wp:attachment":[{"href":"https:\/\/radiorevelacionfm.cl\/index.php?rest_route=%2Fwp%2Fv2%2Fmedia&parent=23799"}],"wp:term":[{"taxonomy":"category","embeddable":true,"href":"https:\/\/radiorevelacionfm.cl\/index.php?rest_route=%2Fwp%2Fv2%2Fcategories&post=23799"},{"taxonomy":"post_tag","embeddable":true,"href":"https:\/\/radiorevelacionfm.cl\/index.php?rest_route=%2Fwp%2Fv2%2Ftags&post=23799"}],"curies":[{"name":"wp","href":"https:\/\/api.w.org\/{rel}","templated":true}]}}