{"id":23787,"date":"2022-11-03T19:49:12","date_gmt":"2022-11-03T22:49:12","guid":{"rendered":"https:\/\/radiorevelacionfm.cl\/?p=23787"},"modified":"2022-11-03T19:49:12","modified_gmt":"2022-11-03T22:49:12","slug":"cft-de-aysen-y-mop-firman-importante-convenio-de-colaboracion-para-futura-construccion-del-centro-estatal","status":"publish","type":"post","link":"https:\/\/radiorevelacionfm.cl\/?p=23787","title":{"rendered":"CFT de Ays\u00e9n y MOP firman importante convenio de colaboraci\u00f3n para futura construcci\u00f3n del Centro Estatal"},"content":{"rendered":"<div class=\"flex_column av_one_full  flex_column_div av-zero-column-padding first  avia-builder-el-0  el_before_av_one_full  avia-builder-el-first  \" style='border-radius:0px; '><div  class='avia-image-container  av-styling-    avia-builder-el-1  avia-builder-el-no-sibling  avia-align-center '  itemprop=\"image\" itemscope=\"itemscope\" itemtype=\"https:\/\/schema.org\/ImageObject\"  ><div class='avia-image-container-inner'><div class='avia-image-overlay-wrap'><img decoding=\"async\" class='wp-image-23788 avia-img-lazy-loading-not-23788 avia_image' src=\"https:\/\/radiorevelacionfm.cl\/wp-content\/uploads\/2022\/11\/2-2022-11-03T190730.909-1-1.jpg\" alt='' title='2 - 2022-11-03T190730.909 (1) (1)' height=\"600\" width=\"900\"  itemprop=\"thumbnailUrl\" srcset=\"https:\/\/radiorevelacionfm.cl\/wp-content\/uploads\/2022\/11\/2-2022-11-03T190730.909-1-1.jpg 900w, https:\/\/radiorevelacionfm.cl\/wp-content\/uploads\/2022\/11\/2-2022-11-03T190730.909-1-1-300x200.jpg 300w, https:\/\/radiorevelacionfm.cl\/wp-content\/uploads\/2022\/11\/2-2022-11-03T190730.909-1-1-768x512.jpg 768w, https:\/\/radiorevelacionfm.cl\/wp-content\/uploads\/2022\/11\/2-2022-11-03T190730.909-1-1-705x470.jpg 705w, https:\/\/radiorevelacionfm.cl\/wp-content\/uploads\/2022\/11\/2-2022-11-03T190730.909-1-1-600x400.jpg 600w\" sizes=\"(max-width: 900px) 100vw, 900px\" \/><\/div><\/div><\/div><\/div>\n<div class=\"flex_column av_one_full  flex_column_div av-zero-column-padding first  avia-builder-el-2  el_after_av_one_full  el_before_av_one_full  column-top-margin\" style='border-radius:0px; '><section class=\"av_textblock_section \"  itemscope=\"itemscope\" itemtype=\"https:\/\/schema.org\/BlogPosting\" itemprop=\"blogPost\" ><div class='avia_textblock  '   itemprop=\"text\" ><p style=\"text-align: center;\"><strong><span style=\"font-size: 18pt;\">CFT de Ays\u00e9n y MOP firman importante convenio de colaboraci\u00f3n para futura construcci\u00f3n del Centro Estatal<\/span><\/strong><\/p>\n<div id=\"gtx-trans\" style=\"position: absolute; left: -50px; top: 4.31534px;\">\n<div class=\"gtx-trans-icon\"><\/div>\n<\/div>\n<\/div><\/section><\/div><div class=\"flex_column av_one_full  flex_column_div av-zero-column-padding first  avia-builder-el-4  el_after_av_one_full  el_before_av_hr  column-top-margin\" style='border-radius:0px; '><section class=\"av_textblock_section \"  itemscope=\"itemscope\" itemtype=\"https:\/\/schema.org\/BlogPosting\" itemprop=\"blogPost\" ><div class='avia_textblock  '   itemprop=\"text\" ><p style=\"text-align: justify;\">La Direcci\u00f3n Regional de Arquitectura se har\u00e1 cargo de la asesor\u00eda t\u00e9cnica del proyecto \u201cConstrucci\u00f3n Centro de Formaci\u00f3n T\u00e9cnica Estatal de la Regi\u00f3n de Ays\u00e9n\u201d.<\/p>\n<p style=\"text-align: justify;\">Durante la ma\u00f1ana de este jueves en dependencias del MOP, se realiz\u00f3 un Hito comunicacional, esto relacionado con la concreci\u00f3n en que la Direcci\u00f3n de Arquitectura del Ministerio de Obras P\u00fablicas, Regi\u00f3n de Ays\u00e9n ser\u00e1 la encargada de ser la Unidad T\u00e9cnica en la <strong>Construcci\u00f3n del Centro de Formaci\u00f3n T\u00e9cnica Estatal de la Regi\u00f3n de Ays\u00e9n.<\/strong><\/p>\n<p style=\"text-align: justify;\">Una vez finalizada la ceremonia solemne el Seremi de Obras P\u00fablicas Patricio Sanhueza Ulloa comentaba acerca de esta actividad \u201cestamos muy contentos con el proyecto educativo que hoy tiene el CFT y que la infraestructura que se va a empezar a construir viene a plasmar todo este trabajo realizado\u201d.<\/p>\n<p style=\"text-align: justify;\">Del convenio que se firm\u00f3 en conjunto con el CFT de la Regi\u00f3n de Ays\u00e9n, la Directora Regional de Arquitectura del MOP Paola Az\u00f3car Betancur indicaba \u201cel convenio lo que persigue es que ambas partes podamos tener la informaci\u00f3n disponible, en el caso nuestro poder tener la informaci\u00f3n para poder ejecutar la obra. Este proyecto consta de la etapa uno que es llamado a licitaci\u00f3n y la ejecuci\u00f3n propiamente tal, por un periodo de 9 meses aproximadamente, para posteriormente tener la continuidad y ejecutar la etapa dos del proyecto\u201d.<\/p>\n<p style=\"text-align: justify;\">Finalmente la alegr\u00eda del CFT Estatal de la Regi\u00f3n de Ays\u00e9n se vio reflejada con las palabras del Rector V\u00edctor Hugo \u00c1lvarez Vel\u00e1squez \u201cestamos muy contentos como Centro de Formaci\u00f3n T\u00e9cnica, nosotros hoy estamos materializando la construcci\u00f3n de nuestro futuro edificio, el cual estar\u00e1 a cargo de la Direcci\u00f3n de Arquitectura del MOP, ya que es esta la repartici\u00f3n que construye la infraestructura p\u00fablica de la regi\u00f3n, por tanto son los especialistas en esta materia.\u201d<\/p>\n<\/div><\/section><\/div><div  style='height:50px' class='hr hr-invisible   avia-builder-el-6  el_after_av_one_full  el_before_av_social_share '><span class='hr-inner ' ><span class='hr-inner-style'><\/span><\/span><\/div><\/p>\n<div  class='av-social-sharing-box  avia-builder-el-7  el_after_av_hr  el_before_av_hr  '><div class='av-share-box'><h5 class='av-share-link-description av-no-toc '>Compartir esta noticia<\/h5><ul class='av-share-box-list noLightbox'><li class='av-share-link av-social-link-facebook' ><a target=\"_blank\" aria-label=\"Compartir en Facebook\" href='https:\/\/www.facebook.com\/sharer.php?u=https:\/\/radiorevelacionfm.cl\/?p=23787&#038;t=CFT%20de%20Ays%C3%A9n%20y%20MOP%20firman%20importante%20convenio%20de%20colaboraci%C3%B3n%20para%20futura%20construcci%C3%B3n%20del%20Centro%20Estatal' aria-hidden='false' data-av_icon='\ue8f3' data-av_iconfont='entypo-fontello' title='' data-avia-related-tooltip='Compartir en Facebook' rel=\"noopener\"><span class='avia_hidden_link_text'>Compartir en Facebook<\/span><\/a><\/li><li class='av-share-link av-social-link-twitter' ><a target=\"_blank\" aria-label=\"Compartir en Twitter\" href='https:\/\/twitter.com\/share?text=CFT%20de%20Ays%C3%A9n%20y%20MOP%20firman%20importante%20convenio%20de%20colaboraci%C3%B3n%20para%20futura%20construcci%C3%B3n%20del%20Centro%20Estatal&#038;url=https:\/\/radiorevelacionfm.cl\/?p=23787' aria-hidden='false' data-av_icon='\ue8f1' data-av_iconfont='entypo-fontello' title='' data-avia-related-tooltip='Compartir en Twitter' rel=\"noopener\"><span class='avia_hidden_link_text'>Compartir en Twitter<\/span><\/a><\/li><li class='av-share-link av-social-link-whatsapp' ><a target=\"_blank\" aria-label=\"Compartir en Whatsapp\" href='https:\/\/api.whatsapp.com\/send?text=https:\/\/radiorevelacionfm.cl\/?p=23787' aria-hidden='false' data-av_icon='\uf232' data-av_iconfont='entypo-fontello' title='' data-avia-related-tooltip='Compartir en Whatsapp' rel=\"noopener\"><span class='avia_hidden_link_text'>Compartir en Whatsapp<\/span><\/a><\/li><li class='av-share-link av-social-link-linkedin' ><a target=\"_blank\" aria-label=\"Compartir en LinkedIn\" href='https:\/\/linkedin.com\/shareArticle?mini=true&#038;title=CFT%20de%20Ays%C3%A9n%20y%20MOP%20firman%20importante%20convenio%20de%20colaboraci%C3%B3n%20para%20futura%20construcci%C3%B3n%20del%20Centro%20Estatal&#038;url=https:\/\/radiorevelacionfm.cl\/?p=23787' aria-hidden='false' data-av_icon='\ue8fc' data-av_iconfont='entypo-fontello' title='' data-avia-related-tooltip='Compartir en LinkedIn' rel=\"noopener\"><span class='avia_hidden_link_text'>Compartir en LinkedIn<\/span><\/a><\/li><li class='av-share-link av-social-link-mail' ><a  aria-label=\"Compartir por correo\" href='mailto:?subject=CFT%20de%20Ays%C3%A9n%20y%20MOP%20firman%20importante%20convenio%20de%20colaboraci%C3%B3n%20para%20futura%20construcci%C3%B3n%20del%20Centro%20Estatal&#038;body=https:\/\/radiorevelacionfm.cl\/?p=23787' aria-hidden='false' data-av_icon='\ue805' data-av_iconfont='entypo-fontello' title='' data-avia-related-tooltip='Compartir por correo'><span class='avia_hidden_link_text'>Compartir por correo<\/span><\/a><\/li><\/ul><\/div><\/div>\n<div  style='height:50px' class='hr hr-invisible   avia-builder-el-8  el_after_av_social_share  el_before_av_comments_list '><span class='hr-inner ' ><span class='hr-inner-style'><\/span><\/span><\/div>\n<div  class='av-buildercomment  av-blog-meta-html-info-disabled av-blog-meta-tag-disabled  '><\/div>\n","protected":false},"excerpt":{"rendered":"","protected":false},"author":1,"featured_media":23788,"comment_status":"open","ping_status":"open","sticky":false,"template":"","format":"standard","meta":{"footnotes":""},"categories":[49],"tags":[],"class_list":["post-23787","post","type-post","status-publish","format-standard","has-post-thumbnail","hentry","category-educacion"],"jetpack_featured_media_url":"https:\/\/radiorevelacionfm.cl\/wp-content\/uploads\/2022\/11\/2-2022-11-03T190730.909-1-1.jpg","_links":{"self":[{"href":"https:\/\/radiorevelacionfm.cl\/index.php?rest_route=\/wp\/v2\/posts\/23787","targetHints":{"allow":["GET"]}}],"collection":[{"href":"https:\/\/radiorevelacionfm.cl\/index.php?rest_route=\/wp\/v2\/posts"}],"about":[{"href":"https:\/\/radiorevelacionfm.cl\/index.php?rest_route=\/wp\/v2\/types\/post"}],"author":[{"embeddable":true,"href":"https:\/\/radiorevelacionfm.cl\/index.php?rest_route=\/wp\/v2\/users\/1"}],"replies":[{"embeddable":true,"href":"https:\/\/radiorevelacionfm.cl\/index.php?rest_route=%2Fwp%2Fv2%2Fcomments&post=23787"}],"version-history":[{"count":3,"href":"https:\/\/radiorevelacionfm.cl\/index.php?rest_route=\/wp\/v2\/posts\/23787\/revisions"}],"predecessor-version":[{"id":23791,"href":"https:\/\/radiorevelacionfm.cl\/index.php?rest_route=\/wp\/v2\/posts\/23787\/revisions\/23791"}],"wp:featuredmedia":[{"embeddable":true,"href":"https:\/\/radiorevelacionfm.cl\/index.php?rest_route=\/wp\/v2\/media\/23788"}],"wp:attachment":[{"href":"https:\/\/radiorevelacionfm.cl\/index.php?rest_route=%2Fwp%2Fv2%2Fmedia&parent=23787"}],"wp:term":[{"taxonomy":"category","embeddable":true,"href":"https:\/\/radiorevelacionfm.cl\/index.php?rest_route=%2Fwp%2Fv2%2Fcategories&post=23787"},{"taxonomy":"post_tag","embeddable":true,"href":"https:\/\/radiorevelacionfm.cl\/index.php?rest_route=%2Fwp%2Fv2%2Ftags&post=23787"}],"curies":[{"name":"wp","href":"https:\/\/api.w.org\/{rel}","templated":true}]}}