{"id":23783,"date":"2022-11-03T18:32:08","date_gmt":"2022-11-03T21:32:08","guid":{"rendered":"https:\/\/radiorevelacionfm.cl\/?p=23783"},"modified":"2022-11-03T18:32:08","modified_gmt":"2022-11-03T21:32:08","slug":"relevan-importancia-del-parque-nacional-laguna-san-rafael-en-el-dia-internacional-de-reservas-de-la-biosfera","status":"publish","type":"post","link":"https:\/\/radiorevelacionfm.cl\/?p=23783","title":{"rendered":"Relevan importancia del Parque Nacional Laguna San Rafael en el D\u00eda Internacional de Reservas de la Biosfera"},"content":{"rendered":"<div class=\"flex_column av_one_full  flex_column_div av-zero-column-padding first  avia-builder-el-0  el_before_av_one_full  avia-builder-el-first  \" style='border-radius:0px; '><div  class='avia-image-container  av-styling-    avia-builder-el-1  avia-builder-el-no-sibling  avia-align-center '  itemprop=\"image\" itemscope=\"itemscope\" itemtype=\"https:\/\/schema.org\/ImageObject\"  ><div class='avia-image-container-inner'><div class='avia-image-overlay-wrap'><img decoding=\"async\" class='wp-image-23784 avia-img-lazy-loading-not-23784 avia_image' src=\"https:\/\/radiorevelacionfm.cl\/wp-content\/uploads\/2022\/11\/52474526624_9e71de6c00_c-1.jpg\" alt='' title='52474526624_9e71de6c00_c (1)' height=\"600\" width=\"800\"  itemprop=\"thumbnailUrl\" srcset=\"https:\/\/radiorevelacionfm.cl\/wp-content\/uploads\/2022\/11\/52474526624_9e71de6c00_c-1.jpg 800w, https:\/\/radiorevelacionfm.cl\/wp-content\/uploads\/2022\/11\/52474526624_9e71de6c00_c-1-300x225.jpg 300w, https:\/\/radiorevelacionfm.cl\/wp-content\/uploads\/2022\/11\/52474526624_9e71de6c00_c-1-768x576.jpg 768w, https:\/\/radiorevelacionfm.cl\/wp-content\/uploads\/2022\/11\/52474526624_9e71de6c00_c-1-705x529.jpg 705w, https:\/\/radiorevelacionfm.cl\/wp-content\/uploads\/2022\/11\/52474526624_9e71de6c00_c-1-600x450.jpg 600w\" sizes=\"(max-width: 800px) 100vw, 800px\" \/><\/div><\/div><\/div><\/div><div class=\"flex_column av_one_full  flex_column_div av-zero-column-padding first  avia-builder-el-2  el_after_av_one_full  el_before_av_one_full  column-top-margin\" style='border-radius:0px; '><section class=\"av_textblock_section \"  itemscope=\"itemscope\" itemtype=\"https:\/\/schema.org\/BlogPosting\" itemprop=\"blogPost\" ><div class='avia_textblock  '   itemprop=\"text\" ><p style=\"text-align: center;\"><strong><span style=\"font-size: 18pt;\">Relevan importancia del Parque Nacional Laguna San Rafael en el D\u00eda Internacional de Reservas de la Biosfera<\/span><\/strong><\/p>\n<div id=\"gtx-trans\" style=\"position: absolute; left: -50px; top: 4.31534px;\">\n<div class=\"gtx-trans-icon\"><\/div>\n<\/div>\n<\/div><\/section><\/div><div class=\"flex_column av_one_full  flex_column_div av-zero-column-padding first  avia-builder-el-4  el_after_av_one_full  el_before_av_hr  column-top-margin\" style='border-radius:0px; '><section class=\"av_textblock_section \"  itemscope=\"itemscope\" itemtype=\"https:\/\/schema.org\/BlogPosting\" itemprop=\"blogPost\" ><div class='avia_textblock  '   itemprop=\"text\" ><p style=\"text-align: justify;\">Con 17,3 millones de hect\u00e1reas reconocidas como Reservas de la Biosfera, Chile celebra hoy el D\u00eda Internacional de la Reservas de Biosfera, instaurado por la Organizaci\u00f3n de las Naciones Unidas para la Educaci\u00f3n, la Ciencia y la Cultura (UNESCO), para resaltar el valor del desarrollo sustentable.<\/p>\n<p style=\"text-align: justify;\">Nuestro pa\u00eds posee en la actualidad 10 territorios que han recibido el reconocimiento internacional como Reserva de Biosfera por parte de la UNESCO, donde de las cerca de 17,3 millones de hect\u00e1reas, 5,8 millones de hect\u00e1reas corresponden a zonas marinas y 11,5 a zonas terrestres. De estas \u00faltimas, 4,7 millones de hect\u00e1reas corresponden a 34 \u00e1reas silvestres protegidas bajo la tuici\u00f3n de la Corporaci\u00f3n Nacional Forestal (CONAF).<\/p>\n<p style=\"text-align: justify;\">La propuesta de afectaci\u00f3n de un territorio como reserva de biosfera debe surgir de los Estados o gobiernos nacionales, debiendo satisfacer un conjunto de criterios los cuales est\u00e1n establecidos en el Marco Estatutario de la Red Mundial de Reservas de Biosfera, aprobado por la Conferencia General de la UNESCO el a\u00f1o 1995.<\/p>\n<p style=\"text-align: justify;\">Uno de los aspectos que resalt\u00f3 el director ejecutivo de CONAF, Christian Little, en el marco de esta celebraci\u00f3n, es que la afectaci\u00f3n de un territorio como reserva de biosfera es un compromiso que cada Estado adquiere de manera voluntaria con la finalidad de llevar a la pr\u00e1ctica los principios del Programa el Hombre y la Biosfera (MAB) a trav\u00e9s del desarrollo socioecon\u00f3mico sostenible, mediante un proyecto territorial estructurado en un sistema de gobernanza bien definido, que se desarrolla mediante una gesti\u00f3n participativa, con una planificaci\u00f3n de acciones a largo plazo, apoyadas en conocimientos cient\u00edficos y que concilian el desarrollo sustentable territorial con elevados valores de biodiversidad\u201d.<\/p>\n<p style=\"text-align: justify;\">En t\u00e9rminos generales los criterios que debe satisfacer una zona para ser designada reserva de biosfera son contener un mosaico de sistemas ecol\u00f3gicos representativos de regiones biogeogr\u00e1ficas, que comprendan una serie progresiva de formas de intervenci\u00f3n humana; tener importancia para la conservaci\u00f3n de la diversidad biol\u00f3gica; ofrecer posibilidades de ensayar m\u00e9todos de desarrollo sostenible en escala regional; tener dimensiones suficientes para cumplir las tres funciones de las reservas de biosfera (conservaci\u00f3n, desarrollo, apoyo log\u00edstico) y cumplir las tres funciones, mediante un sistema de zonificaci\u00f3n. Adem\u00e1s, aplicar mecanismos que faciliten la integraci\u00f3n y participaci\u00f3n de una gama adecuada de sectores, entre otros, autoridades p\u00fablicas, comunidades locales e intereses privados, en la concepci\u00f3n y ejecuci\u00f3n de las funciones de las reservas de biosfera.<\/p>\n<p style=\"text-align: justify;\">Para la directora regional, Claudia Reyes Santelices, es importante y de suma responsabilidad contar con un \u00e1rea silvestre protegida reconocida por la UNESCO. \u201cParque Laguna San Rafael es una unidad muy importante, m\u00e1s a\u00fan cuando tiene este reconocimiento mundial por parte de la UNESCO, donde se valora la biodiversidad que se alberga ah\u00ed. Por otro lado, nos esforzamos en encontrar, constantemente, mejoras no solo en esta unidad, si no que en todas las que administramos en la regi\u00f3n, ya que esta administraci\u00f3n tiene un fuerte compromiso con preservar los ecosistemas\u201d sostuvo Santelices.<\/p>\n<p style=\"text-align: justify;\">En Chile, la Corporaci\u00f3n Nacional Forestal (CONAF) es el Punto Focal T\u00e9cnico del Estado ante el Programa MAB. En esencia, las Reservas de la Biosfera se caracterizan por ser sitios de apoyo a la ciencia al servicio de la sostenibilidad, es decir, zonas especialmente designadas con el objetivo de probar enfoques interdisciplinarios para comprender y gestionar los cambios e interacciones de los sistemas sociales y ecol\u00f3gicos, incluidas la prevenci\u00f3n de conflictos y la gesti\u00f3n de la biodiversidad.<\/p>\n<p style=\"text-align: justify;\">Por ello, el Programa sobre el Hombre y la Biosfera (MAB) sienta las bases de las ciencias naturales y sociales para el uso racional y sostenible y la conservaci\u00f3n de los recursos de la biosfera, as\u00ed como para mejorar la relaci\u00f3n general entre las personas y su entorno. Predice las consecuencias de las acciones de hoy en el mundo de ma\u00f1ana y, por lo tanto, aumenta la capacidad humana de gestionar eficazmente los recursos naturales para el bienestar de las personas y el medio ambiente.<\/p>\n<\/div><\/section><\/div><div  style='height:50px' class='hr hr-invisible   avia-builder-el-6  el_after_av_one_full  el_before_av_social_share '><span class='hr-inner ' ><span class='hr-inner-style'><\/span><\/span><\/div><\/p>\n<div  class='av-social-sharing-box  avia-builder-el-7  el_after_av_hr  el_before_av_hr  '><div class='av-share-box'><h5 class='av-share-link-description av-no-toc '>Compartir esta noticia<\/h5><ul class='av-share-box-list noLightbox'><li class='av-share-link av-social-link-facebook' ><a target=\"_blank\" aria-label=\"Compartir en Facebook\" href='https:\/\/www.facebook.com\/sharer.php?u=https:\/\/radiorevelacionfm.cl\/?p=23783&#038;t=Relevan%20importancia%20del%20Parque%20Nacional%20Laguna%20San%20Rafael%20en%20el%20D%C3%ADa%20Internacional%20de%20Reservas%20de%20la%20Biosfera' aria-hidden='false' data-av_icon='\ue8f3' data-av_iconfont='entypo-fontello' title='' data-avia-related-tooltip='Compartir en Facebook' rel=\"noopener\"><span class='avia_hidden_link_text'>Compartir en Facebook<\/span><\/a><\/li><li class='av-share-link av-social-link-twitter' ><a target=\"_blank\" aria-label=\"Compartir en Twitter\" href='https:\/\/twitter.com\/share?text=Relevan%20importancia%20del%20Parque%20Nacional%20Laguna%20San%20Rafael%20en%20el%20D%C3%ADa%20Internacional%20de%20Reservas%20de%20la%20Biosfera&#038;url=https:\/\/radiorevelacionfm.cl\/?p=23783' aria-hidden='false' data-av_icon='\ue8f1' data-av_iconfont='entypo-fontello' title='' data-avia-related-tooltip='Compartir en Twitter' rel=\"noopener\"><span class='avia_hidden_link_text'>Compartir en Twitter<\/span><\/a><\/li><li class='av-share-link av-social-link-whatsapp' ><a target=\"_blank\" aria-label=\"Compartir en Whatsapp\" href='https:\/\/api.whatsapp.com\/send?text=https:\/\/radiorevelacionfm.cl\/?p=23783' aria-hidden='false' data-av_icon='\uf232' data-av_iconfont='entypo-fontello' title='' data-avia-related-tooltip='Compartir en Whatsapp' rel=\"noopener\"><span class='avia_hidden_link_text'>Compartir en Whatsapp<\/span><\/a><\/li><li class='av-share-link av-social-link-linkedin' ><a target=\"_blank\" aria-label=\"Compartir en LinkedIn\" href='https:\/\/linkedin.com\/shareArticle?mini=true&#038;title=Relevan%20importancia%20del%20Parque%20Nacional%20Laguna%20San%20Rafael%20en%20el%20D%C3%ADa%20Internacional%20de%20Reservas%20de%20la%20Biosfera&#038;url=https:\/\/radiorevelacionfm.cl\/?p=23783' aria-hidden='false' data-av_icon='\ue8fc' data-av_iconfont='entypo-fontello' title='' data-avia-related-tooltip='Compartir en LinkedIn' rel=\"noopener\"><span class='avia_hidden_link_text'>Compartir en LinkedIn<\/span><\/a><\/li><li class='av-share-link av-social-link-mail' ><a  aria-label=\"Compartir por correo\" href='mailto:?subject=Relevan%20importancia%20del%20Parque%20Nacional%20Laguna%20San%20Rafael%20en%20el%20D%C3%ADa%20Internacional%20de%20Reservas%20de%20la%20Biosfera&#038;body=https:\/\/radiorevelacionfm.cl\/?p=23783' aria-hidden='false' data-av_icon='\ue805' data-av_iconfont='entypo-fontello' title='' data-avia-related-tooltip='Compartir por correo'><span class='avia_hidden_link_text'>Compartir por correo<\/span><\/a><\/li><\/ul><\/div><\/div>\n<div  style='height:50px' class='hr hr-invisible   avia-builder-el-8  el_after_av_social_share  el_before_av_comments_list '><span class='hr-inner ' ><span class='hr-inner-style'><\/span><\/span><\/div>\n<div  class='av-buildercomment  av-blog-meta-html-info-disabled av-blog-meta-tag-disabled  '><\/div>\n","protected":false},"excerpt":{"rendered":"","protected":false},"author":1,"featured_media":23784,"comment_status":"open","ping_status":"open","sticky":false,"template":"","format":"standard","meta":{"footnotes":""},"categories":[39],"tags":[],"class_list":["post-23783","post","type-post","status-publish","format-standard","has-post-thumbnail","hentry","category-medio-ambiente"],"jetpack_featured_media_url":"https:\/\/radiorevelacionfm.cl\/wp-content\/uploads\/2022\/11\/52474526624_9e71de6c00_c-1.jpg","_links":{"self":[{"href":"https:\/\/radiorevelacionfm.cl\/index.php?rest_route=\/wp\/v2\/posts\/23783","targetHints":{"allow":["GET"]}}],"collection":[{"href":"https:\/\/radiorevelacionfm.cl\/index.php?rest_route=\/wp\/v2\/posts"}],"about":[{"href":"https:\/\/radiorevelacionfm.cl\/index.php?rest_route=\/wp\/v2\/types\/post"}],"author":[{"embeddable":true,"href":"https:\/\/radiorevelacionfm.cl\/index.php?rest_route=\/wp\/v2\/users\/1"}],"replies":[{"embeddable":true,"href":"https:\/\/radiorevelacionfm.cl\/index.php?rest_route=%2Fwp%2Fv2%2Fcomments&post=23783"}],"version-history":[{"count":2,"href":"https:\/\/radiorevelacionfm.cl\/index.php?rest_route=\/wp\/v2\/posts\/23783\/revisions"}],"predecessor-version":[{"id":23786,"href":"https:\/\/radiorevelacionfm.cl\/index.php?rest_route=\/wp\/v2\/posts\/23783\/revisions\/23786"}],"wp:featuredmedia":[{"embeddable":true,"href":"https:\/\/radiorevelacionfm.cl\/index.php?rest_route=\/wp\/v2\/media\/23784"}],"wp:attachment":[{"href":"https:\/\/radiorevelacionfm.cl\/index.php?rest_route=%2Fwp%2Fv2%2Fmedia&parent=23783"}],"wp:term":[{"taxonomy":"category","embeddable":true,"href":"https:\/\/radiorevelacionfm.cl\/index.php?rest_route=%2Fwp%2Fv2%2Fcategories&post=23783"},{"taxonomy":"post_tag","embeddable":true,"href":"https:\/\/radiorevelacionfm.cl\/index.php?rest_route=%2Fwp%2Fv2%2Ftags&post=23783"}],"curies":[{"name":"wp","href":"https:\/\/api.w.org\/{rel}","templated":true}]}}