{"id":23775,"date":"2022-11-03T17:26:04","date_gmt":"2022-11-03T20:26:04","guid":{"rendered":"https:\/\/radiorevelacionfm.cl\/?p=23775"},"modified":"2022-11-03T17:26:04","modified_gmt":"2022-11-03T20:26:04","slug":"musico-de-aysen-se-presentara-en-nueva-version-del-rockodromo-en-valparaiso-con-mas-de-60-bandas-de-todo-el-pais","status":"publish","type":"post","link":"https:\/\/radiorevelacionfm.cl\/?p=23775","title":{"rendered":"M\u00fasico de Ays\u00e9n se presentar\u00e1 en nueva versi\u00f3n del Rock\u00f3dromo en Valpara\u00edso con m\u00e1s de 60 bandas de todo el pa\u00eds"},"content":{"rendered":"<div class=\"flex_column av_one_full  flex_column_div av-zero-column-padding first  avia-builder-el-0  el_before_av_one_full  avia-builder-el-first  \" style='border-radius:0px; '><div  class='avia-image-container  av-styling-    avia-builder-el-1  avia-builder-el-no-sibling  avia-align-center '  itemprop=\"image\" itemscope=\"itemscope\" itemtype=\"https:\/\/schema.org\/ImageObject\"  ><div class='avia-image-container-inner'><div class='avia-image-overlay-wrap'><img decoding=\"async\" class='wp-image-23776 avia-img-lazy-loading-not-23776 avia_image' src=\"https:\/\/radiorevelacionfm.cl\/wp-content\/uploads\/2022\/11\/Lanzamiento-Rockodromo-1.jpg\" alt='' title='Lanzamiento Rock\u00f3dromo (1)' height=\"600\" width=\"900\"  itemprop=\"thumbnailUrl\" srcset=\"https:\/\/radiorevelacionfm.cl\/wp-content\/uploads\/2022\/11\/Lanzamiento-Rockodromo-1.jpg 900w, https:\/\/radiorevelacionfm.cl\/wp-content\/uploads\/2022\/11\/Lanzamiento-Rockodromo-1-300x200.jpg 300w, https:\/\/radiorevelacionfm.cl\/wp-content\/uploads\/2022\/11\/Lanzamiento-Rockodromo-1-768x512.jpg 768w, https:\/\/radiorevelacionfm.cl\/wp-content\/uploads\/2022\/11\/Lanzamiento-Rockodromo-1-705x470.jpg 705w, https:\/\/radiorevelacionfm.cl\/wp-content\/uploads\/2022\/11\/Lanzamiento-Rockodromo-1-600x400.jpg 600w\" sizes=\"(max-width: 900px) 100vw, 900px\" \/><\/div><\/div><\/div><\/div><div class=\"flex_column av_one_full  flex_column_div av-zero-column-padding first  avia-builder-el-2  el_after_av_one_full  el_before_av_one_full  column-top-margin\" style='border-radius:0px; '><section class=\"av_textblock_section \"  itemscope=\"itemscope\" itemtype=\"https:\/\/schema.org\/BlogPosting\" itemprop=\"blogPost\" ><div class='avia_textblock  '   itemprop=\"text\" ><p style=\"text-align: center;\"><strong><span style=\"font-size: 18pt;\">M\u00fasico de Ays\u00e9n se presentar\u00e1 en nueva versi\u00f3n del Rock\u00f3dromo en Valpara\u00edso con m\u00e1s de 60 bandas de todo el pa\u00eds <\/span><\/strong><\/p>\n<div id=\"gtx-trans\" style=\"position: absolute; left: -50px; top: 4.31534px;\">\n<div class=\"gtx-trans-icon\"><\/div>\n<\/div>\n<\/div><\/section><\/div><div class=\"flex_column av_one_full  flex_column_div av-zero-column-padding first  avia-builder-el-4  el_after_av_one_full  el_before_av_hr  column-top-margin\" style='border-radius:0px; '><section class=\"av_textblock_section \"  itemscope=\"itemscope\" itemtype=\"https:\/\/schema.org\/BlogPosting\" itemprop=\"blogPost\" ><div class='avia_textblock  '   itemprop=\"text\" ><p style=\"text-align: justify;\">La edici\u00f3n XVIII del mayor festival p\u00fablico del pa\u00eds, organizado por el Ministerio de las Culturas a trav\u00e9s de las Escuelas de Rock y M\u00fasica Popular, retoma el formato presencial tras dos a\u00f1os de ediciones digitales, entre los d\u00edas 15 y 18 de diciembre de este a\u00f1o. Actividades de industria, gala de ciudades musicales y dos jornadas con cinco escenarios en el Parque Alejo Barrios son parte de la cartelera para la reactivaci\u00f3n del hist\u00f3rico certamen porte\u00f1o. Desde la regi\u00f3n de Ays\u00e9n se presenta Rolando Form\u00f3n.<\/p>\n<p style=\"text-align: justify;\">Tres a\u00f1os despu\u00e9s de su \u00faltima edici\u00f3n en el Parque Alejo Barrios de Valpara\u00edso, el festival p\u00fablico m\u00e1s importante de la m\u00fasica nacional vuelve a las canchas. La versi\u00f3n n\u00famero 18 de Rock\u00f3dromo retoma su formato presencial para celebrar una nueva edici\u00f3n, la primera que incluye a bandas y elencos provenientes desde todas las regiones del pa\u00eds: 63 nombres en total que traer\u00e1n rock, m\u00fasica urbana y de ra\u00edz, metal y pop electr\u00f3nico, para un cartel diverso y original, y que suma a invitados de trayectoria como Princesa Alba, Los Jaivas y Los Tres.<\/p>\n<p style=\"text-align: justify;\">Producido por el Ministerio de las Culturas, las Artes y el Patrimonio a trav\u00e9s de su programa Escuelas de Rock y M\u00fasica Popular, Rock\u00f3dromo 2022 y todas sus actividades se desarrollar\u00e1n en la comuna de Valpara\u00edso desde el 15 al 18 de diciembre, con sus dos fechas centrales dispuestas para el s\u00e1bado 17 y domingo 18 en el Parque Alejo Barrios y entrada liberada en toda su programaci\u00f3n.<\/p>\n<p style=\"text-align: justify;\">\u201cComo Ministerio de las Culturas valoramos la recuperaci\u00f3n de los espacios p\u00fablicos, especialmente de la mano de jornadas art\u00edsticas que nos permitan reactivar al sector y a la industria en general. Esta edici\u00f3n de Rock\u00f3dromo contar\u00e1 con un estimado de 400 personas en trabajos de producci\u00f3n y cerca de 390 m\u00fasicos en escena\u201d, destaca la ministra de las Culturas, Julieta Brodsky Hern\u00e1ndez. A eso agrega que \u201cadem\u00e1s de ser una muestra variada y contundente del panorama musical nacional, es una apuesta t\u00e9cnica de calidad, con presentaciones de primer nivel y por primera vez representativas de todas las regiones del pa\u00eds, provenientes de los procesos formativos de las Escuelas de Rock\u201d.<\/p>\n<p style=\"text-align: justify;\">\u201cQueremos que Rock\u00f3dromo no sea solo estos cuatro d\u00edas sino que est\u00e9 vigente durante todo el a\u00f1o, para que las y los artistas nacionales puedan activar sus distintas regiones con programaci\u00f3n. Les invitamos a revisar la cartelera en escuelasderock.cultura.gob.cl y participar en los distintos escenarios, para todos los gustos y todos los p\u00fablicos. Este festival es un gran tanque de ox\u00edgeno para la reactivaci\u00f3n del sector y de las audiencias\u201d, dice la subsecretaria de las Culturas y las Artes, Andrea Guti\u00e9rrez V\u00e1squez.<\/p>\n<p style=\"text-align: justify;\">Bajo el lema \u00a1Viento en popa!, el certamen apuntala su regreso en sus llamadas figuras de trayectoria: Los Jaivas abriendo las celebraciones por sus 60 a\u00f1os de vida; la banda Los Tres en medio de una gira que rescata un repertorio in\u00e9dito para sus presentaciones en vivo; una leyenda del bolero porte\u00f1o, Luis Alberto Mart\u00ednez; emblemas del rock nacional como Chancho en Piedra; pr\u00f3ceres del metal local en plena actividad como Torturer; la fiesta popular de Macha &amp; Cabezas Rojas; el carnaval altipl\u00e1nico con Banda Conmoci\u00f3n; Princesa Alba y la nueva m\u00fasica urbana; Camila Moreno y Javiera Mena para nuevos y desafiantes abordajes para la m\u00fasica pop.<\/p>\n<p style=\"text-align: justify;\">Junto a ellos y ellas, bandas y solistas provenientes de las 16 regiones del pa\u00eds, participantes de los ciclos de formaci\u00f3n de Escuelas de Rock y M\u00fasica Popular. Rock\u00f3dromo, adem\u00e1s, se pliega a la celebraci\u00f3n del D\u00eda del Migrante con la realizaci\u00f3n del Escenario Intercultural Winnipeg Sin Fronteras. En total, ser\u00e1n cinco los escenarios sobre el predio de Playa Ancha, con un estimado de 400 personas en trabajos de producci\u00f3n; y cerca de 390 m\u00fasicos en escena.<\/p>\n<p style=\"text-align: justify;\">Alan Reale, m\u00fasico de la banda Los Jaivas, fue parte del lanzamiento realizado hoy en la terraza del Ministerio de las Culturas en Valpara\u00edso, donde asegur\u00f3 que \u201ceste Rock\u00f3dromo va a ser nuestra \u00faltima presentaci\u00f3n del a\u00f1o 2022 y bien puede ser el puntapi\u00e9 inicial de la celebraci\u00f3n de los 60 a\u00f1os de Los Jaivas. Valpara\u00edso es nuestra casa, un lugar donde nos conocen y la gente nos quiere mucho. Estamos tremendamente contentos de tocar en este festival\u201d.<\/p>\n<p style=\"text-align: justify;\"><strong>Industria y reactivaci\u00f3n<\/strong><\/p>\n<p style=\"text-align: justify;\">Junto a las dos fechas centrales en el Parque Alejo Barrios, el festival contempla otras actividades en la comuna. El Teatro Municipal de Valpara\u00edso ser\u00e1 sede para la Gala Ciudades Musicales Unesco, actividad que inaugura el jueves 15 la edici\u00f3n XVIII de Rock\u00f3dromo con un espect\u00e1culo dedicado al repertorio popular de Valpara\u00edso, con la participaci\u00f3n del director y compositor Sebasti\u00e1n Err\u00e1zuriz desde Frutillar; y la Orquesta Marga-Marga junto a artistas de la ciudad puerto.<\/p>\n<p style=\"text-align: justify;\">Rock\u00f3dromo 2022, adem\u00e1s, dispondr\u00e1 de un espacio de discusi\u00f3n y encuentro para agentes y programadores de la industria musical, Rock\u00f3dromo Industria, con jornadas los d\u00edas viernes 16 y s\u00e1bado 17 en la Facultad de Arquitectura de la Universidad de Valpara\u00edso. All\u00ed se discutir\u00e1n alcances sobre la realizaci\u00f3n de conciertos y eventos culturales en el escenario pospandemia.<\/p>\n<p style=\"text-align: justify;\">As\u00ed, el festival asume su responsabilidad dentro de la reactivaci\u00f3n del \u00e1rea con antecedentes a la mano: la m\u00e1s reciente edici\u00f3n presencial de Rock\u00f3dromo a la fecha, realizada en febrero de 2019, cifr\u00f3 su impacto econ\u00f3mico indirecto hacia la ciudad de Valpara\u00edso en $244.247.326, de acuerdo a un estudio encargado ese a\u00f1o a la empresa Fanear Labs.<\/p>\n<p style=\"text-align: justify;\">El cartel completo del festival, adem\u00e1s de su programaci\u00f3n diaria y todos los detalles que seguir\u00e1 revelando su edici\u00f3n XVIII se encuentran en escuelasderock.cultura.gob.cl.<\/p>\n<\/div><\/section><\/div><div  style='height:50px' class='hr hr-invisible   avia-builder-el-6  el_after_av_one_full  el_before_av_social_share '><span class='hr-inner ' ><span class='hr-inner-style'><\/span><\/span><\/div><\/p>\n<div  class='av-social-sharing-box  avia-builder-el-7  el_after_av_hr  el_before_av_hr  '><div class='av-share-box'><h5 class='av-share-link-description av-no-toc '>Compartir esta noticia<\/h5><ul class='av-share-box-list noLightbox'><li class='av-share-link av-social-link-facebook' ><a target=\"_blank\" aria-label=\"Compartir en Facebook\" href='https:\/\/www.facebook.com\/sharer.php?u=https:\/\/radiorevelacionfm.cl\/?p=23775&#038;t=M%C3%BAsico%20de%20Ays%C3%A9n%20se%20presentar%C3%A1%20en%20nueva%20versi%C3%B3n%20del%20Rock%C3%B3dromo%20en%20Valpara%C3%ADso%20con%20m%C3%A1s%20de%2060%20bandas%20de%20todo%20el%20pa%C3%ADs' aria-hidden='false' data-av_icon='\ue8f3' data-av_iconfont='entypo-fontello' title='' data-avia-related-tooltip='Compartir en Facebook' rel=\"noopener\"><span class='avia_hidden_link_text'>Compartir en Facebook<\/span><\/a><\/li><li class='av-share-link av-social-link-twitter' ><a target=\"_blank\" aria-label=\"Compartir en Twitter\" href='https:\/\/twitter.com\/share?text=M%C3%BAsico%20de%20Ays%C3%A9n%20se%20presentar%C3%A1%20en%20nueva%20versi%C3%B3n%20del%20Rock%C3%B3dromo%20en%20Valpara%C3%ADso%20con%20m%C3%A1s%20de%2060%20bandas%20de%20todo%20el%20pa%C3%ADs&#038;url=https:\/\/radiorevelacionfm.cl\/?p=23775' aria-hidden='false' data-av_icon='\ue8f1' data-av_iconfont='entypo-fontello' title='' data-avia-related-tooltip='Compartir en Twitter' rel=\"noopener\"><span class='avia_hidden_link_text'>Compartir en Twitter<\/span><\/a><\/li><li class='av-share-link av-social-link-whatsapp' ><a target=\"_blank\" aria-label=\"Compartir en Whatsapp\" href='https:\/\/api.whatsapp.com\/send?text=https:\/\/radiorevelacionfm.cl\/?p=23775' aria-hidden='false' data-av_icon='\uf232' data-av_iconfont='entypo-fontello' title='' data-avia-related-tooltip='Compartir en Whatsapp' rel=\"noopener\"><span class='avia_hidden_link_text'>Compartir en Whatsapp<\/span><\/a><\/li><li class='av-share-link av-social-link-linkedin' ><a target=\"_blank\" aria-label=\"Compartir en LinkedIn\" href='https:\/\/linkedin.com\/shareArticle?mini=true&#038;title=M%C3%BAsico%20de%20Ays%C3%A9n%20se%20presentar%C3%A1%20en%20nueva%20versi%C3%B3n%20del%20Rock%C3%B3dromo%20en%20Valpara%C3%ADso%20con%20m%C3%A1s%20de%2060%20bandas%20de%20todo%20el%20pa%C3%ADs&#038;url=https:\/\/radiorevelacionfm.cl\/?p=23775' aria-hidden='false' data-av_icon='\ue8fc' data-av_iconfont='entypo-fontello' title='' data-avia-related-tooltip='Compartir en LinkedIn' rel=\"noopener\"><span class='avia_hidden_link_text'>Compartir en LinkedIn<\/span><\/a><\/li><li class='av-share-link av-social-link-mail' ><a  aria-label=\"Compartir por correo\" href='mailto:?subject=M%C3%BAsico%20de%20Ays%C3%A9n%20se%20presentar%C3%A1%20en%20nueva%20versi%C3%B3n%20del%20Rock%C3%B3dromo%20en%20Valpara%C3%ADso%20con%20m%C3%A1s%20de%2060%20bandas%20de%20todo%20el%20pa%C3%ADs&#038;body=https:\/\/radiorevelacionfm.cl\/?p=23775' aria-hidden='false' data-av_icon='\ue805' data-av_iconfont='entypo-fontello' title='' data-avia-related-tooltip='Compartir por correo'><span class='avia_hidden_link_text'>Compartir por correo<\/span><\/a><\/li><\/ul><\/div><\/div>\n<div  style='height:50px' class='hr hr-invisible   avia-builder-el-8  el_after_av_social_share  el_before_av_comments_list '><span class='hr-inner ' ><span class='hr-inner-style'><\/span><\/span><\/div>\n<div  class='av-buildercomment  av-blog-meta-html-info-disabled av-blog-meta-tag-disabled  '><\/div>\n","protected":false},"excerpt":{"rendered":"","protected":false},"author":1,"featured_media":23776,"comment_status":"open","ping_status":"open","sticky":false,"template":"","format":"standard","meta":{"footnotes":""},"categories":[43],"tags":[],"class_list":["post-23775","post","type-post","status-publish","format-standard","has-post-thumbnail","hentry","category-musica"],"jetpack_featured_media_url":"https:\/\/radiorevelacionfm.cl\/wp-content\/uploads\/2022\/11\/Lanzamiento-Rockodromo-1.jpg","_links":{"self":[{"href":"https:\/\/radiorevelacionfm.cl\/index.php?rest_route=\/wp\/v2\/posts\/23775","targetHints":{"allow":["GET"]}}],"collection":[{"href":"https:\/\/radiorevelacionfm.cl\/index.php?rest_route=\/wp\/v2\/posts"}],"about":[{"href":"https:\/\/radiorevelacionfm.cl\/index.php?rest_route=\/wp\/v2\/types\/post"}],"author":[{"embeddable":true,"href":"https:\/\/radiorevelacionfm.cl\/index.php?rest_route=\/wp\/v2\/users\/1"}],"replies":[{"embeddable":true,"href":"https:\/\/radiorevelacionfm.cl\/index.php?rest_route=%2Fwp%2Fv2%2Fcomments&post=23775"}],"version-history":[{"count":2,"href":"https:\/\/radiorevelacionfm.cl\/index.php?rest_route=\/wp\/v2\/posts\/23775\/revisions"}],"predecessor-version":[{"id":23779,"href":"https:\/\/radiorevelacionfm.cl\/index.php?rest_route=\/wp\/v2\/posts\/23775\/revisions\/23779"}],"wp:featuredmedia":[{"embeddable":true,"href":"https:\/\/radiorevelacionfm.cl\/index.php?rest_route=\/wp\/v2\/media\/23776"}],"wp:attachment":[{"href":"https:\/\/radiorevelacionfm.cl\/index.php?rest_route=%2Fwp%2Fv2%2Fmedia&parent=23775"}],"wp:term":[{"taxonomy":"category","embeddable":true,"href":"https:\/\/radiorevelacionfm.cl\/index.php?rest_route=%2Fwp%2Fv2%2Fcategories&post=23775"},{"taxonomy":"post_tag","embeddable":true,"href":"https:\/\/radiorevelacionfm.cl\/index.php?rest_route=%2Fwp%2Fv2%2Ftags&post=23775"}],"curies":[{"name":"wp","href":"https:\/\/api.w.org\/{rel}","templated":true}]}}