{"id":23772,"date":"2022-11-04T09:51:32","date_gmt":"2022-11-04T12:51:32","guid":{"rendered":"https:\/\/radiorevelacionfm.cl\/?p=23772"},"modified":"2022-11-04T09:51:32","modified_gmt":"2022-11-04T12:51:32","slug":"uaysen-inicio-talleres-presenciales-del-programa-seamoscomunidad-para-reforzar-el-bienestar-y-la-convivencia-escolar","status":"publish","type":"post","link":"https:\/\/radiorevelacionfm.cl\/?p=23772","title":{"rendered":"UAys\u00e9n inici\u00f3 talleres presenciales del programa #SeamosComunidad para reforzar el bienestar y la convivencia escolar"},"content":{"rendered":"<div class=\"flex_column av_one_full  flex_column_div av-zero-column-padding first  avia-builder-el-0  el_before_av_one_full  avia-builder-el-first  \" style='border-radius:0px; '><div  class='avia-image-container  av-styling-    avia-builder-el-1  avia-builder-el-no-sibling  avia-align-center '  itemprop=\"image\" itemscope=\"itemscope\" itemtype=\"https:\/\/schema.org\/ImageObject\"  ><div class='avia-image-container-inner'><div class='avia-image-overlay-wrap'><img decoding=\"async\" class='wp-image-23773 avia-img-lazy-loading-not-23773 avia_image' src=\"https:\/\/radiorevelacionfm.cl\/wp-content\/uploads\/2022\/11\/taller-cpeip2-1_optimized.jpeg\" alt='' title='taller-cpeip2-(1)_optimized' height=\"600\" width=\"1231\"  itemprop=\"thumbnailUrl\" srcset=\"https:\/\/radiorevelacionfm.cl\/wp-content\/uploads\/2022\/11\/taller-cpeip2-1_optimized.jpeg 1231w, https:\/\/radiorevelacionfm.cl\/wp-content\/uploads\/2022\/11\/taller-cpeip2-1_optimized-300x146.jpeg 300w, https:\/\/radiorevelacionfm.cl\/wp-content\/uploads\/2022\/11\/taller-cpeip2-1_optimized-1030x502.jpeg 1030w, https:\/\/radiorevelacionfm.cl\/wp-content\/uploads\/2022\/11\/taller-cpeip2-1_optimized-768x374.jpeg 768w, https:\/\/radiorevelacionfm.cl\/wp-content\/uploads\/2022\/11\/taller-cpeip2-1_optimized-705x344.jpeg 705w, https:\/\/radiorevelacionfm.cl\/wp-content\/uploads\/2022\/11\/taller-cpeip2-1_optimized-600x292.jpeg 600w\" sizes=\"(max-width: 1231px) 100vw, 1231px\" \/><\/div><\/div><\/div><\/div><div class=\"flex_column av_one_full  flex_column_div av-zero-column-padding first  avia-builder-el-2  el_after_av_one_full  el_before_av_one_full  column-top-margin\" style='border-radius:0px; '><section class=\"av_textblock_section \"  itemscope=\"itemscope\" itemtype=\"https:\/\/schema.org\/BlogPosting\" itemprop=\"blogPost\" ><div class='avia_textblock  '   itemprop=\"text\" ><p style=\"text-align: center;\"><strong><span style=\"font-size: 18pt;\">UAys\u00e9n inici\u00f3 talleres presenciales del programa #SeamosComunidad para reforzar el bienestar y la convivencia escolar<\/span><\/strong><\/p>\n<div id=\"gtx-trans\" style=\"position: absolute; left: -50px; top: 4.31534px;\">\n<div class=\"gtx-trans-icon\"><\/div>\n<\/div>\n<\/div><\/section><\/div><div class=\"flex_column av_one_full  flex_column_div av-zero-column-padding first  avia-builder-el-4  el_after_av_one_full  el_before_av_hr  column-top-margin\" style='border-radius:0px; '><section class=\"av_textblock_section \"  itemscope=\"itemscope\" itemtype=\"https:\/\/schema.org\/BlogPosting\" itemprop=\"blogPost\" ><div class='avia_textblock  '   itemprop=\"text\" ><p style=\"text-align: justify;\">En el marco de la pol\u00edtica p\u00fablica de Reactivaci\u00f3n Educativa Integral #SeamosComunidad, impulsada por el Ministerio de Educaci\u00f3n (MINEDUC)\u00a0 , la Universidad de Ays\u00e9n comenz\u00f3 a impartir una serie de\u00a0 talleres para responder a las necesidades territoriales de las comunidades educativas de nuestra regi\u00f3n en materia de salud mental y convivencia escolar.<\/p>\n<p style=\"text-align: justify;\">La iniciativa surge, entre otros factores,\u00a0 por el aumento en las denuncias sobre maltrato f\u00edsico y psicol\u00f3gico entre los estudiantes tras el retorno a la presencialidad en comparaci\u00f3n al promedio de los a\u00f1os previos a la pandemia y es parte de un acuerdo de cooperaci\u00f3n y colaboraci\u00f3n del MINEDUC con el Consorcio de Universidades del Estado de Chile (CUECH), la Universidad Austral y la colaboraci\u00f3n del Ministerio de Salud.<\/p>\n<p style=\"text-align: justify;\">Para el director de Vinculaci\u00f3n con el Medio de la UAys\u00e9n, Johnny Valencia , \u201cEste tipo de talleres no hace m\u00e1s que generar y gestionar conocimiento en Ays\u00e9n para los docentes y colaboradores de la educaci\u00f3n permitiendo\u00a0 avanzar en justicia educacional para el territorio. Desde una universidad estatal y de calidad nos corresponde apoyar la transformaci\u00f3n de las trayectorias formativas, individuales y colectivas la regi\u00f3n\u201d.<\/p>\n<p style=\"text-align: justify;\">Por su parte la Seremi de Educaci\u00f3n, Isabel Garrido, relev\u00f3 que \u201ceste tipo de talleres apoyar\u00e1n a miles de profesores, profesoras y asistentes de la educaci\u00f3n para que puedan contar con herramientas para ayudar a las y los estudiantes. Tenemos una tarea importante, no solo en las brechas de aprendizaje asociadas a las asignaturas propias del curr\u00edculum, sino tambi\u00e9n a la formaci\u00f3n integral, que es parte de nuestro foco y de aquello que estamos presentando al pa\u00eds como un cambio en el paradigma educativo\u201d.<\/p>\n<p style=\"text-align: justify;\">Las actividades se iniciaron el martes 25 de octubre en\u00a0 un c\u00e9ntrico hotel de Coyhaique donde los relatores Elisa Weinstein y Jos\u00e9 Am\u00e9stica capacitaron a los asistentes en bienestar emocional para que quienes est\u00e1n a cargo de los estudiantes se sientan individualmente bien, algo as\u00ed como, \u201ccuidar a los que cuidamos\u201d relevando la importancia del autocuidado y c\u00f3mo las instituciones deben cuidar a sus colaboradores.<\/p>\n<p style=\"text-align: justify;\">El principal objetivo de estos talleres con pertinencia local dise\u00f1ados conjuntamente con el Centro de Perfeccionamiento, Experimentaci\u00f3n e Investigaciones Pedag\u00f3gicas (CPEIP)\u00a0 y dirigidos a profesoras y profesores, directivos con horas aula, profesores jefes, educadoras\/es de p\u00e1rvulo, entre otros, es entregar las herramientas\u00a0 para desarrollar ambientes educativos orientados a la buena convivencia, salud mental y autocuidado, adem\u00e1s de fomentar el desarrollo socioemocional de la comunidad escolar.<\/p>\n<p style=\"text-align: justify;\">El cronograma incluye la dictaci\u00f3n de m\u00e1s talleres en Puerto Ays\u00e9n, Cochrane y Puerto Cisnes la \u00faltima semana de octubre y en noviembre con la incorporaci\u00f3n de las acad\u00e9micas Julia Cubillos y Romina Aranda al staff de relatores.<\/p>\n<p style=\"text-align: justify;\">Para mayor informaci\u00f3n e inscripciones escribir a convivencia.escolar@uaysen.cl<\/p>\n<\/div><\/section><\/div><div  style='height:50px' class='hr hr-invisible   avia-builder-el-6  el_after_av_one_full  el_before_av_social_share '><span class='hr-inner ' ><span class='hr-inner-style'><\/span><\/span><\/div><\/p>\n<div  class='av-social-sharing-box  avia-builder-el-7  el_after_av_hr  el_before_av_hr  '><div class='av-share-box'><h5 class='av-share-link-description av-no-toc '>Compartir esta noticia<\/h5><ul class='av-share-box-list noLightbox'><li class='av-share-link av-social-link-facebook' ><a target=\"_blank\" aria-label=\"Compartir en Facebook\" href='https:\/\/www.facebook.com\/sharer.php?u=https:\/\/radiorevelacionfm.cl\/?p=23772&#038;t=UAys%C3%A9n%20inici%C3%B3%20talleres%20presenciales%20del%20programa%20%23SeamosComunidad%20para%20reforzar%20el%20bienestar%20y%20la%20convivencia%20escolar' aria-hidden='false' data-av_icon='\ue8f3' data-av_iconfont='entypo-fontello' title='' data-avia-related-tooltip='Compartir en Facebook' rel=\"noopener\"><span class='avia_hidden_link_text'>Compartir en Facebook<\/span><\/a><\/li><li class='av-share-link av-social-link-twitter' ><a target=\"_blank\" aria-label=\"Compartir en Twitter\" href='https:\/\/twitter.com\/share?text=UAys%C3%A9n%20inici%C3%B3%20talleres%20presenciales%20del%20programa%20%23SeamosComunidad%20para%20reforzar%20el%20bienestar%20y%20la%20convivencia%20escolar&#038;url=https:\/\/radiorevelacionfm.cl\/?p=23772' aria-hidden='false' data-av_icon='\ue8f1' data-av_iconfont='entypo-fontello' title='' data-avia-related-tooltip='Compartir en Twitter' rel=\"noopener\"><span class='avia_hidden_link_text'>Compartir en Twitter<\/span><\/a><\/li><li class='av-share-link av-social-link-whatsapp' ><a target=\"_blank\" aria-label=\"Compartir en Whatsapp\" href='https:\/\/api.whatsapp.com\/send?text=https:\/\/radiorevelacionfm.cl\/?p=23772' aria-hidden='false' data-av_icon='\uf232' data-av_iconfont='entypo-fontello' title='' data-avia-related-tooltip='Compartir en Whatsapp' rel=\"noopener\"><span class='avia_hidden_link_text'>Compartir en Whatsapp<\/span><\/a><\/li><li class='av-share-link av-social-link-linkedin' ><a target=\"_blank\" aria-label=\"Compartir en LinkedIn\" href='https:\/\/linkedin.com\/shareArticle?mini=true&#038;title=UAys%C3%A9n%20inici%C3%B3%20talleres%20presenciales%20del%20programa%20%23SeamosComunidad%20para%20reforzar%20el%20bienestar%20y%20la%20convivencia%20escolar&#038;url=https:\/\/radiorevelacionfm.cl\/?p=23772' aria-hidden='false' data-av_icon='\ue8fc' data-av_iconfont='entypo-fontello' title='' data-avia-related-tooltip='Compartir en LinkedIn' rel=\"noopener\"><span class='avia_hidden_link_text'>Compartir en LinkedIn<\/span><\/a><\/li><li class='av-share-link av-social-link-mail' ><a  aria-label=\"Compartir por correo\" href='mailto:?subject=UAys%C3%A9n%20inici%C3%B3%20talleres%20presenciales%20del%20programa%20%23SeamosComunidad%20para%20reforzar%20el%20bienestar%20y%20la%20convivencia%20escolar&#038;body=https:\/\/radiorevelacionfm.cl\/?p=23772' aria-hidden='false' data-av_icon='\ue805' data-av_iconfont='entypo-fontello' title='' data-avia-related-tooltip='Compartir por correo'><span class='avia_hidden_link_text'>Compartir por correo<\/span><\/a><\/li><\/ul><\/div><\/div>\n<div  style='height:50px' class='hr hr-invisible   avia-builder-el-8  el_after_av_social_share  el_before_av_comments_list '><span class='hr-inner ' ><span class='hr-inner-style'><\/span><\/span><\/div>\n<div  class='av-buildercomment  av-blog-meta-html-info-disabled av-blog-meta-tag-disabled  '><\/div>\n","protected":false},"excerpt":{"rendered":"","protected":false},"author":1,"featured_media":23773,"comment_status":"open","ping_status":"open","sticky":false,"template":"","format":"standard","meta":{"footnotes":""},"categories":[49],"tags":[],"class_list":["post-23772","post","type-post","status-publish","format-standard","has-post-thumbnail","hentry","category-educacion"],"jetpack_featured_media_url":"https:\/\/radiorevelacionfm.cl\/wp-content\/uploads\/2022\/11\/taller-cpeip2-1_optimized.jpeg","_links":{"self":[{"href":"https:\/\/radiorevelacionfm.cl\/index.php?rest_route=\/wp\/v2\/posts\/23772","targetHints":{"allow":["GET"]}}],"collection":[{"href":"https:\/\/radiorevelacionfm.cl\/index.php?rest_route=\/wp\/v2\/posts"}],"about":[{"href":"https:\/\/radiorevelacionfm.cl\/index.php?rest_route=\/wp\/v2\/types\/post"}],"author":[{"embeddable":true,"href":"https:\/\/radiorevelacionfm.cl\/index.php?rest_route=\/wp\/v2\/users\/1"}],"replies":[{"embeddable":true,"href":"https:\/\/radiorevelacionfm.cl\/index.php?rest_route=%2Fwp%2Fv2%2Fcomments&post=23772"}],"version-history":[{"count":2,"href":"https:\/\/radiorevelacionfm.cl\/index.php?rest_route=\/wp\/v2\/posts\/23772\/revisions"}],"predecessor-version":[{"id":23792,"href":"https:\/\/radiorevelacionfm.cl\/index.php?rest_route=\/wp\/v2\/posts\/23772\/revisions\/23792"}],"wp:featuredmedia":[{"embeddable":true,"href":"https:\/\/radiorevelacionfm.cl\/index.php?rest_route=\/wp\/v2\/media\/23773"}],"wp:attachment":[{"href":"https:\/\/radiorevelacionfm.cl\/index.php?rest_route=%2Fwp%2Fv2%2Fmedia&parent=23772"}],"wp:term":[{"taxonomy":"category","embeddable":true,"href":"https:\/\/radiorevelacionfm.cl\/index.php?rest_route=%2Fwp%2Fv2%2Fcategories&post=23772"},{"taxonomy":"post_tag","embeddable":true,"href":"https:\/\/radiorevelacionfm.cl\/index.php?rest_route=%2Fwp%2Fv2%2Ftags&post=23772"}],"curies":[{"name":"wp","href":"https:\/\/api.w.org\/{rel}","templated":true}]}}