{"id":23769,"date":"2022-11-03T17:11:11","date_gmt":"2022-11-03T20:11:11","guid":{"rendered":"https:\/\/radiorevelacionfm.cl\/?p=23769"},"modified":"2022-11-03T17:11:11","modified_gmt":"2022-11-03T20:11:11","slug":"estudiantes-de-puerto-aguirre-y-caleta-andrade-participaron-activamente-en-taller-de-planificacion-territorial-del-minvu","status":"publish","type":"post","link":"https:\/\/radiorevelacionfm.cl\/?p=23769","title":{"rendered":"Estudiantes de Puerto Aguirre y Caleta Andrade participaron activamente en taller de planificaci\u00f3n territorial del Minvu"},"content":{"rendered":"<div class=\"flex_column av_one_full  flex_column_div av-zero-column-padding first  avia-builder-el-0  el_before_av_one_full  avia-builder-el-first  \" style='border-radius:0px; '><div  class='avia-image-container  av-styling-    avia-builder-el-1  avia-builder-el-no-sibling  avia-align-center '  itemprop=\"image\" itemscope=\"itemscope\" itemtype=\"https:\/\/schema.org\/ImageObject\"  ><div class='avia-image-container-inner'><div class='avia-image-overlay-wrap'><img decoding=\"async\" class='wp-image-23770 avia-img-lazy-loading-not-23770 avia_image' src=\"https:\/\/radiorevelacionfm.cl\/wp-content\/uploads\/2022\/11\/trabajo-grupal-taller-Minvu-Islas-Huichas-1-1.jpeg\" alt='' title='trabajo grupal taller Minvu Islas Huichas (1) (1)' height=\"600\" width=\"800\"  itemprop=\"thumbnailUrl\" srcset=\"https:\/\/radiorevelacionfm.cl\/wp-content\/uploads\/2022\/11\/trabajo-grupal-taller-Minvu-Islas-Huichas-1-1.jpeg 800w, https:\/\/radiorevelacionfm.cl\/wp-content\/uploads\/2022\/11\/trabajo-grupal-taller-Minvu-Islas-Huichas-1-1-300x225.jpeg 300w, https:\/\/radiorevelacionfm.cl\/wp-content\/uploads\/2022\/11\/trabajo-grupal-taller-Minvu-Islas-Huichas-1-1-768x576.jpeg 768w, https:\/\/radiorevelacionfm.cl\/wp-content\/uploads\/2022\/11\/trabajo-grupal-taller-Minvu-Islas-Huichas-1-1-705x529.jpeg 705w, https:\/\/radiorevelacionfm.cl\/wp-content\/uploads\/2022\/11\/trabajo-grupal-taller-Minvu-Islas-Huichas-1-1-600x450.jpeg 600w\" sizes=\"(max-width: 800px) 100vw, 800px\" \/><\/div><\/div><\/div><\/div><div class=\"flex_column av_one_full  flex_column_div av-zero-column-padding first  avia-builder-el-2  el_after_av_one_full  el_before_av_one_full  column-top-margin\" style='border-radius:0px; '><section class=\"av_textblock_section \"  itemscope=\"itemscope\" itemtype=\"https:\/\/schema.org\/BlogPosting\" itemprop=\"blogPost\" ><div class='avia_textblock  '   itemprop=\"text\" ><p style=\"text-align: center;\"><strong><span style=\"font-size: 18pt;\">Estudiantes de Puerto Aguirre y Caleta Andrade participaron activamente en taller de planificaci\u00f3n territorial del Minvu<\/span><\/strong><\/p>\n<div id=\"gtx-trans\" style=\"position: absolute; left: -50px; top: 4.31534px;\">\n<div class=\"gtx-trans-icon\"><\/div>\n<\/div>\n<\/div><\/section><\/div><div class=\"flex_column av_one_full  flex_column_div av-zero-column-padding first  avia-builder-el-4  el_after_av_one_full  el_before_av_hr  column-top-margin\" style='border-radius:0px; '><section class=\"av_textblock_section \"  itemscope=\"itemscope\" itemtype=\"https:\/\/schema.org\/BlogPosting\" itemprop=\"blogPost\" ><div class='avia_textblock  '   itemprop=\"text\" ><p style=\"text-align: justify;\">Con gran entusiasmo y participaci\u00f3n de los estudiantes se desarroll\u00f3 recientemente en las escuelas de Puerto Aguirre y Caleta Andrade un taller sobre Planificaci\u00f3n Territorial para ni\u00f1os y ni\u00f1as, el cual fue organizado y desarrollado por la Secretar\u00eda Regional Ministerial de Vivienda y Urbanismo de la regi\u00f3n de Ays\u00e9n.<\/p>\n<p style=\"text-align: justify;\">Para dictar la charla se trasladaron hasta la isla \u201cLas Huichas\u201d, en la zona insular norte de la regi\u00f3n de Ays\u00e9n, el Jefe del Departamento de Desarrollo Urbano de la Seremi, Pedro Sade y la Encargada de Participaci\u00f3n Ciudadana, Camila Pizarro, quienes tuvieron su primer encuentro en la Escuela Pedro Aguirre Cerda, de Puerto Aguirre. All\u00ed compartieron y trabajaron con 25 alumnos y alumnas pertenecientes a los niveles de pre b\u00e1sica a segundo a\u00f1o b\u00e1sico, adem\u00e1s de los docentes y el director del establecimiento.<\/p>\n<p style=\"text-align: justify;\">Al d\u00eda siguiente se replic\u00f3 la actividad en la Escuela Carlos Condell de Caleta Andrade, donde participaron cerca de 40 ni\u00f1os y ni\u00f1as pertenecientes a los niveles de pre b\u00e1sica a sexto b\u00e1sico, tambi\u00e9n con la activa participaci\u00f3n de directivos y profesores.<\/p>\n<p style=\"text-align: justify;\">Tanto los docentes como los alumnos valoraron la realizaci\u00f3n del taller denominado \u201cConstruyendo mi Localidad\u201d, destacando que es primera vez que un Ministerio muestra de manera l\u00fadica a los y las menores una parte de la labor que realizan, incentivando as\u00ed la participaci\u00f3n, el conocimiento y la identificaci\u00f3n con su realidad y su territorio.<\/p>\n<p style=\"text-align: justify;\">De igual forma la Seremi de Vivienda, Paulina Ruz, calific\u00f3 las jornadas como un gran avance en materia de educaci\u00f3n, integraci\u00f3n y participaci\u00f3n, objetivos que son una prioridad para el Gobierno y para el Ministerio de Vivienda. \u201cNos parece muy importante y hasta fundamental para el futuro de la regi\u00f3n y del pa\u00eds que nuestros ni\u00f1os y j\u00f3venes puedan estar informados de los temas que tienen que ver con su presente, con su futuro y con su calidad de vida. El objetivo era compartir con ellos, ofrecer espacios para que opinen, para que propongan y para que aporten desde su visi\u00f3n particular a este desarrollo de su territorio, y creo que se logr\u00f3 con creces. Tuvimos una gran participaci\u00f3n, mucha alegr\u00eda, muchas ideas y un acercamiento que de verdad nos enriquece como personas y como profesionales\u201d, manifest\u00f3.<\/p>\n<p style=\"text-align: justify;\">Para el Jefe del Departamento de Desarrollo Urbano de la Seremi, Pedro Sade, dictar las charlas fue una gran oportunidad de compartir con los alumnos y alumnas, acercando el Ministerio de Vivienda y su trabajo a las comunidades. \u201cNos tuvimos que adaptar a la mejor forma de contarles a los ni\u00f1os lo que significa la planificaci\u00f3n urbana. Fue una bonita experiencia, muy participativa, con planos de su isla y lo que se necesita para construir una ciudad. Hablamos de zonas de riesgo, necesidades b\u00e1sicas, equipamiento, conexi\u00f3n entre las casas, los caminos y en base a mucha participaci\u00f3n fuimos explicando que todo eso es lo que se debe tener en cuenta a la hora de armar una ciudad, ya que en eso consiste la planificaci\u00f3n. Usamos fotos y recortes, de manera que la actividad fue muy bonita y entretenida\u201d, precis\u00f3.<\/p>\n<p style=\"text-align: justify;\">El Director de la Escuela de Puerto Aguirre, Felipe Ram\u00edrez, valor\u00f3 la presencia de los profesionales del Minvu y su forma de compartir la informaci\u00f3n con los y las estudiantes para generar desde muy temprana edad inquietudes y compromisos que sin duda ser\u00e1n muy importantes para su formaci\u00f3n. \u201cComenzar desde peque\u00f1o a pensar el territorio, el maritorio, como usar los recursos de mejor manera, con una l\u00f3gica de protecci\u00f3n al medio ambiente, a escala humana, proyectar el desarrollo con los ni\u00f1os, creo que es una innovaci\u00f3n tremendamente fundamental en el Chile actual. Creo que va en la l\u00f3gica tambi\u00e9n de lo que ha planteado el Presidente de la Rep\u00fablica Gabriel B\u00f3ric, quien ha dicho que los ni\u00f1os tienen una prioridad alt\u00edsima dentro de las pol\u00edticas p\u00fablicas. Creo que el Ministerio de Vivienda ha hecho eco de esto y ha generado una de las mejores iniciativas que he podido verificar en mi corto tiempo en la regi\u00f3n\u201d, asegur\u00f3.<\/p>\n<p style=\"text-align: justify;\">Al finalizar los talleres cada alumno recibi\u00f3 con orgullo y alegr\u00eda un diploma que deja constancia de su participaci\u00f3n, sus sue\u00f1os y sus aportes, ya que desde ahora no ser\u00e1n solo observadores sino protagonistas de su presente y de su futuro como habitantes del archipi\u00e9lago de Islas Huichas, en el norte de la regi\u00f3n de Ays\u00e9n.<\/p>\n<\/div><\/section><\/div><div  style='height:50px' class='hr hr-invisible   avia-builder-el-6  el_after_av_one_full  el_before_av_social_share '><span class='hr-inner ' ><span class='hr-inner-style'><\/span><\/span><\/div><\/p>\n<div  class='av-social-sharing-box  avia-builder-el-7  el_after_av_hr  el_before_av_hr  '><div class='av-share-box'><h5 class='av-share-link-description av-no-toc '>Compartir esta noticia<\/h5><ul class='av-share-box-list noLightbox'><li class='av-share-link av-social-link-facebook' ><a target=\"_blank\" aria-label=\"Compartir en Facebook\" href='https:\/\/www.facebook.com\/sharer.php?u=https:\/\/radiorevelacionfm.cl\/?p=23769&#038;t=Estudiantes%20de%20Puerto%20Aguirre%20y%20Caleta%20Andrade%20participaron%20activamente%20en%20taller%20de%20planificaci%C3%B3n%20territorial%20del%20Minvu' aria-hidden='false' data-av_icon='\ue8f3' data-av_iconfont='entypo-fontello' title='' data-avia-related-tooltip='Compartir en Facebook' rel=\"noopener\"><span class='avia_hidden_link_text'>Compartir en Facebook<\/span><\/a><\/li><li class='av-share-link av-social-link-twitter' ><a target=\"_blank\" aria-label=\"Compartir en Twitter\" href='https:\/\/twitter.com\/share?text=Estudiantes%20de%20Puerto%20Aguirre%20y%20Caleta%20Andrade%20participaron%20activamente%20en%20taller%20de%20planificaci%C3%B3n%20territorial%20del%20Minvu&#038;url=https:\/\/radiorevelacionfm.cl\/?p=23769' aria-hidden='false' data-av_icon='\ue8f1' data-av_iconfont='entypo-fontello' title='' data-avia-related-tooltip='Compartir en Twitter' rel=\"noopener\"><span class='avia_hidden_link_text'>Compartir en Twitter<\/span><\/a><\/li><li class='av-share-link av-social-link-whatsapp' ><a target=\"_blank\" aria-label=\"Compartir en Whatsapp\" href='https:\/\/api.whatsapp.com\/send?text=https:\/\/radiorevelacionfm.cl\/?p=23769' aria-hidden='false' data-av_icon='\uf232' data-av_iconfont='entypo-fontello' title='' data-avia-related-tooltip='Compartir en Whatsapp' rel=\"noopener\"><span class='avia_hidden_link_text'>Compartir en Whatsapp<\/span><\/a><\/li><li class='av-share-link av-social-link-linkedin' ><a target=\"_blank\" aria-label=\"Compartir en LinkedIn\" href='https:\/\/linkedin.com\/shareArticle?mini=true&#038;title=Estudiantes%20de%20Puerto%20Aguirre%20y%20Caleta%20Andrade%20participaron%20activamente%20en%20taller%20de%20planificaci%C3%B3n%20territorial%20del%20Minvu&#038;url=https:\/\/radiorevelacionfm.cl\/?p=23769' aria-hidden='false' data-av_icon='\ue8fc' data-av_iconfont='entypo-fontello' title='' data-avia-related-tooltip='Compartir en LinkedIn' rel=\"noopener\"><span class='avia_hidden_link_text'>Compartir en LinkedIn<\/span><\/a><\/li><li class='av-share-link av-social-link-mail' ><a  aria-label=\"Compartir por correo\" href='mailto:?subject=Estudiantes%20de%20Puerto%20Aguirre%20y%20Caleta%20Andrade%20participaron%20activamente%20en%20taller%20de%20planificaci%C3%B3n%20territorial%20del%20Minvu&#038;body=https:\/\/radiorevelacionfm.cl\/?p=23769' aria-hidden='false' data-av_icon='\ue805' data-av_iconfont='entypo-fontello' title='' data-avia-related-tooltip='Compartir por correo'><span class='avia_hidden_link_text'>Compartir por correo<\/span><\/a><\/li><\/ul><\/div><\/div>\n<div  style='height:50px' class='hr hr-invisible   avia-builder-el-8  el_after_av_social_share  el_before_av_comments_list '><span class='hr-inner ' ><span class='hr-inner-style'><\/span><\/span><\/div>\n<div  class='av-buildercomment  av-blog-meta-html-info-disabled av-blog-meta-tag-disabled  '><\/div>\n","protected":false},"excerpt":{"rendered":"","protected":false},"author":1,"featured_media":23770,"comment_status":"open","ping_status":"open","sticky":false,"template":"","format":"standard","meta":{"footnotes":""},"categories":[57],"tags":[],"class_list":["post-23769","post","type-post","status-publish","format-standard","has-post-thumbnail","hentry","category-vivienda"],"jetpack_featured_media_url":"https:\/\/radiorevelacionfm.cl\/wp-content\/uploads\/2022\/11\/trabajo-grupal-taller-Minvu-Islas-Huichas-1-1.jpeg","_links":{"self":[{"href":"https:\/\/radiorevelacionfm.cl\/index.php?rest_route=\/wp\/v2\/posts\/23769","targetHints":{"allow":["GET"]}}],"collection":[{"href":"https:\/\/radiorevelacionfm.cl\/index.php?rest_route=\/wp\/v2\/posts"}],"about":[{"href":"https:\/\/radiorevelacionfm.cl\/index.php?rest_route=\/wp\/v2\/types\/post"}],"author":[{"embeddable":true,"href":"https:\/\/radiorevelacionfm.cl\/index.php?rest_route=\/wp\/v2\/users\/1"}],"replies":[{"embeddable":true,"href":"https:\/\/radiorevelacionfm.cl\/index.php?rest_route=%2Fwp%2Fv2%2Fcomments&post=23769"}],"version-history":[{"count":2,"href":"https:\/\/radiorevelacionfm.cl\/index.php?rest_route=\/wp\/v2\/posts\/23769\/revisions"}],"predecessor-version":[{"id":23778,"href":"https:\/\/radiorevelacionfm.cl\/index.php?rest_route=\/wp\/v2\/posts\/23769\/revisions\/23778"}],"wp:featuredmedia":[{"embeddable":true,"href":"https:\/\/radiorevelacionfm.cl\/index.php?rest_route=\/wp\/v2\/media\/23770"}],"wp:attachment":[{"href":"https:\/\/radiorevelacionfm.cl\/index.php?rest_route=%2Fwp%2Fv2%2Fmedia&parent=23769"}],"wp:term":[{"taxonomy":"category","embeddable":true,"href":"https:\/\/radiorevelacionfm.cl\/index.php?rest_route=%2Fwp%2Fv2%2Fcategories&post=23769"},{"taxonomy":"post_tag","embeddable":true,"href":"https:\/\/radiorevelacionfm.cl\/index.php?rest_route=%2Fwp%2Fv2%2Ftags&post=23769"}],"curies":[{"name":"wp","href":"https:\/\/api.w.org\/{rel}","templated":true}]}}