{"id":23765,"date":"2022-11-03T16:34:17","date_gmt":"2022-11-03T19:34:17","guid":{"rendered":"https:\/\/radiorevelacionfm.cl\/?p=23765"},"modified":"2022-11-03T16:34:17","modified_gmt":"2022-11-03T19:34:17","slug":"serviu-instruye-sumario-a-funcionario-involucrado-en-golpiza-a-reportero-de-aysen","status":"publish","type":"post","link":"https:\/\/radiorevelacionfm.cl\/?p=23765","title":{"rendered":"Serviu instruye sumario a funcionario involucrado en golpiza a reportero de Ays\u00e9n"},"content":{"rendered":"<div class=\"flex_column av_one_full  flex_column_div av-zero-column-padding first  avia-builder-el-0  el_before_av_one_full  avia-builder-el-first  \" style='border-radius:0px; '><div  class='avia-image-container  av-styling-    avia-builder-el-1  avia-builder-el-no-sibling  avia-align-center '  itemprop=\"image\" itemscope=\"itemscope\" itemtype=\"https:\/\/schema.org\/ImageObject\"  ><div class='avia-image-container-inner'><div class='avia-image-overlay-wrap'><img decoding=\"async\" class='wp-image-23766 avia-img-lazy-loading-not-23766 avia_image' src=\"https:\/\/radiorevelacionfm.cl\/wp-content\/uploads\/2022\/11\/edificio-serviu-lateral-2-1_optimized-1.jpg\" alt='' title='edificio-serviu-lateral-2-(1)_optimized (1)' height=\"600\" width=\"1073\"  itemprop=\"thumbnailUrl\" srcset=\"https:\/\/radiorevelacionfm.cl\/wp-content\/uploads\/2022\/11\/edificio-serviu-lateral-2-1_optimized-1.jpg 1073w, https:\/\/radiorevelacionfm.cl\/wp-content\/uploads\/2022\/11\/edificio-serviu-lateral-2-1_optimized-1-300x168.jpg 300w, https:\/\/radiorevelacionfm.cl\/wp-content\/uploads\/2022\/11\/edificio-serviu-lateral-2-1_optimized-1-1030x576.jpg 1030w, https:\/\/radiorevelacionfm.cl\/wp-content\/uploads\/2022\/11\/edificio-serviu-lateral-2-1_optimized-1-768x429.jpg 768w, https:\/\/radiorevelacionfm.cl\/wp-content\/uploads\/2022\/11\/edificio-serviu-lateral-2-1_optimized-1-705x394.jpg 705w, https:\/\/radiorevelacionfm.cl\/wp-content\/uploads\/2022\/11\/edificio-serviu-lateral-2-1_optimized-1-600x336.jpg 600w\" sizes=\"(max-width: 1073px) 100vw, 1073px\" \/><\/div><\/div><\/div><\/div><div class=\"flex_column av_one_full  flex_column_div av-zero-column-padding first  avia-builder-el-2  el_after_av_one_full  el_before_av_one_full  column-top-margin\" style='border-radius:0px; '><section class=\"av_textblock_section \"  itemscope=\"itemscope\" itemtype=\"https:\/\/schema.org\/BlogPosting\" itemprop=\"blogPost\" ><div class='avia_textblock  '   itemprop=\"text\" ><p style=\"text-align: center;\"><strong><span style=\"font-size: 18pt;\">Serviu instruye sumario a funcionario involucrado en golpiza a reportero de Ays\u00e9n<\/span><\/strong><\/p>\n<div id=\"gtx-trans\" style=\"position: absolute; left: -50px; top: 4.31534px;\">\n<div class=\"gtx-trans-icon\"><\/div>\n<\/div>\n<\/div><\/section><\/div><div class=\"flex_column av_one_full  flex_column_div av-zero-column-padding first  avia-builder-el-4  el_after_av_one_full  el_before_av_hr  column-top-margin\" style='border-radius:0px; '><section class=\"av_textblock_section \"  itemscope=\"itemscope\" itemtype=\"https:\/\/schema.org\/BlogPosting\" itemprop=\"blogPost\" ><div class='avia_textblock  '   itemprop=\"text\" ><p style=\"text-align: justify;\">El Director (S) del Servicio de Vivienda y Urbanizaci\u00f3n (Serviu), Eduardo Navarro Carrasco, instruy\u00f3 en esta jornada un sumario administrativo en contra del funcionario perteneciente a la Delegaci\u00f3n de Puerto Ays\u00e9n de ese servicio, acusado de golpear al reportero \u00c1ngel Guerrero, el pasado fin de semana, mientras el profesional hac\u00eda una transmisi\u00f3n en vivo para su medio digital.<\/p>\n<p style=\"text-align: justify;\">Seg\u00fan la autoridad del Serviu, se decidi\u00f3 tomar la medida, ya que \u201cla justicia, a trav\u00e9s de la fiscal\u00eda, buscar\u00e1 las responsabilidades penales de la acci\u00f3n de nuestro funcionario y en eso, prestaremos todo el apoyo que se nos requiera. Sin embargo, nosotros, como ente p\u00fablico, debemos tomar conocimiento de las responsabilidades administrativas en esta situaci\u00f3n\u201d.<\/p>\n<p style=\"text-align: justify;\">La acci\u00f3n administrativa, se toma en raz\u00f3n de que \u201clos funcionarios p\u00fablicos estamos normados por el Estatuto Administrativo y este cuerpo legal es enf\u00e1tico en se\u00f1alar que debemos mantener una conducta funcionaria intachable, por lo que la acci\u00f3n se enmarcar\u00eda en buscar si nuestro funcionario falt\u00f3 o no a la probidad administrativa, hecho que ser\u00e1 determinado al final de este proceso\u201d, asegur\u00f3 el Director (S) del Serviu.<\/p>\n<p style=\"text-align: justify;\">\u201cNosotros como Servicio de Vivienda y Urbanizaci\u00f3n, seremos respetuosos de lo que determinen tanto la justicia ordinaria, como tambi\u00e9n lo que establezca nuestro sumario administrativo\u201d, enfatiz\u00f3 la autoridad.<\/p>\n<p style=\"text-align: justify;\">\u201cIgualmente, queremos ser enf\u00e1ticos en condenar cualquier tipo de agresi\u00f3n. La libertad de informar es un derecho ciudadano y nosotros siempre hemos velado porque esa libertad se exprese de manera concreta\u201d, finaliz\u00f3 el Director (S) del Serviu, Eduardo Navarro Carrasco.<\/p>\n<\/div><\/section><\/div><div  style='height:50px' class='hr hr-invisible   avia-builder-el-6  el_after_av_one_full  el_before_av_social_share '><span class='hr-inner ' ><span class='hr-inner-style'><\/span><\/span><\/div><\/p>\n<div  class='av-social-sharing-box  avia-builder-el-7  el_after_av_hr  el_before_av_hr  '><div class='av-share-box'><h5 class='av-share-link-description av-no-toc '>Compartir esta noticia<\/h5><ul class='av-share-box-list noLightbox'><li class='av-share-link av-social-link-facebook' ><a target=\"_blank\" aria-label=\"Compartir en Facebook\" href='https:\/\/www.facebook.com\/sharer.php?u=https:\/\/radiorevelacionfm.cl\/?p=23765&#038;t=Serviu%20instruye%20sumario%20a%20funcionario%20involucrado%20en%20golpiza%20a%20reportero%20de%20Ays%C3%A9n' aria-hidden='false' data-av_icon='\ue8f3' data-av_iconfont='entypo-fontello' title='' data-avia-related-tooltip='Compartir en Facebook' rel=\"noopener\"><span class='avia_hidden_link_text'>Compartir en Facebook<\/span><\/a><\/li><li class='av-share-link av-social-link-twitter' ><a target=\"_blank\" aria-label=\"Compartir en Twitter\" href='https:\/\/twitter.com\/share?text=Serviu%20instruye%20sumario%20a%20funcionario%20involucrado%20en%20golpiza%20a%20reportero%20de%20Ays%C3%A9n&#038;url=https:\/\/radiorevelacionfm.cl\/?p=23765' aria-hidden='false' data-av_icon='\ue8f1' data-av_iconfont='entypo-fontello' title='' data-avia-related-tooltip='Compartir en Twitter' rel=\"noopener\"><span class='avia_hidden_link_text'>Compartir en Twitter<\/span><\/a><\/li><li class='av-share-link av-social-link-whatsapp' ><a target=\"_blank\" aria-label=\"Compartir en Whatsapp\" href='https:\/\/api.whatsapp.com\/send?text=https:\/\/radiorevelacionfm.cl\/?p=23765' aria-hidden='false' data-av_icon='\uf232' data-av_iconfont='entypo-fontello' title='' data-avia-related-tooltip='Compartir en Whatsapp' rel=\"noopener\"><span class='avia_hidden_link_text'>Compartir en Whatsapp<\/span><\/a><\/li><li class='av-share-link av-social-link-linkedin' ><a target=\"_blank\" aria-label=\"Compartir en LinkedIn\" href='https:\/\/linkedin.com\/shareArticle?mini=true&#038;title=Serviu%20instruye%20sumario%20a%20funcionario%20involucrado%20en%20golpiza%20a%20reportero%20de%20Ays%C3%A9n&#038;url=https:\/\/radiorevelacionfm.cl\/?p=23765' aria-hidden='false' data-av_icon='\ue8fc' data-av_iconfont='entypo-fontello' title='' data-avia-related-tooltip='Compartir en LinkedIn' rel=\"noopener\"><span class='avia_hidden_link_text'>Compartir en LinkedIn<\/span><\/a><\/li><li class='av-share-link av-social-link-mail' ><a  aria-label=\"Compartir por correo\" href='mailto:?subject=Serviu%20instruye%20sumario%20a%20funcionario%20involucrado%20en%20golpiza%20a%20reportero%20de%20Ays%C3%A9n&#038;body=https:\/\/radiorevelacionfm.cl\/?p=23765' aria-hidden='false' data-av_icon='\ue805' data-av_iconfont='entypo-fontello' title='' data-avia-related-tooltip='Compartir por correo'><span class='avia_hidden_link_text'>Compartir por correo<\/span><\/a><\/li><\/ul><\/div><\/div>\n<div  style='height:50px' class='hr hr-invisible   avia-builder-el-8  el_after_av_social_share  el_before_av_comments_list '><span class='hr-inner ' ><span class='hr-inner-style'><\/span><\/span><\/div>\n<div  class='av-buildercomment  av-blog-meta-html-info-disabled av-blog-meta-tag-disabled  '><\/div>\n","protected":false},"excerpt":{"rendered":"","protected":false},"author":1,"featured_media":23766,"comment_status":"open","ping_status":"open","sticky":false,"template":"","format":"standard","meta":{"footnotes":""},"categories":[38],"tags":[],"class_list":["post-23765","post","type-post","status-publish","format-standard","has-post-thumbnail","hentry","category-regional"],"jetpack_featured_media_url":"https:\/\/radiorevelacionfm.cl\/wp-content\/uploads\/2022\/11\/edificio-serviu-lateral-2-1_optimized-1.jpg","_links":{"self":[{"href":"https:\/\/radiorevelacionfm.cl\/index.php?rest_route=\/wp\/v2\/posts\/23765","targetHints":{"allow":["GET"]}}],"collection":[{"href":"https:\/\/radiorevelacionfm.cl\/index.php?rest_route=\/wp\/v2\/posts"}],"about":[{"href":"https:\/\/radiorevelacionfm.cl\/index.php?rest_route=\/wp\/v2\/types\/post"}],"author":[{"embeddable":true,"href":"https:\/\/radiorevelacionfm.cl\/index.php?rest_route=\/wp\/v2\/users\/1"}],"replies":[{"embeddable":true,"href":"https:\/\/radiorevelacionfm.cl\/index.php?rest_route=%2Fwp%2Fv2%2Fcomments&post=23765"}],"version-history":[{"count":2,"href":"https:\/\/radiorevelacionfm.cl\/index.php?rest_route=\/wp\/v2\/posts\/23765\/revisions"}],"predecessor-version":[{"id":23768,"href":"https:\/\/radiorevelacionfm.cl\/index.php?rest_route=\/wp\/v2\/posts\/23765\/revisions\/23768"}],"wp:featuredmedia":[{"embeddable":true,"href":"https:\/\/radiorevelacionfm.cl\/index.php?rest_route=\/wp\/v2\/media\/23766"}],"wp:attachment":[{"href":"https:\/\/radiorevelacionfm.cl\/index.php?rest_route=%2Fwp%2Fv2%2Fmedia&parent=23765"}],"wp:term":[{"taxonomy":"category","embeddable":true,"href":"https:\/\/radiorevelacionfm.cl\/index.php?rest_route=%2Fwp%2Fv2%2Fcategories&post=23765"},{"taxonomy":"post_tag","embeddable":true,"href":"https:\/\/radiorevelacionfm.cl\/index.php?rest_route=%2Fwp%2Fv2%2Ftags&post=23765"}],"curies":[{"name":"wp","href":"https:\/\/api.w.org\/{rel}","templated":true}]}}