{"id":23758,"date":"2022-11-03T11:55:33","date_gmt":"2022-11-03T14:55:33","guid":{"rendered":"https:\/\/radiorevelacionfm.cl\/?p=23758"},"modified":"2022-11-03T11:55:33","modified_gmt":"2022-11-03T14:55:33","slug":"abre-convocatoria-a-la-5a-jornada-de-oficios-itinerando-por-el-lago-chelenko","status":"publish","type":"post","link":"https:\/\/radiorevelacionfm.cl\/?p=23758","title":{"rendered":"Abre convocatoria a la \u201c5\u00aa Jornada de Oficios: Itinerando por el Lago Chelenko\u201d"},"content":{"rendered":"<div class=\"flex_column av_one_full  flex_column_div av-zero-column-padding first  avia-builder-el-0  el_before_av_one_full  avia-builder-el-first  \" style='border-radius:0px; '><div  class='avia-image-container  av-styling-    avia-builder-el-1  avia-builder-el-no-sibling  avia-align-center '  itemprop=\"image\" itemscope=\"itemscope\" itemtype=\"https:\/\/schema.org\/ImageObject\"  ><div class='avia-image-container-inner'><div class='avia-image-overlay-wrap'><img decoding=\"async\" class='wp-image-23759 avia-img-lazy-loading-not-23759 avia_image' src=\"https:\/\/radiorevelacionfm.cl\/wp-content\/uploads\/2022\/11\/TEJEDORA-1-1.jpg\" alt='' title='TEJEDORA (1) (1)' height=\"600\" width=\"900\"  itemprop=\"thumbnailUrl\" srcset=\"https:\/\/radiorevelacionfm.cl\/wp-content\/uploads\/2022\/11\/TEJEDORA-1-1.jpg 900w, https:\/\/radiorevelacionfm.cl\/wp-content\/uploads\/2022\/11\/TEJEDORA-1-1-300x200.jpg 300w, https:\/\/radiorevelacionfm.cl\/wp-content\/uploads\/2022\/11\/TEJEDORA-1-1-768x512.jpg 768w, https:\/\/radiorevelacionfm.cl\/wp-content\/uploads\/2022\/11\/TEJEDORA-1-1-705x470.jpg 705w, https:\/\/radiorevelacionfm.cl\/wp-content\/uploads\/2022\/11\/TEJEDORA-1-1-600x400.jpg 600w\" sizes=\"(max-width: 900px) 100vw, 900px\" \/><\/div><\/div><\/div><\/div><div class=\"flex_column av_one_full  flex_column_div av-zero-column-padding first  avia-builder-el-2  el_after_av_one_full  el_before_av_one_full  column-top-margin\" style='border-radius:0px; '><section class=\"av_textblock_section \"  itemscope=\"itemscope\" itemtype=\"https:\/\/schema.org\/BlogPosting\" itemprop=\"blogPost\" ><div class='avia_textblock  '   itemprop=\"text\" ><p style=\"text-align: center;\"><strong><span style=\"font-size: 18pt;\">Abre convocatoria a la \u201c5\u00aa Jornada de Oficios: Itinerando por el Lago Chelenko\u201d<\/span><\/strong><\/p>\n<div id=\"gtx-trans\" style=\"position: absolute; left: -50px; top: 4.31534px;\">\n<div class=\"gtx-trans-icon\"><\/div>\n<\/div>\n<\/div><\/section><\/div><div class=\"flex_column av_one_full  flex_column_div av-zero-column-padding first  avia-builder-el-4  el_after_av_one_full  el_before_av_hr  column-top-margin\" style='border-radius:0px; '><section class=\"av_textblock_section \"  itemscope=\"itemscope\" itemtype=\"https:\/\/schema.org\/BlogPosting\" itemprop=\"blogPost\" ><div class='avia_textblock  '   itemprop=\"text\" ><p style=\"font-weight: 400; text-align: justify;\">\u00bfVives al sur de la Regi\u00f3n de Ays\u00e9n: en Puerto Tranquilo, Mallin Grande o Chile Chico? \u00bfPr\u00e1cticas un oficio tradicional o contempor\u00e1neo? \u00bfQuieres aprender nuevas herramientas y tejer redes de colaboraci\u00f3n con otros cultores?<\/p>\n<p style=\"font-weight: 400; text-align: justify;\">Oficios Varios invita a inscribirse en este encuentro formativo e itinerante que se llevar\u00e1 a cabo, entre el 22 y el 27 de noviembre, en diversas localidades del lago General Carrera. Inscr\u00edbete en\u00a0<a href=\"http:\/\/www.oficiosvarios.cl\/\" data-saferedirecturl=\"https:\/\/www.google.com\/url?q=http:\/\/www.oficiosvarios.cl\/&amp;source=gmail&amp;ust=1667571383709000&amp;usg=AOvVaw1BsmQqQYmMvq2EchwoXNSd\">www.oficiosvarios.cl<\/a><\/p>\n<p style=\"font-weight: 400; text-align: justify;\">Experimentar con la creaci\u00f3n de c\u00e1psulas sonoras, aprender puntos junto a una de las destacadas Bordadoras del Baker, construir colectivamente una cartograf\u00eda de la cuenca del lago General Carrera o \u201cChelenko\u201d, como se le llamaba antiguamente, y reflexionar sobre la situaci\u00f3n actual de los oficios en este territorio, son parte de las experiencias contempladas en la Jornada de Oficios, que buscar abrir un espacio de encuentro, aprendizaje y colaboraci\u00f3n entre cultores y cultoras.<\/p>\n<p style=\"font-weight: 400; text-align: justify;\">Quienes desarrollan los m\u00e1s diversos oficios tradicionales o contempor\u00e1neos, como el tejido, la ilustraci\u00f3n, el huerto, el muralismo, la artesan\u00eda en m\u00e1rmol, el canto y la fotograf\u00eda, son convocados a inscribirse y sumarse a esta iniciativa impulsada por la Organizaci\u00f3n Oficios Varios y financiada por el Fondo Nacional de Desarrollo Cultural y Las Artes, Convocatoria 2021.<\/p>\n<p style=\"font-weight: 400; text-align: justify;\">\u201cDesde Oficios Varios, les queremos invitar a participar de la quinta Jornada de Oficios, la primera que haremos en zonas rurales y de forma itinerante. En estos meses de trabajo, nos hemos reunido con distintas agrupaciones de la cuenca del lago General Carrera, para llegar mejor preparadas y tener una experiencia colaborativa, en donde podamos compartir conocimientos entre personas dedicadas a los oficios. Habr\u00e1n espacios formativos enfocados en diversas \u00e1reas, por lo que proyectamos que sea una jornada provechosa para todos y todas. Los invitamos a inscribirse para participar de esta experiencia, a trav\u00e9s de los distintos canales que hemos puesto a disposici\u00f3n\u201d, comenta la dise\u00f1adora Paulina Fuentes, representante de la Organizaci\u00f3n Oficios Varios.<\/p>\n<p style=\"font-weight: 400; text-align: justify;\"><strong>Descentralizando los oficios<\/strong><\/p>\n<p style=\"font-weight: 400; text-align: justify;\">Primero fue Santiago, despu\u00e9s Valdivia y luego Valpara\u00edso. El a\u00f1o 2021 fue el turno de la Regi\u00f3n de Ays\u00e9n, donde la Jornada de Oficios tuvo que desarrollarse en forma virtual, por el contexto de pandemia, lo que a su vez permiti\u00f3 que cultores y cultoras desde Melinka a Caleta Tortel pudieran participar del programa formativo a distancia. Esta quinta versi\u00f3n llegar\u00e1 al lago General Carrera, para realizarse los d\u00edas 22 y 23 de noviembre en Puerto R\u00edo Tranquilo, 24 de noviembre en Mall\u00edn Grande y 25 y 26 de noviembre en Chile Chico.<\/p>\n<p style=\"font-weight: 400; text-align: justify;\">\u201cEs muy importante abrir espacios creativos de manera descentralizada, sobre todo con localidades m\u00e1s aisladas donde habitamos personas que nos dedicamos a distintas artes y oficios\u201d, se\u00f1ala una de las talleristas invitadas, la muralista Leyla S\u00e1nchez proveniente de Puerto Ib\u00e1\u00f1ez. \u201cSi bien compartimos el lago Chelenko como fuente de vida e inspiraci\u00f3n, las distancias entre las localidades y las dificultades de acceso hacen dif\u00edcil incluso conocernos entre quienes nos dedicamos al \u00e1rea creativa. Entonces, esta Jornada de Oficios siento que es un sue\u00f1o que se cumple, para generar redes, conocernos entre agentes culturales, intercambiar experiencias, miradas y tambi\u00e9n las dificultades de nuestros oficios en este territorio; y so\u00f1ar con futuras experiencias para alimentar una red creativa que navega en la belleza y la intensidad del lago Chelenko\u201d, comenta una de las once integrantes del equipo de facilitadores de la Jornada de Oficios, quienes provienen de diversos lugares de Chile, desde el valle del Aconcagua hasta la Patagonia.<\/p>\n<p style=\"font-weight: 400; text-align: justify;\">Esta iniciativa contempla espacios formativos dedicados a la ilustraci\u00f3n, pintura con minerales, comunicaciones, bordado patag\u00f3n y radio comunitaria. Tambi\u00e9n se realizar\u00e1 un trabajo colectivo de cartograf\u00eda para mapear los oficios que co-habitan en el lago General Carrera y un conversatorio para profundizar en torno a la situaci\u00f3n actual de los cultores de cada comunidad, cu\u00e1les son las problem\u00e1ticas que los afectan y las posibles soluciones que se podr\u00edan implementar.<\/p>\n<p style=\"font-weight: 400; text-align: justify;\">\u00bfC\u00f3mo participar? Debes vivir en estos territorios (o en Bah\u00eda Murta y Puerto S\u00e1nchez, quienes ser\u00e1n invitados a participar de la jornada en Puerto R\u00edo Tranquilo), ser mayor de edad y desarrollar un oficio hace m\u00e1s de dos a\u00f1os. Si cumples con estos requisitos, puedes inscribirte en un formulario que encontrar\u00e1s en la p\u00e1gina\u00a0<a href=\"http:\/\/www.oficios\/\" data-saferedirecturl=\"https:\/\/www.google.com\/url?q=http:\/\/www.oficios\/&amp;source=gmail&amp;ust=1667571383709000&amp;usg=AOvVaw1MP4QlDhlwrhCiYt9aGGbP\">www.oficiosvarios.cl<\/a>\u00a0o en el whatsapp +56982710034. Las inscripciones estar\u00e1n abiertas hasta el d\u00eda 11 de noviembre del 2022.<\/p>\n<\/div><\/section><\/div><div  style='height:50px' class='hr hr-invisible   avia-builder-el-6  el_after_av_one_full  el_before_av_social_share '><span class='hr-inner ' ><span class='hr-inner-style'><\/span><\/span><\/div><\/p>\n<div  class='av-social-sharing-box  avia-builder-el-7  el_after_av_hr  el_before_av_hr  '><div class='av-share-box'><h5 class='av-share-link-description av-no-toc '>Compartir esta noticia<\/h5><ul class='av-share-box-list noLightbox'><li class='av-share-link av-social-link-facebook' ><a target=\"_blank\" aria-label=\"Compartir en Facebook\" href='https:\/\/www.facebook.com\/sharer.php?u=https:\/\/radiorevelacionfm.cl\/?p=23758&#038;t=Abre%20convocatoria%20a%20la%20%E2%80%9C5%C2%AA%20Jornada%20de%20Oficios%3A%20Itinerando%20por%20el%20Lago%20Chelenko%E2%80%9D' aria-hidden='false' data-av_icon='\ue8f3' data-av_iconfont='entypo-fontello' title='' data-avia-related-tooltip='Compartir en Facebook' rel=\"noopener\"><span class='avia_hidden_link_text'>Compartir en Facebook<\/span><\/a><\/li><li class='av-share-link av-social-link-twitter' ><a target=\"_blank\" aria-label=\"Compartir en Twitter\" href='https:\/\/twitter.com\/share?text=Abre%20convocatoria%20a%20la%20%E2%80%9C5%C2%AA%20Jornada%20de%20Oficios%3A%20Itinerando%20por%20el%20Lago%20Chelenko%E2%80%9D&#038;url=https:\/\/radiorevelacionfm.cl\/?p=23758' aria-hidden='false' data-av_icon='\ue8f1' data-av_iconfont='entypo-fontello' title='' data-avia-related-tooltip='Compartir en Twitter' rel=\"noopener\"><span class='avia_hidden_link_text'>Compartir en Twitter<\/span><\/a><\/li><li class='av-share-link av-social-link-whatsapp' ><a target=\"_blank\" aria-label=\"Compartir en Whatsapp\" href='https:\/\/api.whatsapp.com\/send?text=https:\/\/radiorevelacionfm.cl\/?p=23758' aria-hidden='false' data-av_icon='\uf232' data-av_iconfont='entypo-fontello' title='' data-avia-related-tooltip='Compartir en Whatsapp' rel=\"noopener\"><span class='avia_hidden_link_text'>Compartir en Whatsapp<\/span><\/a><\/li><li class='av-share-link av-social-link-linkedin' ><a target=\"_blank\" aria-label=\"Compartir en LinkedIn\" href='https:\/\/linkedin.com\/shareArticle?mini=true&#038;title=Abre%20convocatoria%20a%20la%20%E2%80%9C5%C2%AA%20Jornada%20de%20Oficios%3A%20Itinerando%20por%20el%20Lago%20Chelenko%E2%80%9D&#038;url=https:\/\/radiorevelacionfm.cl\/?p=23758' aria-hidden='false' data-av_icon='\ue8fc' data-av_iconfont='entypo-fontello' title='' data-avia-related-tooltip='Compartir en LinkedIn' rel=\"noopener\"><span class='avia_hidden_link_text'>Compartir en LinkedIn<\/span><\/a><\/li><li class='av-share-link av-social-link-mail' ><a  aria-label=\"Compartir por correo\" href='mailto:?subject=Abre%20convocatoria%20a%20la%20%E2%80%9C5%C2%AA%20Jornada%20de%20Oficios%3A%20Itinerando%20por%20el%20Lago%20Chelenko%E2%80%9D&#038;body=https:\/\/radiorevelacionfm.cl\/?p=23758' aria-hidden='false' data-av_icon='\ue805' data-av_iconfont='entypo-fontello' title='' data-avia-related-tooltip='Compartir por correo'><span class='avia_hidden_link_text'>Compartir por correo<\/span><\/a><\/li><\/ul><\/div><\/div>\n<div  style='height:50px' class='hr hr-invisible   avia-builder-el-8  el_after_av_social_share  el_before_av_comments_list '><span class='hr-inner ' ><span class='hr-inner-style'><\/span><\/span><\/div>\n<div  class='av-buildercomment  av-blog-meta-html-info-disabled av-blog-meta-tag-disabled  '><\/div>\n","protected":false},"excerpt":{"rendered":"","protected":false},"author":1,"featured_media":23759,"comment_status":"open","ping_status":"open","sticky":false,"template":"","format":"standard","meta":{"footnotes":""},"categories":[52],"tags":[],"class_list":["post-23758","post","type-post","status-publish","format-standard","has-post-thumbnail","hentry","category-cultura"],"jetpack_featured_media_url":"https:\/\/radiorevelacionfm.cl\/wp-content\/uploads\/2022\/11\/TEJEDORA-1-1.jpg","_links":{"self":[{"href":"https:\/\/radiorevelacionfm.cl\/index.php?rest_route=\/wp\/v2\/posts\/23758","targetHints":{"allow":["GET"]}}],"collection":[{"href":"https:\/\/radiorevelacionfm.cl\/index.php?rest_route=\/wp\/v2\/posts"}],"about":[{"href":"https:\/\/radiorevelacionfm.cl\/index.php?rest_route=\/wp\/v2\/types\/post"}],"author":[{"embeddable":true,"href":"https:\/\/radiorevelacionfm.cl\/index.php?rest_route=\/wp\/v2\/users\/1"}],"replies":[{"embeddable":true,"href":"https:\/\/radiorevelacionfm.cl\/index.php?rest_route=%2Fwp%2Fv2%2Fcomments&post=23758"}],"version-history":[{"count":2,"href":"https:\/\/radiorevelacionfm.cl\/index.php?rest_route=\/wp\/v2\/posts\/23758\/revisions"}],"predecessor-version":[{"id":23761,"href":"https:\/\/radiorevelacionfm.cl\/index.php?rest_route=\/wp\/v2\/posts\/23758\/revisions\/23761"}],"wp:featuredmedia":[{"embeddable":true,"href":"https:\/\/radiorevelacionfm.cl\/index.php?rest_route=\/wp\/v2\/media\/23759"}],"wp:attachment":[{"href":"https:\/\/radiorevelacionfm.cl\/index.php?rest_route=%2Fwp%2Fv2%2Fmedia&parent=23758"}],"wp:term":[{"taxonomy":"category","embeddable":true,"href":"https:\/\/radiorevelacionfm.cl\/index.php?rest_route=%2Fwp%2Fv2%2Fcategories&post=23758"},{"taxonomy":"post_tag","embeddable":true,"href":"https:\/\/radiorevelacionfm.cl\/index.php?rest_route=%2Fwp%2Fv2%2Ftags&post=23758"}],"curies":[{"name":"wp","href":"https:\/\/api.w.org\/{rel}","templated":true}]}}