{"id":23748,"date":"2022-11-03T09:19:20","date_gmt":"2022-11-03T12:19:20","guid":{"rendered":"https:\/\/radiorevelacionfm.cl\/?p=23748"},"modified":"2022-11-03T09:36:25","modified_gmt":"2022-11-03T12:36:25","slug":"junji-lanza-campana-de-inscripcion-2023-en-plaza-de-puerto-aysen","status":"publish","type":"post","link":"https:\/\/radiorevelacionfm.cl\/?p=23748","title":{"rendered":"JUNJI lanza campa\u00f1a de inscripci\u00f3n a Jardines Infantiles 2023"},"content":{"rendered":"<div class=\"flex_column av_one_full  flex_column_div av-zero-column-padding first  avia-builder-el-0  el_before_av_one_full  avia-builder-el-first  \" style='border-radius:0px; '><div  class='avia-image-container  av-styling-    avia-builder-el-1  avia-builder-el-no-sibling  avia-align-center '  itemprop=\"image\" itemscope=\"itemscope\" itemtype=\"https:\/\/schema.org\/ImageObject\"  ><div class='avia-image-container-inner'><div class='avia-image-overlay-wrap'><img decoding=\"async\" class='wp-image-23749 avia-img-lazy-loading-not-23749 avia_image' src=\"https:\/\/radiorevelacionfm.cl\/wp-content\/uploads\/2022\/11\/junji_inscripcion-1_optimized-1.jpg\" alt='' title='junji_inscripcion-(1)_optimized (1)' height=\"600\" width=\"800\"  itemprop=\"thumbnailUrl\" srcset=\"https:\/\/radiorevelacionfm.cl\/wp-content\/uploads\/2022\/11\/junji_inscripcion-1_optimized-1.jpg 800w, https:\/\/radiorevelacionfm.cl\/wp-content\/uploads\/2022\/11\/junji_inscripcion-1_optimized-1-300x225.jpg 300w, https:\/\/radiorevelacionfm.cl\/wp-content\/uploads\/2022\/11\/junji_inscripcion-1_optimized-1-768x576.jpg 768w, https:\/\/radiorevelacionfm.cl\/wp-content\/uploads\/2022\/11\/junji_inscripcion-1_optimized-1-705x529.jpg 705w, https:\/\/radiorevelacionfm.cl\/wp-content\/uploads\/2022\/11\/junji_inscripcion-1_optimized-1-600x450.jpg 600w\" sizes=\"(max-width: 800px) 100vw, 800px\" \/><\/div><\/div><\/div><\/div>\n<div class=\"flex_column av_one_full  flex_column_div av-zero-column-padding first  avia-builder-el-2  el_after_av_one_full  el_before_av_one_full  column-top-margin\" style='border-radius:0px; '><section class=\"av_textblock_section \"  itemscope=\"itemscope\" itemtype=\"https:\/\/schema.org\/BlogPosting\" itemprop=\"blogPost\" ><div class='avia_textblock  '   itemprop=\"text\" ><p style=\"text-align: center;\"><strong><span style=\"font-size: 18pt;\">JUNJI lanza campa\u00f1a de inscripci\u00f3n a Jardines Infantiles 2023<\/span><\/strong><\/p>\n<\/div><\/section><\/div><div class=\"flex_column av_one_full  flex_column_div av-zero-column-padding first  avia-builder-el-4  el_after_av_one_full  el_before_av_hr  column-top-margin\" style='border-radius:0px; '><section class=\"av_textblock_section \"  itemscope=\"itemscope\" itemtype=\"https:\/\/schema.org\/BlogPosting\" itemprop=\"blogPost\" ><div class='avia_textblock  '   itemprop=\"text\" ><p style=\"text-align: justify;\">Los primeros a\u00f1os de vida son fundamentales para el desarrollo integral de toda persona. Por eso la Junta Nacional de Jardines Infantiles (JUNJI) lanza la campa\u00f1a de inscripci\u00f3n 2023 \u201cEncontr\u00e9monos en el jard\u00edn, cuenta con JUNJI\u201d para crear una cultura de la asistencia y que ni\u00f1os y ni\u00f1as no falten a las salas cuna y jardines infantiles.<\/p>\n<p style=\"text-align: justify;\">Es en este contexto que JUNJI Ays\u00e9n junto a sus comunidades educativas de la provincia de Ays\u00e9n agenda este jueves 03 de noviembre desde las 11 am la Feria SIM2023. Diversas actividades est\u00e1n preparando los diferentes jardines de Coyhaique para mostrar en vivo a la comunidad el trabajo que se realiza con ni\u00f1os y ni\u00f1as de 0 a 4 a\u00f1os. El c\u00f3mo a trav\u00e9s de diversas estrategias se entrega educaci\u00f3n parvularia de calidad, que favorece el bienestar y desarrollo integral de los y las p\u00e1rvulos, en ambientes educativos intencionados y significativos, mediante equipos pedag\u00f3gicos de excelencia y en estrecho v\u00ednculo con las familias.<\/p>\n<p style=\"text-align: justify;\">La educaci\u00f3n y bienestar integral son un derecho humano. En los jardines infantiles hay equipos educativos preparados que dise\u00f1an y elaboran diversas estrategias para entregar experiencias pedag\u00f3gicas que ser\u00e1n significativas para los ni\u00f1os y ni\u00f1as, en la medida que asisten frecuentemente al jard\u00edn infantil y as\u00ed aprendan por medio del juego a socializar, adquirir h\u00e1bitos y valores como el respeto, la buena convivencia y el compartir.<\/p>\n<p style=\"text-align: justify;\">La Subsecretaria Lagos manifest\u00f3 que \u201cel encierro generado por la pandemia implic\u00f3 que la asistencia al jard\u00edn infantil y sala cuna se viera interrumpida con consecuencias importantes en cuanto al aprendizaje y desarrollo. Por ello, es fundamental que ni\u00f1os y ni\u00f1as retornen cuanto antes a la educaci\u00f3n Parvularia. Invitamos a las familias a confiar en el trabajo que hacemos, y la labor que llevan a cabo los equipos educativos por la educaci\u00f3n de los p\u00e1rvulos, comprometi\u00e9ndose a ser parte activa de este proceso\u201d.<\/p>\n<p style=\"text-align: justify;\">La Vicepresidenta de la JUNJI expres\u00f3 que \u201ccada interacci\u00f3n positiva que se vive en el aula es indispensable. Lo aprendido en casa se refuerza, por lo que la sincron\u00eda del trabajo entre familias y equipos educativos resulta clave. La permanencia en nuestras unidades educativas, m\u00e1s all\u00e1 de lo cognitivo, tambi\u00e9n permite desarrollar habilidades.<\/p>\n<p style=\"text-align: justify;\">El proceso de inscripci\u00f3n a los jardines infantiles p\u00fablicos y gratuitos del Estado se estar\u00e1 desarrollando hasta el viernes 16 de diciembre a las 17:30 horas, principalmente a trav\u00e9s de la plataforma digital Sistema inform\u00e1tico de Inscripci\u00f3n y Matr\u00edcula en el sitio web www.junji.cl (bot\u00f3n \u201cPostula a un jard\u00edn infantil\u201d) o en http:\/\/simonline.junji.gob.cl. Tambi\u00e9n, se puede postular directamente en el jard\u00edn infantil de preferencia o en el SIAC de la JUNJI. Es recomendable que las familias est\u00e9n inscritas en el Registro Social de Hogares (RSH) y que los ni\u00f1os y ni\u00f1as posean RUN (Rol \u00danico Nacional) o IPE (Identificador Provisorio Escolar). En el caso de que sean extranjeros y no posean identificaci\u00f3n, deber\u00e1n solicitar un n\u00famero el IPE por medio del SIAC de la JUNJI o directamente en el jard\u00edn infantil.<\/p>\n<p style=\"text-align: justify;\">Una vez concluido el periodo de inscripci\u00f3n, se realiza la priorizaci\u00f3n, etapa que se extiende entre el 19 al 23 de diciembre. Para esto, se consideran situaciones de vulnerabilidad, establecidas previamente, y el tramo de calificaci\u00f3n socioecon\u00f3mica en el Registro Social de Hogares. En tanto, el periodo de matr\u00edcula se realizar\u00e1 entre el 28 de diciembre y hasta el 13 de enero de 2023.<\/p>\n<p style=\"text-align: justify;\">Este a\u00f1o, la JUNJI ha trabajado en el proyecto denominado \u201cForjando una cultura colaborativa que fomente la asistencia y permanencia\u201d que tiene por objetivo fomentar una cultura de la asistencia y permanencia de la primera infancia. Para eso, se ha potenciado el trabajo articulado y relevado el liderazgo del equipo pedag\u00f3gico.<\/p>\n<\/div><\/section><\/div><\/p>\n<div  style='height:50px' class='hr hr-invisible   avia-builder-el-6  el_after_av_one_full  el_before_av_social_share '><span class='hr-inner ' ><span class='hr-inner-style'><\/span><\/span><\/div>\n<div  class='av-social-sharing-box  avia-builder-el-7  el_after_av_hr  el_before_av_hr  '><div class='av-share-box'><h5 class='av-share-link-description av-no-toc '>Compartir esta noticia<\/h5><ul class='av-share-box-list noLightbox'><li class='av-share-link av-social-link-facebook' ><a target=\"_blank\" aria-label=\"Compartir en Facebook\" href='https:\/\/www.facebook.com\/sharer.php?u=https:\/\/radiorevelacionfm.cl\/?p=23748&#038;t=JUNJI%20lanza%20campa%C3%B1a%20de%20inscripci%C3%B3n%20a%20Jardines%20Infantiles%202023' aria-hidden='false' data-av_icon='\ue8f3' data-av_iconfont='entypo-fontello' title='' data-avia-related-tooltip='Compartir en Facebook' rel=\"noopener\"><span class='avia_hidden_link_text'>Compartir en Facebook<\/span><\/a><\/li><li class='av-share-link av-social-link-twitter' ><a target=\"_blank\" aria-label=\"Compartir en Twitter\" href='https:\/\/twitter.com\/share?text=JUNJI%20lanza%20campa%C3%B1a%20de%20inscripci%C3%B3n%20a%20Jardines%20Infantiles%202023&#038;url=https:\/\/radiorevelacionfm.cl\/?p=23748' aria-hidden='false' data-av_icon='\ue8f1' data-av_iconfont='entypo-fontello' title='' data-avia-related-tooltip='Compartir en Twitter' rel=\"noopener\"><span class='avia_hidden_link_text'>Compartir en Twitter<\/span><\/a><\/li><li class='av-share-link av-social-link-whatsapp' ><a target=\"_blank\" aria-label=\"Compartir en Whatsapp\" href='https:\/\/api.whatsapp.com\/send?text=https:\/\/radiorevelacionfm.cl\/?p=23748' aria-hidden='false' data-av_icon='\uf232' data-av_iconfont='entypo-fontello' title='' data-avia-related-tooltip='Compartir en Whatsapp' rel=\"noopener\"><span class='avia_hidden_link_text'>Compartir en Whatsapp<\/span><\/a><\/li><li class='av-share-link av-social-link-linkedin' ><a target=\"_blank\" aria-label=\"Compartir en LinkedIn\" href='https:\/\/linkedin.com\/shareArticle?mini=true&#038;title=JUNJI%20lanza%20campa%C3%B1a%20de%20inscripci%C3%B3n%20a%20Jardines%20Infantiles%202023&#038;url=https:\/\/radiorevelacionfm.cl\/?p=23748' aria-hidden='false' data-av_icon='\ue8fc' data-av_iconfont='entypo-fontello' title='' data-avia-related-tooltip='Compartir en LinkedIn' rel=\"noopener\"><span class='avia_hidden_link_text'>Compartir en LinkedIn<\/span><\/a><\/li><li class='av-share-link av-social-link-mail' ><a  aria-label=\"Compartir por correo\" href='mailto:?subject=JUNJI%20lanza%20campa%C3%B1a%20de%20inscripci%C3%B3n%20a%20Jardines%20Infantiles%202023&#038;body=https:\/\/radiorevelacionfm.cl\/?p=23748' aria-hidden='false' data-av_icon='\ue805' data-av_iconfont='entypo-fontello' title='' data-avia-related-tooltip='Compartir por correo'><span class='avia_hidden_link_text'>Compartir por correo<\/span><\/a><\/li><\/ul><\/div><\/div>\n<div  style='height:50px' class='hr hr-invisible   avia-builder-el-8  el_after_av_social_share  el_before_av_comments_list '><span class='hr-inner ' ><span class='hr-inner-style'><\/span><\/span><\/div>\n<div  class='av-buildercomment  av-blog-meta-html-info-disabled av-blog-meta-tag-disabled  '><\/div>\n","protected":false},"excerpt":{"rendered":"","protected":false},"author":1,"featured_media":23749,"comment_status":"open","ping_status":"open","sticky":false,"template":"","format":"standard","meta":{"footnotes":""},"categories":[49],"tags":[],"class_list":["post-23748","post","type-post","status-publish","format-standard","has-post-thumbnail","hentry","category-educacion"],"jetpack_featured_media_url":"https:\/\/radiorevelacionfm.cl\/wp-content\/uploads\/2022\/11\/junji_inscripcion-1_optimized-1.jpg","_links":{"self":[{"href":"https:\/\/radiorevelacionfm.cl\/index.php?rest_route=\/wp\/v2\/posts\/23748","targetHints":{"allow":["GET"]}}],"collection":[{"href":"https:\/\/radiorevelacionfm.cl\/index.php?rest_route=\/wp\/v2\/posts"}],"about":[{"href":"https:\/\/radiorevelacionfm.cl\/index.php?rest_route=\/wp\/v2\/types\/post"}],"author":[{"embeddable":true,"href":"https:\/\/radiorevelacionfm.cl\/index.php?rest_route=\/wp\/v2\/users\/1"}],"replies":[{"embeddable":true,"href":"https:\/\/radiorevelacionfm.cl\/index.php?rest_route=%2Fwp%2Fv2%2Fcomments&post=23748"}],"version-history":[{"count":3,"href":"https:\/\/radiorevelacionfm.cl\/index.php?rest_route=\/wp\/v2\/posts\/23748\/revisions"}],"predecessor-version":[{"id":23753,"href":"https:\/\/radiorevelacionfm.cl\/index.php?rest_route=\/wp\/v2\/posts\/23748\/revisions\/23753"}],"wp:featuredmedia":[{"embeddable":true,"href":"https:\/\/radiorevelacionfm.cl\/index.php?rest_route=\/wp\/v2\/media\/23749"}],"wp:attachment":[{"href":"https:\/\/radiorevelacionfm.cl\/index.php?rest_route=%2Fwp%2Fv2%2Fmedia&parent=23748"}],"wp:term":[{"taxonomy":"category","embeddable":true,"href":"https:\/\/radiorevelacionfm.cl\/index.php?rest_route=%2Fwp%2Fv2%2Fcategories&post=23748"},{"taxonomy":"post_tag","embeddable":true,"href":"https:\/\/radiorevelacionfm.cl\/index.php?rest_route=%2Fwp%2Fv2%2Ftags&post=23748"}],"curies":[{"name":"wp","href":"https:\/\/api.w.org\/{rel}","templated":true}]}}