{"id":23739,"date":"2022-11-02T19:23:26","date_gmt":"2022-11-02T22:23:26","guid":{"rendered":"https:\/\/radiorevelacionfm.cl\/?p=23739"},"modified":"2022-11-02T19:23:26","modified_gmt":"2022-11-02T22:23:26","slug":"mas-de-4-800-movimientos-migratorios-hubo-este-fin-de-semana-en-pasos-fronterizos-de-aysen","status":"publish","type":"post","link":"https:\/\/radiorevelacionfm.cl\/?p=23739","title":{"rendered":"M\u00e1s de 4.800 movimientos migratorios hubo este fin de semana en pasos fronterizos de Ays\u00e9n"},"content":{"rendered":"<div class=\"flex_column av_one_full  flex_column_div av-zero-column-padding first  avia-builder-el-0  el_before_av_one_full  avia-builder-el-first  \" style='border-radius:0px; '><div  class='avia-image-container  av-styling-    avia-builder-el-1  avia-builder-el-no-sibling  avia-align-center '  itemprop=\"image\" itemscope=\"itemscope\" itemtype=\"https:\/\/schema.org\/ImageObject\"  ><div class='avia-image-container-inner'><div class='avia-image-overlay-wrap'><img decoding=\"async\" class='wp-image-23745 avia-img-lazy-loading-not-23745 avia_image' src=\"https:\/\/radiorevelacionfm.cl\/wp-content\/uploads\/2022\/11\/37910705-1-1-1.jpg\" alt='' title='37910705 (1) (1) (1)' height=\"600\" width=\"800\"  itemprop=\"thumbnailUrl\" srcset=\"https:\/\/radiorevelacionfm.cl\/wp-content\/uploads\/2022\/11\/37910705-1-1-1.jpg 800w, https:\/\/radiorevelacionfm.cl\/wp-content\/uploads\/2022\/11\/37910705-1-1-1-300x225.jpg 300w, https:\/\/radiorevelacionfm.cl\/wp-content\/uploads\/2022\/11\/37910705-1-1-1-768x576.jpg 768w, https:\/\/radiorevelacionfm.cl\/wp-content\/uploads\/2022\/11\/37910705-1-1-1-705x529.jpg 705w, https:\/\/radiorevelacionfm.cl\/wp-content\/uploads\/2022\/11\/37910705-1-1-1-600x450.jpg 600w\" sizes=\"(max-width: 800px) 100vw, 800px\" \/><\/div><\/div><\/div><\/div><div class=\"flex_column av_one_full  flex_column_div av-zero-column-padding first  avia-builder-el-2  el_after_av_one_full  el_before_av_one_full  column-top-margin\" style='border-radius:0px; '><section class=\"av_textblock_section \"  itemscope=\"itemscope\" itemtype=\"https:\/\/schema.org\/BlogPosting\" itemprop=\"blogPost\" ><div class='avia_textblock  '   itemprop=\"text\" ><p style=\"text-align: center;\"><strong><span style=\"font-size: 18pt;\">M\u00e1s de 4.800 movimientos migratorios hubo este fin de semana en pasos fronterizos de Ays\u00e9n<\/span><\/strong><\/p>\n<div id=\"gtx-trans\" style=\"position: absolute; left: -50px; top: 4.31534px;\">\n<div class=\"gtx-trans-icon\"><\/div>\n<\/div>\n<\/div><\/section><\/div><\/p>\n<div class=\"flex_column av_one_full  flex_column_div av-zero-column-padding first  avia-builder-el-4  el_after_av_one_full  el_before_av_hr  column-top-margin\" style='border-radius:0px; '><section class=\"av_textblock_section \"  itemscope=\"itemscope\" itemtype=\"https:\/\/schema.org\/BlogPosting\" itemprop=\"blogPost\" ><div class='avia_textblock  '   itemprop=\"text\" ><p style=\"font-weight: 400; text-align: justify;\">M\u00e1s de 4.800 movimientos migratorios se registraron este fin de semana en pasos fronterizos de la Regi\u00f3n de Ays\u00e9n, de acuerdo al balance proporcionado durante el Comit\u00e9 Policial Regional realizado este mi\u00e9rcoles en la Delegaci\u00f3n Presidencial Regional.<\/p>\n<p style=\"font-weight: 400; text-align: justify;\">La instancia fue encabezada por el Delegado Rodrigo Araya con participaci\u00f3n del Coordinador Regional de Seguridad P\u00fablica, Crist\u00f3bal Barcel\u00f3, Jefe XI Zona de Carabineros, General Patricio Santos, y Prefecta de la Polic\u00eda de Investigaciones de Chile (PDI) Carolina Namor, entre otros asistentes.<\/p>\n<p style=\"font-weight: 400; text-align: justify;\">Rodrigo Araya destac\u00f3 el trabajo mancomunado del conjunto de instituciones dedicadas a que la regi\u00f3n avance hacia una normalizaci\u00f3n del tr\u00e1nsito internacional -especialmente relevante durante el per\u00edodo estival-, con diez pasos operativos desde este uno de noviembre.<\/p>\n<p style=\"font-weight: 400; text-align: justify;\">\u201cTuvimos este fin de semana el inicio de los flujos migratorios a trav\u00e9s de los pasos fronterizos que maneja Carabineros, siete de aquellos se pudieron abrir este uno de noviembre, por lo tanto, vamos a ir viendo c\u00f3mo se van a ir normalizando los flujos migratorios en nuestra regi\u00f3n, como era antes de la pandemia\u201d, destac\u00f3.<\/p>\n<p style=\"font-weight: 400; text-align: justify;\">El General Patricio Santos valor\u00f3 el cumplimiento de las normativas de tr\u00e1nsito por parte de la ciudadan\u00eda, durante sus ingresos y salidas por pasos controlados por la instituci\u00f3n.<\/p>\n<p style=\"font-weight: 400; text-align: justify;\">\u201cEl d\u00eda primero de noviembre se habilit\u00f3 los pasos fronterizos con control exclusivo de Carabineros, en torno a las medidas fitosanitarias, de aduanas, de migraci\u00f3n y sanitarias de regulaci\u00f3n interna. Particularmente el d\u00eda de ayer se registraron alrededor de 80 personas que transitaron en salida e ingresos sin ning\u00fan problema. Por el mes de noviembre los horarios son de 08:00 a 20:00 horas durante noviembre y en diciembre terminamos con cierre a las 21 horas\u201d, detall\u00f3.<\/p>\n<p style=\"font-weight: 400; text-align: justify;\">La Prefecta Carolina Namor de la PDI coincidi\u00f3 en la importancia del trabajo conjunto entre las instituciones y con la ciudadan\u00eda para lograr viajes expeditos y seguros.<\/p>\n<p style=\"font-weight: 400; text-align: justify;\">\u201cTuvimos un importante movimiento en los pasos fronterizos Jeinimeni y Huemules, con un total de 4.736 personas tanto de entrada como de salida. Me gustar\u00eda hacer un llamado a toda la ciudadan\u00eda, para que cuando efect\u00faen estos desplazamientos lleven toda su documentaci\u00f3n, porque permite agilizar el proceso y que esto sea mucho m\u00e1s fluido para toda la ciudadan\u00eda en general\u201d, concluy\u00f3.<\/p>\n<p style=\"font-weight: 400; text-align: justify;\"><strong>Comportamiento de la comunidad en fin de semana largo<\/strong><\/p>\n<p style=\"font-weight: 400; text-align: justify;\">En el Comit\u00e9 Policial se inform\u00f3 asimismo el comportamiento general de la ciudadan\u00eda durante el fin de semana largo, registr\u00e1ndose tres accidentes de tr\u00e1nsito, ninguno de ellos fatales; y cerca de 400 controles vehiculares preventivos.<\/p>\n<p style=\"font-weight: 400; text-align: justify;\">\u201cHicimos cerca de 400 controles vehiculares y pudimos advertir en los ex\u00e1menes de intoxilazer, que tres personas estaban bajo la influencia de alcohol y otras cinco en estado de ebriedad, se adoptaron los procedimientos de rigor. La combinaci\u00f3n de alcohol y conducci\u00f3n nos lleva a una condici\u00f3n adversa de accidentabilidad y de lamentar hechos que puedan afectar a nuestra comunidad, a todas las familias, por lo tanto, el llamado es a evitar este tipo de conductas. Este fin se semana, detuvimos a 29 personas, el 60% vinculadas a acciones de violencia intrafamiliar y de lesiones, por lo tanto, el llamado es a fomentar la cohesi\u00f3n social y evitar cuestiones que puedan derivar en actos de violencia\u201d, puntualiz\u00f3 el General Patricio Santos.<\/p>\n<\/div><\/section><\/div>\n<div  style='height:50px' class='hr hr-invisible   avia-builder-el-6  el_after_av_one_full  el_before_av_social_share '><span class='hr-inner ' ><span class='hr-inner-style'><\/span><\/span><\/div>\n<div  class='av-social-sharing-box  avia-builder-el-7  el_after_av_hr  el_before_av_hr  '><div class='av-share-box'><h5 class='av-share-link-description av-no-toc '>Compartir esta noticia<\/h5><ul class='av-share-box-list noLightbox'><li class='av-share-link av-social-link-facebook' ><a target=\"_blank\" aria-label=\"Compartir en Facebook\" href='https:\/\/www.facebook.com\/sharer.php?u=https:\/\/radiorevelacionfm.cl\/?p=23739&#038;t=M%C3%A1s%20de%204.800%20movimientos%20migratorios%20hubo%20este%20fin%20de%20semana%20en%20pasos%20fronterizos%20de%20Ays%C3%A9n' aria-hidden='false' data-av_icon='\ue8f3' data-av_iconfont='entypo-fontello' title='' data-avia-related-tooltip='Compartir en Facebook' rel=\"noopener\"><span class='avia_hidden_link_text'>Compartir en Facebook<\/span><\/a><\/li><li class='av-share-link av-social-link-twitter' ><a target=\"_blank\" aria-label=\"Compartir en Twitter\" href='https:\/\/twitter.com\/share?text=M%C3%A1s%20de%204.800%20movimientos%20migratorios%20hubo%20este%20fin%20de%20semana%20en%20pasos%20fronterizos%20de%20Ays%C3%A9n&#038;url=https:\/\/radiorevelacionfm.cl\/?p=23739' aria-hidden='false' data-av_icon='\ue8f1' data-av_iconfont='entypo-fontello' title='' data-avia-related-tooltip='Compartir en Twitter' rel=\"noopener\"><span class='avia_hidden_link_text'>Compartir en Twitter<\/span><\/a><\/li><li class='av-share-link av-social-link-whatsapp' ><a target=\"_blank\" aria-label=\"Compartir en Whatsapp\" href='https:\/\/api.whatsapp.com\/send?text=https:\/\/radiorevelacionfm.cl\/?p=23739' aria-hidden='false' data-av_icon='\uf232' data-av_iconfont='entypo-fontello' title='' data-avia-related-tooltip='Compartir en Whatsapp' rel=\"noopener\"><span class='avia_hidden_link_text'>Compartir en Whatsapp<\/span><\/a><\/li><li class='av-share-link av-social-link-linkedin' ><a target=\"_blank\" aria-label=\"Compartir en LinkedIn\" href='https:\/\/linkedin.com\/shareArticle?mini=true&#038;title=M%C3%A1s%20de%204.800%20movimientos%20migratorios%20hubo%20este%20fin%20de%20semana%20en%20pasos%20fronterizos%20de%20Ays%C3%A9n&#038;url=https:\/\/radiorevelacionfm.cl\/?p=23739' aria-hidden='false' data-av_icon='\ue8fc' data-av_iconfont='entypo-fontello' title='' data-avia-related-tooltip='Compartir en LinkedIn' rel=\"noopener\"><span class='avia_hidden_link_text'>Compartir en LinkedIn<\/span><\/a><\/li><li class='av-share-link av-social-link-mail' ><a  aria-label=\"Compartir por correo\" href='mailto:?subject=M%C3%A1s%20de%204.800%20movimientos%20migratorios%20hubo%20este%20fin%20de%20semana%20en%20pasos%20fronterizos%20de%20Ays%C3%A9n&#038;body=https:\/\/radiorevelacionfm.cl\/?p=23739' aria-hidden='false' data-av_icon='\ue805' data-av_iconfont='entypo-fontello' title='' data-avia-related-tooltip='Compartir por correo'><span class='avia_hidden_link_text'>Compartir por correo<\/span><\/a><\/li><\/ul><\/div><\/div>\n<div  style='height:50px' class='hr hr-invisible   avia-builder-el-8  el_after_av_social_share  el_before_av_comments_list '><span class='hr-inner ' ><span class='hr-inner-style'><\/span><\/span><\/div>\n<div  class='av-buildercomment  av-blog-meta-html-info-disabled av-blog-meta-tag-disabled  '><\/div>\n","protected":false},"excerpt":{"rendered":"","protected":false},"author":1,"featured_media":23745,"comment_status":"open","ping_status":"open","sticky":false,"template":"","format":"standard","meta":{"footnotes":""},"categories":[38],"tags":[],"class_list":["post-23739","post","type-post","status-publish","format-standard","has-post-thumbnail","hentry","category-regional"],"jetpack_featured_media_url":"https:\/\/radiorevelacionfm.cl\/wp-content\/uploads\/2022\/11\/37910705-1-1-1.jpg","_links":{"self":[{"href":"https:\/\/radiorevelacionfm.cl\/index.php?rest_route=\/wp\/v2\/posts\/23739","targetHints":{"allow":["GET"]}}],"collection":[{"href":"https:\/\/radiorevelacionfm.cl\/index.php?rest_route=\/wp\/v2\/posts"}],"about":[{"href":"https:\/\/radiorevelacionfm.cl\/index.php?rest_route=\/wp\/v2\/types\/post"}],"author":[{"embeddable":true,"href":"https:\/\/radiorevelacionfm.cl\/index.php?rest_route=\/wp\/v2\/users\/1"}],"replies":[{"embeddable":true,"href":"https:\/\/radiorevelacionfm.cl\/index.php?rest_route=%2Fwp%2Fv2%2Fcomments&post=23739"}],"version-history":[{"count":4,"href":"https:\/\/radiorevelacionfm.cl\/index.php?rest_route=\/wp\/v2\/posts\/23739\/revisions"}],"predecessor-version":[{"id":23747,"href":"https:\/\/radiorevelacionfm.cl\/index.php?rest_route=\/wp\/v2\/posts\/23739\/revisions\/23747"}],"wp:featuredmedia":[{"embeddable":true,"href":"https:\/\/radiorevelacionfm.cl\/index.php?rest_route=\/wp\/v2\/media\/23745"}],"wp:attachment":[{"href":"https:\/\/radiorevelacionfm.cl\/index.php?rest_route=%2Fwp%2Fv2%2Fmedia&parent=23739"}],"wp:term":[{"taxonomy":"category","embeddable":true,"href":"https:\/\/radiorevelacionfm.cl\/index.php?rest_route=%2Fwp%2Fv2%2Fcategories&post=23739"},{"taxonomy":"post_tag","embeddable":true,"href":"https:\/\/radiorevelacionfm.cl\/index.php?rest_route=%2Fwp%2Fv2%2Ftags&post=23739"}],"curies":[{"name":"wp","href":"https:\/\/api.w.org\/{rel}","templated":true}]}}