{"id":23734,"date":"2022-11-02T18:38:25","date_gmt":"2022-11-02T21:38:25","guid":{"rendered":"https:\/\/radiorevelacionfm.cl\/?p=23734"},"modified":"2022-11-02T18:38:25","modified_gmt":"2022-11-02T21:38:25","slug":"estudiantes-de-la-region-viviran-gira-astronomica-que-recorrera-colegios-de-aysen","status":"publish","type":"post","link":"https:\/\/radiorevelacionfm.cl\/?p=23734","title":{"rendered":"Estudiantes de la regi\u00f3n vivir\u00e1n Gira Astron\u00f3mica que recorrer\u00e1 colegios de Ays\u00e9n"},"content":{"rendered":"<div class=\"flex_column av_one_full  flex_column_div av-zero-column-padding first  avia-builder-el-0  el_before_av_one_full  avia-builder-el-first  \" style='border-radius:0px; '><div  class='avia-image-container  av-styling-    avia-builder-el-1  avia-builder-el-no-sibling  avia-align-center '  itemprop=\"image\" itemscope=\"itemscope\" itemtype=\"https:\/\/schema.org\/ImageObject\"  ><div class='avia-image-container-inner'><div class='avia-image-overlay-wrap'><img decoding=\"async\" class='wp-image-23736 avia-img-lazy-loading-not-23736 avia_image' src=\"https:\/\/radiorevelacionfm.cl\/wp-content\/uploads\/2022\/11\/AFICHE-GIRA-ASTRONOMICA-1-1.jpeg\" alt='' title='AFICHE GIRA ASTRONOMICA (1) (1)' height=\"600\" width=\"424\"  itemprop=\"thumbnailUrl\" srcset=\"https:\/\/radiorevelacionfm.cl\/wp-content\/uploads\/2022\/11\/AFICHE-GIRA-ASTRONOMICA-1-1.jpeg 424w, https:\/\/radiorevelacionfm.cl\/wp-content\/uploads\/2022\/11\/AFICHE-GIRA-ASTRONOMICA-1-1-212x300.jpeg 212w\" sizes=\"(max-width: 424px) 100vw, 424px\" \/><\/div><\/div><\/div><\/div><div class=\"flex_column av_one_full  flex_column_div av-zero-column-padding first  avia-builder-el-2  el_after_av_one_full  el_before_av_one_full  column-top-margin\" style='border-radius:0px; '><section class=\"av_textblock_section \"  itemscope=\"itemscope\" itemtype=\"https:\/\/schema.org\/BlogPosting\" itemprop=\"blogPost\" ><div class='avia_textblock  '   itemprop=\"text\" ><p style=\"text-align: center;\"><strong><span style=\"font-size: 18pt;\">Estudiantes de la regi\u00f3n vivir\u00e1n Gira Astron\u00f3mica que recorrer\u00e1 colegios de Ays\u00e9n<\/span><\/strong><\/p>\n<div id=\"gtx-trans\" style=\"position: absolute; left: -50px; top: 4.31534px;\">\n<div class=\"gtx-trans-icon\"><\/div>\n<\/div>\n<\/div><\/section><\/div><div class=\"flex_column av_one_full  flex_column_div av-zero-column-padding first  avia-builder-el-4  el_after_av_one_full  el_before_av_hr  column-top-margin\" style='border-radius:0px; '><section class=\"av_textblock_section \"  itemscope=\"itemscope\" itemtype=\"https:\/\/schema.org\/BlogPosting\" itemprop=\"blogPost\" ><div class='avia_textblock  '   itemprop=\"text\" ><p style=\"text-align: justify;\">La alianza del Instituto Milenio de Astrof\u00edsica MAS con la Comisi\u00f3n de Desaf\u00edos del Futuro del Senado es de larga data, sin embargo, producto de la pandemia estaban suspendidas las actividades presenciales. Este 2022 se retom\u00f3 el proyecto Congreso Futuro en tu comuna el que tendr\u00e1 su cierre en la Regi\u00f3n de Ays\u00e9n, llevando actividades astron\u00f3micas a estudiantes de distintas edades de la zona.<\/p>\n<p style=\"text-align: justify;\">Conocer la historia del Universo, construir nebulosas, modelos de la V\u00eda L\u00e1ctea o aprender sobre los cr\u00e1teres lunares recreando las colisiones de asteroides, es parte de lo que llevar\u00e1 la Gira Astron\u00f3mica a la Regi\u00f3n de Ays\u00e9n, desde el 2 al 4 de noviembre.<\/p>\n<p style=\"text-align: justify;\">Las actividades, organizadas por el Congreso Futuro en tu Comuna y el Instituto Milenio de Astrof\u00edsica MAS, comenzaron en el Colegio Mater Dei de Coyhaique el 2 de noviembre, en donde se invit\u00f3 a la comunidad educativa a conversar en torno a la Exposici\u00f3n \u201cEl Universo a Peque\u00f1a y Gran Escala\u201d, que el MAS realiz\u00f3 gracias a los proyectos de Proyecci\u00f3n al Medio Externo de la Iniciativa Cient\u00edfica Milenio y que se montar\u00e1 en todos los establecimientos que se visiten en los tres d\u00edas del evento.<\/p>\n<p style=\"text-align: justify;\">Luego el equipo de MAS se trasladar\u00e1 al Liceo Polit\u00e9cnico de Ays\u00e9n, el 3 de octubre, donde se dictar\u00e1 la charla \u00abEl Universo del ayer y de hoy\u00bb y un taller did\u00e1ctico que invitar\u00e1 a los estudiantes a construir la V\u00eda L\u00e1ctea. Ese mismo d\u00eda terminar\u00e1 en el Liceo Ra\u00fal Broussain Campino, con la conferencia magistral \u00bfC\u00f3mo reconstruir la historia de la V\u00eda L\u00e1ctea usando f\u00f3siles estelares?\u00bb y se desarrollar\u00e1 el taller \u00abUna nebulosa en tus manos\u00bb. Finalmente, el 4 de noviembre, se cerrar\u00e1n las actividades en el Liceo San Felipe Benicio de Coyhaique, donde adem\u00e1s de la charla se invitar\u00e1 a ni\u00f1os y ni\u00f1as a descubrir c\u00f3mo se formaron los cr\u00e1teres de la Luna.<\/p>\n<p style=\"text-align: justify;\">Para la encargada de divulgaci\u00f3n del MAS, Makarena Estrella Pacheco, \u201cla posibilidad de colaborar con el Congreso Futuro permite ampliar el p\u00fablico de nuestro programa de divulgaci\u00f3n y sobre todo llegar a estudiantes que no siempre tienen la oportunidad de asombrase con lo maravilloso que es el estudio del Universo. Principalmente para regiones extremas las que no siempre pueden contar con este tipo de actividades\u201d.<\/p>\n<p style=\"text-align: justify;\">Por su parte, la Senadora Ximena Ordenes, de la Comisi\u00f3n Desaf\u00edos del Futuro del Senado, manifest\u00f3 la importancia de descentralizar la ciencia aplicada: \u00a8Las y los j\u00f3venes van a tener posibilidad de conocer de manera pr\u00e1ctica c\u00f3mo influye el sol sobre el clima\u00a0de\u00a0la Tierra y c\u00f3mo afecta esto al tiempo, los niveles\u00a0de\u00a0agua y los glaciares. Traer ciencia a las regiones va a motivar a que m\u00e1s mujeres puedan en el futuro dedicarse a trabajar en esta \u00e1rea y aportar al desarrollo regional, considerado esta como un laboratorio al aire libre.<\/p>\n<p style=\"text-align: justify;\">Toda la informaci\u00f3n se puede encontrar en la p\u00e1gina del MAS <a href=\"http:\/\/www.astrofisicamas.cl\">www.astrofisicamas.cl<\/a> o en sus redes sociales @astrofisicamas<\/p>\n<\/div><\/section><\/div><div  style='height:50px' class='hr hr-invisible   avia-builder-el-6  el_after_av_one_full  el_before_av_social_share '><span class='hr-inner ' ><span class='hr-inner-style'><\/span><\/span><\/div><\/p>\n<div  class='av-social-sharing-box  avia-builder-el-7  el_after_av_hr  el_before_av_hr  '><div class='av-share-box'><h5 class='av-share-link-description av-no-toc '>Compartir esta noticia<\/h5><ul class='av-share-box-list noLightbox'><li class='av-share-link av-social-link-facebook' ><a target=\"_blank\" aria-label=\"Compartir en Facebook\" href='https:\/\/www.facebook.com\/sharer.php?u=https:\/\/radiorevelacionfm.cl\/?p=23734&#038;t=Estudiantes%20de%20la%20regi%C3%B3n%20vivir%C3%A1n%20Gira%20Astron%C3%B3mica%20que%20recorrer%C3%A1%20colegios%20de%20Ays%C3%A9n' aria-hidden='false' data-av_icon='\ue8f3' data-av_iconfont='entypo-fontello' title='' data-avia-related-tooltip='Compartir en Facebook' rel=\"noopener\"><span class='avia_hidden_link_text'>Compartir en Facebook<\/span><\/a><\/li><li class='av-share-link av-social-link-twitter' ><a target=\"_blank\" aria-label=\"Compartir en Twitter\" href='https:\/\/twitter.com\/share?text=Estudiantes%20de%20la%20regi%C3%B3n%20vivir%C3%A1n%20Gira%20Astron%C3%B3mica%20que%20recorrer%C3%A1%20colegios%20de%20Ays%C3%A9n&#038;url=https:\/\/radiorevelacionfm.cl\/?p=23734' aria-hidden='false' data-av_icon='\ue8f1' data-av_iconfont='entypo-fontello' title='' data-avia-related-tooltip='Compartir en Twitter' rel=\"noopener\"><span class='avia_hidden_link_text'>Compartir en Twitter<\/span><\/a><\/li><li class='av-share-link av-social-link-whatsapp' ><a target=\"_blank\" aria-label=\"Compartir en Whatsapp\" href='https:\/\/api.whatsapp.com\/send?text=https:\/\/radiorevelacionfm.cl\/?p=23734' aria-hidden='false' data-av_icon='\uf232' data-av_iconfont='entypo-fontello' title='' data-avia-related-tooltip='Compartir en Whatsapp' rel=\"noopener\"><span class='avia_hidden_link_text'>Compartir en Whatsapp<\/span><\/a><\/li><li class='av-share-link av-social-link-linkedin' ><a target=\"_blank\" aria-label=\"Compartir en LinkedIn\" href='https:\/\/linkedin.com\/shareArticle?mini=true&#038;title=Estudiantes%20de%20la%20regi%C3%B3n%20vivir%C3%A1n%20Gira%20Astron%C3%B3mica%20que%20recorrer%C3%A1%20colegios%20de%20Ays%C3%A9n&#038;url=https:\/\/radiorevelacionfm.cl\/?p=23734' aria-hidden='false' data-av_icon='\ue8fc' data-av_iconfont='entypo-fontello' title='' data-avia-related-tooltip='Compartir en LinkedIn' rel=\"noopener\"><span class='avia_hidden_link_text'>Compartir en LinkedIn<\/span><\/a><\/li><li class='av-share-link av-social-link-mail' ><a  aria-label=\"Compartir por correo\" href='mailto:?subject=Estudiantes%20de%20la%20regi%C3%B3n%20vivir%C3%A1n%20Gira%20Astron%C3%B3mica%20que%20recorrer%C3%A1%20colegios%20de%20Ays%C3%A9n&#038;body=https:\/\/radiorevelacionfm.cl\/?p=23734' aria-hidden='false' data-av_icon='\ue805' data-av_iconfont='entypo-fontello' title='' data-avia-related-tooltip='Compartir por correo'><span class='avia_hidden_link_text'>Compartir por correo<\/span><\/a><\/li><\/ul><\/div><\/div>\n<div  style='height:50px' class='hr hr-invisible   avia-builder-el-8  el_after_av_social_share  el_before_av_comments_list '><span class='hr-inner ' ><span class='hr-inner-style'><\/span><\/span><\/div>\n<div  class='av-buildercomment  av-blog-meta-html-info-disabled av-blog-meta-tag-disabled  '><\/div>\n","protected":false},"excerpt":{"rendered":"","protected":false},"author":1,"featured_media":23735,"comment_status":"open","ping_status":"open","sticky":false,"template":"","format":"standard","meta":{"footnotes":""},"categories":[38],"tags":[],"class_list":["post-23734","post","type-post","status-publish","format-standard","has-post-thumbnail","hentry","category-regional"],"jetpack_featured_media_url":"https:\/\/radiorevelacionfm.cl\/wp-content\/uploads\/2022\/11\/AFICHE-GIRA-ASTRONOMICA_0-1-1.jpg","_links":{"self":[{"href":"https:\/\/radiorevelacionfm.cl\/index.php?rest_route=\/wp\/v2\/posts\/23734","targetHints":{"allow":["GET"]}}],"collection":[{"href":"https:\/\/radiorevelacionfm.cl\/index.php?rest_route=\/wp\/v2\/posts"}],"about":[{"href":"https:\/\/radiorevelacionfm.cl\/index.php?rest_route=\/wp\/v2\/types\/post"}],"author":[{"embeddable":true,"href":"https:\/\/radiorevelacionfm.cl\/index.php?rest_route=\/wp\/v2\/users\/1"}],"replies":[{"embeddable":true,"href":"https:\/\/radiorevelacionfm.cl\/index.php?rest_route=%2Fwp%2Fv2%2Fcomments&post=23734"}],"version-history":[{"count":2,"href":"https:\/\/radiorevelacionfm.cl\/index.php?rest_route=\/wp\/v2\/posts\/23734\/revisions"}],"predecessor-version":[{"id":23744,"href":"https:\/\/radiorevelacionfm.cl\/index.php?rest_route=\/wp\/v2\/posts\/23734\/revisions\/23744"}],"wp:featuredmedia":[{"embeddable":true,"href":"https:\/\/radiorevelacionfm.cl\/index.php?rest_route=\/wp\/v2\/media\/23735"}],"wp:attachment":[{"href":"https:\/\/radiorevelacionfm.cl\/index.php?rest_route=%2Fwp%2Fv2%2Fmedia&parent=23734"}],"wp:term":[{"taxonomy":"category","embeddable":true,"href":"https:\/\/radiorevelacionfm.cl\/index.php?rest_route=%2Fwp%2Fv2%2Fcategories&post=23734"},{"taxonomy":"post_tag","embeddable":true,"href":"https:\/\/radiorevelacionfm.cl\/index.php?rest_route=%2Fwp%2Fv2%2Ftags&post=23734"}],"curies":[{"name":"wp","href":"https:\/\/api.w.org\/{rel}","templated":true}]}}